{"id":9825,"date":"2022-04-08T10:03:33","date_gmt":"2022-04-08T08:03:33","guid":{"rendered":"https:\/\/ipaidthat.io\/mag\/?p=9825"},"modified":"2022-04-08T10:03:33","modified_gmt":"2022-04-08T08:03:33","slug":"comment-integrer-la-factur-x-dans-son-entreprise","status":"publish","type":"post","link":"https:\/\/app.ipaidthat.io\/mag\/featured\/comment-integrer-la-factur-x-dans-son-entreprise\/","title":{"rendered":"Comment int\u00e9grer la Factur-X dans son entreprise ?"},"content":{"rendered":"\n<p>Il ne faut pas tarder et attendre l\u2019\u00e9ch\u00e9ance pour op\u00e9rer la <strong>digitalisation de votre gestion comptable<\/strong>. Battre le fer tant qu\u2019il est encore chaud\u2026 Vous connaissez le dicton ? Il en va de m\u00eame concernant la<strong> facturation<\/strong> et la Factur-X. Pour ne pas \u00eatre surpris, vous devez d\u00e8s \u00e0 pr\u00e9sent prendre les devants !&nbsp;<\/p>\n\n\n\n<figure class=\"wp-block-image\"><img decoding=\"async\" src=\"https:\/\/lh3.googleusercontent.com\/QGOYB9kFsGuRP2TGJ8L1soNHbnesA8CQyIixuCr8FnY0AXXl8Cn-SRD11DXtqH1eOna7Stfi7LTm1taHKdUUlCSJ0MVDXgCHguEw6oiL-Aayo1QekA1zr7UnP2I_OjLu_Uyja7JU\" alt=\"\"\/><figcaption><em>Image modifi\u00e9e issue de : storyset.com<\/em><\/figcaption><\/figure>\n\n\n\n<h2 class=\"wp-block-heading\"><span class=\"underline--hover\"><strong>La Factur-X, c&rsquo;est quoi ?<\/strong><\/span><\/h2>\n\n\n\n<p>C\u2019est le mod\u00e8le phare pressenti comme LE standard de g\u00e9n\u00e9ralisation de la facturation \u00e9lectronique. Il r\u00e9pond \u00e0 l\u2019ensemble des attentes des entreprises, car c\u2019est un format mixte qui repr\u00e9sente la facture originale en embarquant un fichier de donn\u00e9es structur\u00e9es (XML).&nbsp;<\/p>\n\n\n\n<p>La facturation \u00e9tant un processus commercial incontournable, elle est requise dans la majorit\u00e9 des <strong>\u00e9changes professionnels<\/strong>. En cela, la <a href=\"https:\/\/www.impots.gouv.fr\/sites\/default\/files\/media\/1_metier\/2_professionnel\/EV\/2_gestion\/290_facturation_electronique\/gt_281021_presentation_specifications_externes.pdf\" target=\"_blank\" rel=\"noreferrer noopener\">d\u00e9mat\u00e9rialisation de la cha\u00eene de facturation<\/a> actuelle pour la retranscrire de mani\u00e8re enti\u00e8rement num\u00e9rique, comporte de grands enjeux :<\/p>\n\n\n\n<ul class=\"wp-block-list\"><li>Techniques \u2192 rendre la transition faisable et compatible pour tous<\/li><li>Relationnels \u2192 fluidifier les \u00e9changes<\/li><li>Environnementaux \u2192 abaisser le rythme de pollution papier gr\u00e2ce \u00e0 la digitalisation des factures (un enjeu d\u2019une importance capitale)<\/li><li>Financiers \u2192 r\u00e9duire les co\u00fbts li\u00e9s \u00e0 la facturation<\/li><\/ul>\n\n\n\n<p>En principe, toutes les entreprises devront, \u00eatre en mesure de la lire ou de la cr\u00e9er d\u2019ici <strong>2026<\/strong>, car elle est la r\u00e9sultante (digitalis\u00e9e) de<strong> donn\u00e9es de facturation accessibles<\/strong> \u00e0 n&rsquo;importe qui pour :<\/p>\n\n\n\n<ul class=\"wp-block-list\"><li>Sa r\u00e9ception<\/li><li>Sa lecture<\/li><li>Son envoi<\/li><\/ul>\n\n\n\n<p>Seul probl\u00e8me, beaucoup ne sont pas encore pr\u00eates et ne savent pas comment op\u00e9rer ce changement !<\/p>\n\n\n\n<h2 class=\"wp-block-heading\"><span class=\"underline--hover\"><strong>PPF ou PDP ?<\/strong><\/span><\/h2>\n\n\n\n<p>Dans toutes les mesures gouvernementales \u00e9tablies depuis peu, on sait d\u2019ores et d\u00e9j\u00e0, que <a href=\"https:\/\/ipaidthat.io\/mag\/comptabilite\/digitalisation-des-factures-reglementations-chorus-pro-ce-qui-vous-attend-dici-2024\/\" target=\"_blank\" rel=\"noreferrer noopener\">Chorus Pro<\/a> est et restera, \u00e0 l\u2019issue du processus de digitalisation des factures, LE PPF attitr\u00e9.&nbsp;<\/p>\n\n\n\n<p>Pour \u00e9tablir une Factur-X, vous aurez donc deux <strong>solutions<\/strong> pour l\u2019envoi de vos factures :<\/p>\n\n\n\n<ul class=\"wp-block-list\"><li>Passer par le Portail Public de Facturation (<strong>PPF<\/strong>) \u2192 Chorus Pro<\/li><li>Passer par la Plateforme de D\u00e9mat\u00e9rialisation Partenaire (<strong>PDP<\/strong>), aussi dit Op\u00e9rateurs de D\u00e9mat\u00e9rialisation (<strong>OD<\/strong>) \u2192 iPaidThat<\/li><\/ul>\n\n\n\n<p>iPaidThat est une plateforme de d\u00e9mat\u00e9rialisation partenaire. \u00c0 travers ses API, notre suite logicielle offre un service \u00e0 <strong>valeur ajout\u00e9e<\/strong> <strong>aux entreprises <\/strong>pour la gestion de leur <strong>comptabilit\u00e9 <\/strong>(factures, devis, <a href=\"https:\/\/ipaidthat.io\/fr\/notes-de-frais\/?utm_source=mag&amp;utm_campaign=menu&amp;utm_content=menu\">notes de frais<\/a>, relance, \u2026).<\/p>\n\n\n\n<p>La synchronisation num\u00e9rique devra \u00e0 tout prix se faire et personne ne pourra d\u00e9roger \u00e0 cette transformation structurelle des modes de facturation.&nbsp;<\/p>\n\n\n\n<p>Ce qui fera la diff\u00e9rence dans cette transition sera le choix d\u2019un <strong>outil de gestion <\/strong>qui r\u00e9pond aux attentes gouvernementales. Votre d\u00e9cision devra \u00eatre motiv\u00e9e par les crit\u00e8res suivants :&nbsp;<\/p>\n\n\n\n<ul class=\"wp-block-list\"><li>La faisabilit\u00e9 : Veiller au respect des <strong>exigences r\u00e9glementaires <\/strong>et \u00e0 la compatibilit\u00e9 des outils existants avec le logiciel choisi<\/li><li>La performance : D\u00e9tenir une solution simple, performante et rapide qui r\u00e9pond \u00e0 vos enjeux strat\u00e9giques et vous permet, non seulement de cr\u00e9er de la valeur ajout\u00e9e en fluidifiant vos \u00e9changes, mais aussi de renforcer votre attractivit\u00e9 en vous lib\u00e9rant du temps<\/li><\/ul>\n\n\n\n<h3 class=\"wp-block-heading\"><strong>Quelles sanctions en cas de retard ?<\/strong><\/h3>\n\n\n\n<p>Attendre trop longtemps et subir le retard de plein fouet serait une tr\u00e8s mauvaise id\u00e9e. En cas de manquement, des sanctions pourraient \u00eatre ex\u00e9cut\u00e9es \u00e0 votre encontre, notamment celles concernant les r\u00e8gles d\u2019<strong>\u00e9dition des factures <\/strong>; qui on le sait, avec une saisie manuelle et r\u00e9p\u00e9titive des donn\u00e9es, peuvent \u00eatre possibles :<\/p>\n\n\n\n<ul class=\"wp-block-list\"><li>Une p\u00e9nalit\u00e9 \u00e0 hauteur de 15\u20ac par mention oubli\u00e9e ou inexacte (plafonn\u00e9e \u00e0 un quart de la facture concern\u00e9e HT)<\/li><li>Une p\u00e9nalit\u00e9 en l\u2019absence de facture ou en pr\u00e9sence d\u2019une facturation suspecte. L&rsquo;amende s\u2019\u00e9l\u00e8ve \u00e0 50% du montant pr\u00e9vu<\/li><li>Des <strong>p\u00e9nalit\u00e9s<\/strong> et des int\u00e9r\u00eats de retard peuvent s\u2019ajouter si l&rsquo;entreprise se soustrait du paiement de la TVA, vend sans facture ou mentionne des prix erron\u00e9s<\/li><li>Une amende de 75 000\u20ac, ainsi qu\u2019une peine pouvant aller de 2 \u00e0 5 ans d\u2019emprisonnement<\/li><li>En cas de r\u00e9cidive dans les 2 ans, l&rsquo;amende peut \u00eatre port\u00e9e \u00e0 150 000\u20ac et 50% de la somme factur\u00e9e (ou qui aurait d\u00fb l&rsquo;\u00eatre)<\/li><\/ul>\n\n\n\n<h2 class=\"wp-block-heading\"><span class=\"underline--hover\"><strong>Comment l\u2019entreprise peut-elle ex\u00e9cuter sa transition ?<\/strong><\/span><\/h2>\n\n\n\n<p><strong>iPaidThat <\/strong>souhaite que chaque entrepreneur, au c\u0153ur de cette r\u00e9forme, soit accompagn\u00e9 par un <strong>logiciel de pr\u00e9-comptabilit\u00e9 adapt\u00e9<\/strong> et compatible avec ces nouveaux besoins. Cette combinaison, dans le passage progressif au num\u00e9rique, est primordiale !<\/p>\n\n\n\n<p>Notre logiciel a pour objectif d\u2019aider les entreprises dans cette nouvelle volont\u00e9 adaptation. Parce qu\u2019il faut se le dire, cela peut devenir un v\u00e9ritable casse-t\u00eate lorsque le terrain n\u2019a pas \u00e9t\u00e9 pr\u00e9par\u00e9 \u00e0 l\u2019avance : Comment op\u00e9rer le passage ? \u00c0 qui faire confiance ? Vers quel logiciel se tourner pour une gestion automatis\u00e9e ?\u2026 Les questions sont nombreuses et souvent sans r\u00e9ponse.<\/p>\n\n\n\n<p>La <strong>Factur-X <\/strong>est une nouvelle th\u00e9matique, qui se d\u00e9finit au cours de son \u00e9volution, ce qui ne facilite pas la t\u00e2che aux dirigeants.<\/p>\n\n\n\n<h2 class=\"wp-block-heading\"><span class=\"underline--hover\"><strong>Comment iPaidThat int\u00e8gre la Factur-X \u00e0 son logiciel de gestion comptable et financi\u00e8re ?<\/strong><\/span><\/h2>\n\n\n\n<figure class=\"wp-block-image size-large\"><img decoding=\"async\" src=\"https:\/\/ipaidthat.io\/mag\/wp-content\/uploads\/2022\/10\/factur-x-ipaidthat-1024x810.png\" alt=\"\" class=\"wp-image-12519\"\/><figcaption>Activer l&rsquo;option Factur-x sur iPaidThat<\/figcaption><\/figure>\n\n\n\n<figure class=\"wp-block-image size-large\"><img decoding=\"async\" src=\"https:\/\/ipaidthat.io\/mag\/wp-content\/uploads\/2022\/04\/factur-x-ipaidthat-1-1024x507.png\" alt=\"factur-x ipaidthat\" class=\"wp-image-12527\"\/><figcaption>\u00c9tapes de validation de la Factur-X sur iPaidThat : correction des informations manquantes, choix du type de document&#8230;<\/figcaption><\/figure>\n\n\n\n<p>iPaidThat est un logiciel de pr\u00e9-comptabilit\u00e9 <strong>compatible au niveau 1<\/strong> de la Factur-X.&nbsp;<\/p>\n\n\n\n<p>Parfaitement en accord avec les normes officielles de ce nouveau mod\u00e8le de facturation, notre suite respecte aussi celles des fichiers PDF certifi\u00e9s \u00e0 <strong>valeur probante<\/strong>. Gr\u00e2ce \u00e0 l\u2019insertion d\u2019une signature \u00e9lectronique ind\u00e9tectable sur chaque document comptable, les fichiers sur votre espace num\u00e9rique restent inalt\u00e9rables.<\/p>\n\n\n\n<p>iPaidThat a vocation \u00e0 assister votre gestion de mani\u00e8re totalement automatis\u00e9e et s\u00e9curis\u00e9e. Nous effectuons d&rsquo;ailleurs, chaque ann\u00e9e, un <strong>audit de s\u00e9curit\u00e9<\/strong> globale afin de garantir la s\u00e9curit\u00e9 de notre plateforme.&nbsp;<\/p>\n\n\n\n<p>\u00c9tant une PDP enti\u00e8rement con\u00e7ue par des<strong> entrepreneurs<\/strong> qui connaissent en d\u00e9tail les probl\u00e9matiques de gestion entrepreneuriale ; iPaidThat est aujourd\u2019hui capable de seconder au mieux plus de 10 000 TPE-PME, dans le respect des exigences li\u00e9es \u00e0 leur r\u00f4le.&nbsp;<\/p>\n\n\n\n<h2 class=\"wp-block-heading\"><span class=\"underline--hover\"><strong>Quelles plus-values pour nos utilisateurs ?<\/strong><\/span><\/h2>\n\n\n\n<p>iPaidThat (PDP) peut, sur son espace en ligne,<strong> recevoir et transmettre les Factur-X<\/strong> sans \u00eatre Chorus Pro. C\u2019est donc un interm\u00e9diaire de confiance entre le Gouvernement et les entreprises.&nbsp;<\/p>\n\n\n\n<p>En effet, Chorus Pro ne sert pour l\u2019instant qu\u2019\u00e0 la facturation. Notre<strong> suite logicielle<\/strong> pr\u00e9-comptable, est ind\u00e9pendamment, plus compl\u00e8te et adapt\u00e9e pour gagner du temps !<\/p>\n\n\n\n<p>Vous naviguez sur une interface moderne, rapide, simple, qui g\u00e8re pour vous l\u2019ensemble des <strong>proc\u00e9d\u00e9s l\u00e9gaux<\/strong> indispensables \u00e0 la sant\u00e9 de votre affaire :<\/p>\n\n\n\n<ul class=\"wp-block-list\"><li>R\u00e9cup\u00e9ration des factures<\/li><li>Saisie automatique des donn\u00e9es<\/li><li>Rapprochement bancaire<\/li><li>Gestion intuitive des notes de frais<\/li><li>Stockage <a href=\"https:\/\/ipaidthat.io\/mag\/comptabilite\/7-raisons-dutiliser-un-logiciel-de-comptabilite-saas\/\" target=\"_blank\" rel=\"noreferrer noopener\">Cloud<\/a><\/li><li>Archivage l\u00e9gal<\/li><li>Valeur probante des documents<\/li><li>Gestion avanc\u00e9e de tr\u00e9sorerie<\/li><li>Paiement instantan\u00e9 depuis l\u2019espace en ligne<\/li><li>Envoi et r\u00e9ception simplifi\u00e9s des Factur-X<\/li><\/ul>\n\n\n\n<p>Au-del\u00e0 de vous d\u00e9charger de ces proc\u00e9d\u00e9s complexes et souvent longs ; notre intelligence artificielle (<strong>IA<\/strong>) envoie automatiquement l\u2019ensemble de vos Factur-X \u00e0 Chorus Pro, plut\u00f4t que de le faire manuellement comme ce serait le cas sans l\u2019outil.<\/p>\n\n\n\n<p>Vous gagnez donc sur tous les points :<\/p>\n\n\n\n<ul class=\"wp-block-list\"><li>R\u00e9duction de la recherche et de la <strong>saisie comptable<\/strong> \u2192 pour moins de frustration<\/li><li>Acc\u00e9l\u00e9ration du processus de traitement et d\u2019envoi \u2192 pour un gain de temps reportable sur des actions cl\u00e9s<\/li><li>Meilleure<strong> tra\u00e7abilit\u00e9<\/strong> de vos \u00e9changes \u2192 une<strong> PDP collaborative<\/strong> pour partager instantan\u00e9ment vos ressources avec vos collaborateurs<\/li><li><strong>Valorisation<\/strong> du digital au regard de l\u2019impact environnementale et de la production de papier<\/li><\/ul>\n\n\n\n<h3 class=\"wp-block-heading\">Un logiciel de pr\u00e9-comptabilit\u00e9 compatible d\u00e8s maintenant ?<\/h3>\n\n\n\n<p>Voici ce qu\u2019ils disent de nous :<\/p>\n\n\n\n<p class=\"has-text-align-center\"><em>\u201c <\/em>Les donn\u00e9es financi\u00e8res et comptables que l\u2019outil permet de r\u00e9cup\u00e9rer sont indispensables \u00e0 la r\u00e9ussite d\u2019une entreprise.<em> \u201d &#8211; Truffle Capital<\/em><\/p>\n\n\n\n<p class=\"has-text-align-center\"><em>\u201c <\/em>Un tel outil est une v\u00e9ritable aubaine pour les entrepreneurs en qu\u00eate de visibilit\u00e9 et de gain de temps. <em>\u201d &#8211; BPI France<\/em><\/p>\n\n\n\n<figure class=\"wp-block-image size-full\"><a href=\"https:\/\/ipaidthat.io\/fr\/?utm_source=mag&amp;utm_campaign=banniere&amp;utm_content=banniere\"><img decoding=\"async\" src=\"https:\/\/ipaidthat.io\/mag\/wp-content\/uploads\/2022\/03\/banniere_mag_blog_compta_8.png\" alt=\"banni\u00e8re_mag_blog_compta_8\" class=\"wp-image-9415\"\/><\/a><\/figure>\n","protected":false},"excerpt":{"rendered":"<p>Il ne faut pas tarder et attendre l\u2019\u00e9ch\u00e9ance pour op\u00e9rer la digitalisation de votre gestion comptable. Battre le fer tant qu\u2019il est encore chaud\u2026 Vous connaissez le dicton ? Il en va de m\u00eame concernant la facturation et la Factur-X. Pour ne pas \u00eatre surpris, vous devez d\u00e8s \u00e0 pr\u00e9sent prendre les devants !&nbsp; La [&hellip;]<\/p>\n","protected":false},"author":4,"featured_media":0,"comment_status":"open","ping_status":"open","sticky":false,"template":"","format":"standard","meta":{"footnotes":""},"categories":[5,4],"tags":[],"class_list":["post-9825","post","type-post","status-publish","format-standard","hentry","category-comptabilite","category-featured"],"yoast_head":"<!-- This site is optimized with the Yoast SEO plugin v26.6 - https:\/\/yoast.com\/wordpress\/plugins\/seo\/ -->\n<title>Comment int\u00e9grer la Factur-X dans son entreprise ?<\/title>\n<meta name=\"description\" content=\"La Factur-X est un v\u00e9ritable enjeu moderne. Les entreprises se doivent d&#039;op\u00e9rer leur transition d\u00e8s maintenant !\" \/>\n<meta name=\"robots\" content=\"index, follow, max-snippet:-1, max-image-preview:large, max-video-preview:-1\" \/>\n<link rel=\"canonical\" href=\"https:\/\/app.ipaidthat.io\/mag\/featured\/comment-integrer-la-factur-x-dans-son-entreprise\/\" \/>\n<meta property=\"og:locale\" content=\"fr_FR\" \/>\n<meta property=\"og:type\" content=\"article\" \/>\n<meta property=\"og:title\" content=\"Comment int\u00e9grer la Factur-X dans son entreprise ?\" \/>\n<meta property=\"og:description\" content=\"La Factur-X est un v\u00e9ritable enjeu moderne. Les entreprises se doivent d&#039;op\u00e9rer leur transition d\u00e8s maintenant !\" \/>\n<meta property=\"og:url\" content=\"https:\/\/app.ipaidthat.io\/mag\/featured\/comment-integrer-la-factur-x-dans-son-entreprise\/\" \/>\n<meta property=\"og:site_name\" content=\"iPaidThat Mag\" \/>\n<meta property=\"article:published_time\" content=\"2022-04-08T08:03:33+00:00\" \/>\n<meta property=\"og:image\" content=\"https:\/\/lh3.googleusercontent.com\/QGOYB9kFsGuRP2TGJ8L1soNHbnesA8CQyIixuCr8FnY0AXXl8Cn-SRD11DXtqH1eOna7Stfi7LTm1taHKdUUlCSJ0MVDXgCHguEw6oiL-Aayo1QekA1zr7UnP2I_OjLu_Uyja7JU\" \/>\n<meta name=\"author\" content=\"S\u00e9bastien Claeys\" \/>\n<meta name=\"twitter:card\" content=\"summary_large_image\" \/>\n<meta name=\"twitter:label1\" content=\"\u00c9crit par\" \/>\n\t<meta name=\"twitter:data1\" content=\"S\u00e9bastien Claeys\" \/>\n\t<meta name=\"twitter:label2\" content=\"Dur\u00e9e de lecture estim\u00e9e\" \/>\n\t<meta name=\"twitter:data2\" content=\"7 minutes\" \/>\n<script type=\"application\/ld+json\" class=\"yoast-schema-graph\">{\"@context\":\"https:\/\/schema.org\",\"@graph\":[{\"@type\":\"Article\",\"@id\":\"https:\/\/app.ipaidthat.io\/mag\/featured\/comment-integrer-la-factur-x-dans-son-entreprise\/#article\",\"isPartOf\":{\"@id\":\"https:\/\/app.ipaidthat.io\/mag\/featured\/comment-integrer-la-factur-x-dans-son-entreprise\/\"},\"author\":{\"name\":\"S\u00e9bastien Claeys\",\"@id\":\"https:\/\/app.ipaidthat.io\/mag\/#\/schema\/person\/021144662586a12df79c88913050baaa\"},\"headline\":\"Comment int\u00e9grer la Factur-X dans son entreprise ?\",\"datePublished\":\"2022-04-08T08:03:33+00:00\",\"mainEntityOfPage\":{\"@id\":\"https:\/\/app.ipaidthat.io\/mag\/featured\/comment-integrer-la-factur-x-dans-son-entreprise\/\"},\"wordCount\":1347,\"commentCount\":0,\"publisher\":{\"@id\":\"https:\/\/app.ipaidthat.io\/mag\/#organization\"},\"image\":{\"@id\":\"https:\/\/app.ipaidthat.io\/mag\/featured\/comment-integrer-la-factur-x-dans-son-entreprise\/#primaryimage\"},\"thumbnailUrl\":\"https:\/\/lh3.googleusercontent.com\/QGOYB9kFsGuRP2TGJ8L1soNHbnesA8CQyIixuCr8FnY0AXXl8Cn-SRD11DXtqH1eOna7Stfi7LTm1taHKdUUlCSJ0MVDXgCHguEw6oiL-Aayo1QekA1zr7UnP2I_OjLu_Uyja7JU\",\"articleSection\":[\"Comptabilit\u00e9\",\"Featured\"],\"inLanguage\":\"fr-FR\",\"potentialAction\":[{\"@type\":\"CommentAction\",\"name\":\"Comment\",\"target\":[\"https:\/\/app.ipaidthat.io\/mag\/featured\/comment-integrer-la-factur-x-dans-son-entreprise\/#respond\"]}]},{\"@type\":\"WebPage\",\"@id\":\"https:\/\/app.ipaidthat.io\/mag\/featured\/comment-integrer-la-factur-x-dans-son-entreprise\/\",\"url\":\"https:\/\/app.ipaidthat.io\/mag\/featured\/comment-integrer-la-factur-x-dans-son-entreprise\/\",\"name\":\"Comment int\u00e9grer la Factur-X dans son entreprise ?\",\"isPartOf\":{\"@id\":\"https:\/\/app.ipaidthat.io\/mag\/#website\"},\"primaryImageOfPage\":{\"@id\":\"https:\/\/app.ipaidthat.io\/mag\/featured\/comment-integrer-la-factur-x-dans-son-entreprise\/#primaryimage\"},\"image\":{\"@id\":\"https:\/\/app.ipaidthat.io\/mag\/featured\/comment-integrer-la-factur-x-dans-son-entreprise\/#primaryimage\"},\"thumbnailUrl\":\"https:\/\/lh3.googleusercontent.com\/QGOYB9kFsGuRP2TGJ8L1soNHbnesA8CQyIixuCr8FnY0AXXl8Cn-SRD11DXtqH1eOna7Stfi7LTm1taHKdUUlCSJ0MVDXgCHguEw6oiL-Aayo1QekA1zr7UnP2I_OjLu_Uyja7JU\",\"datePublished\":\"2022-04-08T08:03:33+00:00\",\"description\":\"La Factur-X est un v\u00e9ritable enjeu moderne. Les entreprises se doivent d'op\u00e9rer leur transition d\u00e8s maintenant !\",\"breadcrumb\":{\"@id\":\"https:\/\/app.ipaidthat.io\/mag\/featured\/comment-integrer-la-factur-x-dans-son-entreprise\/#breadcrumb\"},\"inLanguage\":\"fr-FR\",\"potentialAction\":[{\"@type\":\"ReadAction\",\"target\":[\"https:\/\/app.ipaidthat.io\/mag\/featured\/comment-integrer-la-factur-x-dans-son-entreprise\/\"]}]},{\"@type\":\"ImageObject\",\"inLanguage\":\"fr-FR\",\"@id\":\"https:\/\/app.ipaidthat.io\/mag\/featured\/comment-integrer-la-factur-x-dans-son-entreprise\/#primaryimage\",\"url\":\"https:\/\/lh3.googleusercontent.com\/QGOYB9kFsGuRP2TGJ8L1soNHbnesA8CQyIixuCr8FnY0AXXl8Cn-SRD11DXtqH1eOna7Stfi7LTm1taHKdUUlCSJ0MVDXgCHguEw6oiL-Aayo1QekA1zr7UnP2I_OjLu_Uyja7JU\",\"contentUrl\":\"https:\/\/lh3.googleusercontent.com\/QGOYB9kFsGuRP2TGJ8L1soNHbnesA8CQyIixuCr8FnY0AXXl8Cn-SRD11DXtqH1eOna7Stfi7LTm1taHKdUUlCSJ0MVDXgCHguEw6oiL-Aayo1QekA1zr7UnP2I_OjLu_Uyja7JU\"},{\"@type\":\"BreadcrumbList\",\"@id\":\"https:\/\/app.ipaidthat.io\/mag\/featured\/comment-integrer-la-factur-x-dans-son-entreprise\/#breadcrumb\",\"itemListElement\":[{\"@type\":\"ListItem\",\"position\":1,\"name\":\"Le Mag\",\"item\":\"https:\/\/app.ipaidthat.io\/mag\/\"},{\"@type\":\"ListItem\",\"position\":2,\"name\":\"Comment int\u00e9grer la Factur-X dans son entreprise ?\"}]},{\"@type\":\"WebSite\",\"@id\":\"https:\/\/app.ipaidthat.io\/mag\/#website\",\"url\":\"https:\/\/app.ipaidthat.io\/mag\/\",\"name\":\"IPaidThat Mag\",\"description\":\"Une gestion simple, automatis\u00e9e et collaborative\",\"publisher\":{\"@id\":\"https:\/\/app.ipaidthat.io\/mag\/#organization\"},\"potentialAction\":[{\"@type\":\"SearchAction\",\"target\":{\"@type\":\"EntryPoint\",\"urlTemplate\":\"https:\/\/app.ipaidthat.io\/mag\/?s={search_term_string}\"},\"query-input\":{\"@type\":\"PropertyValueSpecification\",\"valueRequired\":true,\"valueName\":\"search_term_string\"}}],\"inLanguage\":\"fr-FR\"},{\"@type\":\"Organization\",\"@id\":\"https:\/\/app.ipaidthat.io\/mag\/#organization\",\"name\":\"IPaidThat Mag\",\"url\":\"https:\/\/app.ipaidthat.io\/mag\/\",\"logo\":{\"@type\":\"ImageObject\",\"inLanguage\":\"fr-FR\",\"@id\":\"https:\/\/app.ipaidthat.io\/mag\/#\/schema\/logo\/image\/\",\"url\":\"https:\/\/app.ipaidthat.io\/mag\/wp-content\/uploads\/2025\/11\/logo-le-mag-blog-ipaidthat.png\",\"contentUrl\":\"https:\/\/app.ipaidthat.io\/mag\/wp-content\/uploads\/2025\/11\/logo-le-mag-blog-ipaidthat.png\",\"width\":1817,\"height\":524,\"caption\":\"IPaidThat Mag\"},\"image\":{\"@id\":\"https:\/\/app.ipaidthat.io\/mag\/#\/schema\/logo\/image\/\"}},{\"@type\":\"Person\",\"@id\":\"https:\/\/app.ipaidthat.io\/mag\/#\/schema\/person\/021144662586a12df79c88913050baaa\",\"name\":\"S\u00e9bastien Claeys\",\"image\":{\"@type\":\"ImageObject\",\"inLanguage\":\"fr-FR\",\"@id\":\"https:\/\/app.ipaidthat.io\/mag\/#\/schema\/person\/image\/\",\"url\":\"https:\/\/app.ipaidthat.io\/mag\/wp-content\/uploads\/2023\/02\/sebastien-clayes-ipaidthat-96x96.png\",\"contentUrl\":\"https:\/\/app.ipaidthat.io\/mag\/wp-content\/uploads\/2023\/02\/sebastien-clayes-ipaidthat-96x96.png\",\"caption\":\"S\u00e9bastien Claeys\"},\"url\":\"https:\/\/app.ipaidthat.io\/mag\/author\/sebastienipaidthat-io\/\"}]}<\/script>\n<!-- \/ Yoast SEO plugin. -->","yoast_head_json":{"title":"Comment int\u00e9grer la Factur-X dans son entreprise ?","description":"La Factur-X est un v\u00e9ritable enjeu moderne. Les entreprises se doivent d'op\u00e9rer leur transition d\u00e8s maintenant !","robots":{"index":"index","follow":"follow","max-snippet":"max-snippet:-1","max-image-preview":"max-image-preview:large","max-video-preview":"max-video-preview:-1"},"canonical":"https:\/\/app.ipaidthat.io\/mag\/featured\/comment-integrer-la-factur-x-dans-son-entreprise\/","og_locale":"fr_FR","og_type":"article","og_title":"Comment int\u00e9grer la Factur-X dans son entreprise ?","og_description":"La Factur-X est un v\u00e9ritable enjeu moderne. Les entreprises se doivent d'op\u00e9rer leur transition d\u00e8s maintenant !","og_url":"https:\/\/app.ipaidthat.io\/mag\/featured\/comment-integrer-la-factur-x-dans-son-entreprise\/","og_site_name":"iPaidThat Mag","article_published_time":"2022-04-08T08:03:33+00:00","og_image":[{"url":"https:\/\/lh3.googleusercontent.com\/QGOYB9kFsGuRP2TGJ8L1soNHbnesA8CQyIixuCr8FnY0AXXl8Cn-SRD11DXtqH1eOna7Stfi7LTm1taHKdUUlCSJ0MVDXgCHguEw6oiL-Aayo1QekA1zr7UnP2I_OjLu_Uyja7JU","type":"","width":"","height":""}],"author":"S\u00e9bastien Claeys","twitter_card":"summary_large_image","twitter_misc":{"\u00c9crit par":"S\u00e9bastien Claeys","Dur\u00e9e de lecture estim\u00e9e":"7 minutes"},"schema":{"@context":"https:\/\/schema.org","@graph":[{"@type":"Article","@id":"https:\/\/app.ipaidthat.io\/mag\/featured\/comment-integrer-la-factur-x-dans-son-entreprise\/#article","isPartOf":{"@id":"https:\/\/app.ipaidthat.io\/mag\/featured\/comment-integrer-la-factur-x-dans-son-entreprise\/"},"author":{"name":"S\u00e9bastien Claeys","@id":"https:\/\/app.ipaidthat.io\/mag\/#\/schema\/person\/021144662586a12df79c88913050baaa"},"headline":"Comment int\u00e9grer la Factur-X dans son entreprise ?","datePublished":"2022-04-08T08:03:33+00:00","mainEntityOfPage":{"@id":"https:\/\/app.ipaidthat.io\/mag\/featured\/comment-integrer-la-factur-x-dans-son-entreprise\/"},"wordCount":1347,"commentCount":0,"publisher":{"@id":"https:\/\/app.ipaidthat.io\/mag\/#organization"},"image":{"@id":"https:\/\/app.ipaidthat.io\/mag\/featured\/comment-integrer-la-factur-x-dans-son-entreprise\/#primaryimage"},"thumbnailUrl":"https:\/\/lh3.googleusercontent.com\/QGOYB9kFsGuRP2TGJ8L1soNHbnesA8CQyIixuCr8FnY0AXXl8Cn-SRD11DXtqH1eOna7Stfi7LTm1taHKdUUlCSJ0MVDXgCHguEw6oiL-Aayo1QekA1zr7UnP2I_OjLu_Uyja7JU","articleSection":["Comptabilit\u00e9","Featured"],"inLanguage":"fr-FR","potentialAction":[{"@type":"CommentAction","name":"Comment","target":["https:\/\/app.ipaidthat.io\/mag\/featured\/comment-integrer-la-factur-x-dans-son-entreprise\/#respond"]}]},{"@type":"WebPage","@id":"https:\/\/app.ipaidthat.io\/mag\/featured\/comment-integrer-la-factur-x-dans-son-entreprise\/","url":"https:\/\/app.ipaidthat.io\/mag\/featured\/comment-integrer-la-factur-x-dans-son-entreprise\/","name":"Comment int\u00e9grer la Factur-X dans son entreprise ?","isPartOf":{"@id":"https:\/\/app.ipaidthat.io\/mag\/#website"},"primaryImageOfPage":{"@id":"https:\/\/app.ipaidthat.io\/mag\/featured\/comment-integrer-la-factur-x-dans-son-entreprise\/#primaryimage"},"image":{"@id":"https:\/\/app.ipaidthat.io\/mag\/featured\/comment-integrer-la-factur-x-dans-son-entreprise\/#primaryimage"},"thumbnailUrl":"https:\/\/lh3.googleusercontent.com\/QGOYB9kFsGuRP2TGJ8L1soNHbnesA8CQyIixuCr8FnY0AXXl8Cn-SRD11DXtqH1eOna7Stfi7LTm1taHKdUUlCSJ0MVDXgCHguEw6oiL-Aayo1QekA1zr7UnP2I_OjLu_Uyja7JU","datePublished":"2022-04-08T08:03:33+00:00","description":"La Factur-X est un v\u00e9ritable enjeu moderne. Les entreprises se doivent d'op\u00e9rer leur transition d\u00e8s maintenant !","breadcrumb":{"@id":"https:\/\/app.ipaidthat.io\/mag\/featured\/comment-integrer-la-factur-x-dans-son-entreprise\/#breadcrumb"},"inLanguage":"fr-FR","potentialAction":[{"@type":"ReadAction","target":["https:\/\/app.ipaidthat.io\/mag\/featured\/comment-integrer-la-factur-x-dans-son-entreprise\/"]}]},{"@type":"ImageObject","inLanguage":"fr-FR","@id":"https:\/\/app.ipaidthat.io\/mag\/featured\/comment-integrer-la-factur-x-dans-son-entreprise\/#primaryimage","url":"https:\/\/lh3.googleusercontent.com\/QGOYB9kFsGuRP2TGJ8L1soNHbnesA8CQyIixuCr8FnY0AXXl8Cn-SRD11DXtqH1eOna7Stfi7LTm1taHKdUUlCSJ0MVDXgCHguEw6oiL-Aayo1QekA1zr7UnP2I_OjLu_Uyja7JU","contentUrl":"https:\/\/lh3.googleusercontent.com\/QGOYB9kFsGuRP2TGJ8L1soNHbnesA8CQyIixuCr8FnY0AXXl8Cn-SRD11DXtqH1eOna7Stfi7LTm1taHKdUUlCSJ0MVDXgCHguEw6oiL-Aayo1QekA1zr7UnP2I_OjLu_Uyja7JU"},{"@type":"BreadcrumbList","@id":"https:\/\/app.ipaidthat.io\/mag\/featured\/comment-integrer-la-factur-x-dans-son-entreprise\/#breadcrumb","itemListElement":[{"@type":"ListItem","position":1,"name":"Le Mag","item":"https:\/\/app.ipaidthat.io\/mag\/"},{"@type":"ListItem","position":2,"name":"Comment int\u00e9grer la Factur-X dans son entreprise ?"}]},{"@type":"WebSite","@id":"https:\/\/app.ipaidthat.io\/mag\/#website","url":"https:\/\/app.ipaidthat.io\/mag\/","name":"IPaidThat Mag","description":"Une gestion simple, automatis\u00e9e et collaborative","publisher":{"@id":"https:\/\/app.ipaidthat.io\/mag\/#organization"},"potentialAction":[{"@type":"SearchAction","target":{"@type":"EntryPoint","urlTemplate":"https:\/\/app.ipaidthat.io\/mag\/?s={search_term_string}"},"query-input":{"@type":"PropertyValueSpecification","valueRequired":true,"valueName":"search_term_string"}}],"inLanguage":"fr-FR"},{"@type":"Organization","@id":"https:\/\/app.ipaidthat.io\/mag\/#organization","name":"IPaidThat Mag","url":"https:\/\/app.ipaidthat.io\/mag\/","logo":{"@type":"ImageObject","inLanguage":"fr-FR","@id":"https:\/\/app.ipaidthat.io\/mag\/#\/schema\/logo\/image\/","url":"https:\/\/app.ipaidthat.io\/mag\/wp-content\/uploads\/2025\/11\/logo-le-mag-blog-ipaidthat.png","contentUrl":"https:\/\/app.ipaidthat.io\/mag\/wp-content\/uploads\/2025\/11\/logo-le-mag-blog-ipaidthat.png","width":1817,"height":524,"caption":"IPaidThat Mag"},"image":{"@id":"https:\/\/app.ipaidthat.io\/mag\/#\/schema\/logo\/image\/"}},{"@type":"Person","@id":"https:\/\/app.ipaidthat.io\/mag\/#\/schema\/person\/021144662586a12df79c88913050baaa","name":"S\u00e9bastien Claeys","image":{"@type":"ImageObject","inLanguage":"fr-FR","@id":"https:\/\/app.ipaidthat.io\/mag\/#\/schema\/person\/image\/","url":"https:\/\/app.ipaidthat.io\/mag\/wp-content\/uploads\/2023\/02\/sebastien-clayes-ipaidthat-96x96.png","contentUrl":"https:\/\/app.ipaidthat.io\/mag\/wp-content\/uploads\/2023\/02\/sebastien-clayes-ipaidthat-96x96.png","caption":"S\u00e9bastien Claeys"},"url":"https:\/\/app.ipaidthat.io\/mag\/author\/sebastienipaidthat-io\/"}]}},"_links":{"self":[{"href":"https:\/\/app.ipaidthat.io\/mag\/wp-json\/wp\/v2\/posts\/9825","targetHints":{"allow":["GET"]}}],"collection":[{"href":"https:\/\/app.ipaidthat.io\/mag\/wp-json\/wp\/v2\/posts"}],"about":[{"href":"https:\/\/app.ipaidthat.io\/mag\/wp-json\/wp\/v2\/types\/post"}],"author":[{"embeddable":true,"href":"https:\/\/app.ipaidthat.io\/mag\/wp-json\/wp\/v2\/users\/4"}],"replies":[{"embeddable":true,"href":"https:\/\/app.ipaidthat.io\/mag\/wp-json\/wp\/v2\/comments?post=9825"}],"version-history":[{"count":0,"href":"https:\/\/app.ipaidthat.io\/mag\/wp-json\/wp\/v2\/posts\/9825\/revisions"}],"wp:attachment":[{"href":"https:\/\/app.ipaidthat.io\/mag\/wp-json\/wp\/v2\/media?parent=9825"}],"wp:term":[{"taxonomy":"category","embeddable":true,"href":"https:\/\/app.ipaidthat.io\/mag\/wp-json\/wp\/v2\/categories?post=9825"},{"taxonomy":"post_tag","embeddable":true,"href":"https:\/\/app.ipaidthat.io\/mag\/wp-json\/wp\/v2\/tags?post=9825"}],"curies":[{"name":"wp","href":"https:\/\/api.w.org\/{rel}","templated":true}]}}