{"id":9189,"date":"2022-03-07T14:22:10","date_gmt":"2022-03-07T13:22:10","guid":{"rendered":"https:\/\/ipaidthat.io\/mag\/?p=9189"},"modified":"2025-12-04T16:18:42","modified_gmt":"2025-12-04T15:18:42","slug":"bareme-des-indemnites-kilometriques-2022","status":"publish","type":"post","link":"https:\/\/app.ipaidthat.io\/mag\/featured\/bareme-des-indemnites-kilometriques-2022\/","title":{"rendered":"Bar\u00e8me des indemnit\u00e9s kilom\u00e9triques 2022"},"content":{"rendered":"\n<p>Tous les chiffres de r\u00e9f\u00e9rence pour vos<strong> indemnit\u00e9s kilom\u00e9triques 2022<\/strong> ! D\u00e9couvrez ici le bar\u00e8me fiscal 2022 en ce qui concerne les frais kilom\u00e9triques, pour le remboursement des divers d\u00e9placements de travail.<\/p>\n\n\n\n<h2 class=\"wp-block-heading\"><span class=\"underline--hover\"><strong>Qu\u2019est-ce qu\u2019une indemnit\u00e9 kilom\u00e9trique ?<\/strong><\/span><\/h2>\n\n\n\n<p>Le salari\u00e9 doit parfois utiliser son propre v\u00e9hicule pour mener \u00e0 bien ses missions. Dans ces cas sp\u00e9cifiques o\u00f9 l\u2019employeur peut verser \u00e0 l\u2019employ\u00e9 des <a href=\"https:\/\/ipaidthat.io\/mag\/fiscalite\/gestion-indemnites-kilometriques\/\" target=\"_blank\" rel=\"noreferrer noopener\">indemnit\u00e9s kilom\u00e9triques<\/a> de d\u00e9placement. Un bar\u00e8me officiel en pr\u00e9voit les m\u00e9thodes de calcul et les conditions. Il est r\u00e9\u00e9valu\u00e9 tous les ans afin de prendre en compte d\u2019\u00e9ventuels changements.&nbsp;<\/p>\n\n\n\n<h3 class=\"wp-block-heading\"><strong>Le bar\u00e8me kilom\u00e9trique fiscal<\/strong><\/h3>\n\n\n\n<p>Le <strong>bar\u00e8me kilom\u00e9trique fiscal<\/strong> repr\u00e9sente \u00e0 lui seul LA r\u00e9f\u00e9rence fiscale \u00e0 appliquer dans le cadre des frais kilom\u00e9triques. Il prend en compte le type de v\u00e9hicule, sa puissance et le nombre de kilom\u00e8tres parcourus.<\/p>\n\n\n\n<h3 class=\"wp-block-heading\"><strong>Pour qui ?<\/strong><\/h3>\n\n\n\n<ul class=\"wp-block-list\">\n<li>L&#8217;employeur : dans le but de calculer et couvrir la charge financi\u00e8re d\u2019un v\u00e9hicule priv\u00e9 utilis\u00e9 \u00e0 des fins professionnelles (frais professionnels)<\/li>\n\n\n\n<li>Les salari\u00e9s (car aussi \u201c contribuables \u201d) : dans le but de d\u00e9clarer des frais r\u00e9els aux imp\u00f4ts chaque ann\u00e9e (frais de trajet domicile-travail dans une limite de 80km aller-retour par jour travaill\u00e9)<\/li>\n\n\n\n<li>Pour les Entrepreneurs Individuels (<strong>EI<\/strong>) impos\u00e9s \u00e0 l&rsquo;Imp\u00f4t sur le Revenu (<strong>IR<\/strong>) dans la cat\u00e9gorie des B\u00e9n\u00e9fices Non Commerciaux (<strong>BNC<\/strong>) pour l&rsquo;utilisation de leur v\u00e9hicule personnel (y compris pour un v\u00e9hicule de location ou cr\u00e9dit-bail)<\/li>\n<\/ul>\n\n\n\n<p>Le <strong>remboursement des frais kilom\u00e9triques<\/strong> concerne donc toutes les personnes de l\u2019entreprise (<strong>mobilit\u00e9 ponctuelle<\/strong>) et particuli\u00e8rement ceux dont le travail requiert une forte mobilit\u00e9 (<strong>mobilit\u00e9 permanente<\/strong>).<\/p>\n\n\n\n<h2 class=\"wp-block-heading\"><span class=\"underline--hover\"><strong>Le cadre des frais kilom\u00e9triques<\/strong><\/span><\/h2>\n\n\n\n<p>Les frais kilom\u00e9triques ou <strong>indemnit\u00e9s kilom\u00e9triques<\/strong>, entrent dans le p\u00e9rim\u00e8tre des <strong>frais professionnels<\/strong>. Ce sont des d\u00e9penses investies par le salari\u00e9 pour exercer au mieux de ses fonctions :<\/p>\n\n\n\n<ul class=\"wp-block-list\">\n<li>Frais d\u2019essence du v\u00e9hicule<\/li>\n\n\n\n<li>R\u00e9paration du v\u00e9hicule (en cas d\u2019usure notamment)<\/li>\n\n\n\n<li>Assurance du v\u00e9hicule<\/li>\n<\/ul>\n\n\n\n<p>A contrario, n\u2019entre pas en ligne de compte pour un d\u00e9fraiement :<\/p>\n\n\n\n<ul class=\"wp-block-list\">\n<li>Le p\u00e9age<\/li>\n\n\n\n<li>Le stationnement<\/li>\n\n\n\n<li>Etc.<\/li>\n<\/ul>\n\n\n\n<p>Aussi, pour les trajets concern\u00e9s,<strong> <\/strong>les indemnit\u00e9s kilom\u00e9triques sont uniquement applicables pour les <strong>trajets professionnels obligatoires<\/strong> \u00e0 la r\u00e9alisation des missions du salari\u00e9. Par exemple, pour des rendez-vous avec des clients, des d\u00e9placements \u00e0 un salon \u00e9v\u00e8nementiel, ou d\u2019autres types de d\u00e9placement professionnel n\u00e9cessaire.<\/p>\n\n\n\n<h2 class=\"wp-block-heading\"><span class=\"underline--hover\"><strong>Que dit la loi <\/strong><strong>sur le fonctionnement des indemnit\u00e9s kilom\u00e9triques ?<\/strong><\/span><\/h2>\n\n\n\n<p>Premi\u00e8rement, le v\u00e9hicule doit \u00eatre strictement personnel et donc non immatricul\u00e9 au nom de la soci\u00e9t\u00e9. Le type de v\u00e9hicule n\u2019a quant \u00e0 lui aucune importance. Il peut s\u2019agir de motos, de scooters et bien \u00e9videmment, de voitures, mais aussi et ce depuis le 1er F\u00e9vrier 2017, de v\u00e9los. En r\u00e9sum\u00e9, les indemnit\u00e9s kilom\u00e9triques couvrent les v\u00e9hicules de 3 \u00e0 7 CV (<strong>puissance fiscale<\/strong> que l\u2019on retrouve sur la carte grise).<\/p>\n\n\n\n<p>Deuxi\u00e8mement, les dirigeants et salari\u00e9s doivent pouvoir justifier du fait que leurs frais de d\u00e9placement sont exclusivement \u00e0 caract\u00e8re professionnel.&nbsp;<\/p>\n\n\n\n<p>Pour cela, plusieurs crit\u00e8res sont \u00e0 observer :<\/p>\n\n\n\n<ul class=\"wp-block-list\">\n<li>La puissance fiscale du v\u00e9hicule utilis\u00e9<\/li>\n\n\n\n<li>Les distances parcourues<\/li>\n\n\n\n<li>Le lieu de travail dit \u201c habituel \u201d<\/li>\n\n\n\n<li>Le nombre de trajets du v\u00e9hicule dans le mois (sans transport d\u2019une personne de la m\u00eame soci\u00e9t\u00e9 touchant, elle aussi, des indemnit\u00e9s kilom\u00e9triques)<\/li>\n<\/ul>\n\n\n\n<p>\u00c0 noter que ces indemnit\u00e9s sont exclues de toutes cotisations sociales ! Les entreprises utilisent donc le bar\u00e8me kilom\u00e9trique que l\u2019administration fiscale \u00e9tablit.<\/p>\n\n\n\n<p>Il s\u2019agit d\u2019un simple calcul effectu\u00e9 sur la base de la puissance fiscale du v\u00e9hicule et de la distance (en kilom\u00e8tre) parcourue par celui-ci.<\/p>\n\n\n\n<h3 class=\"wp-block-heading\"><strong>Qu\u2019en est-il des frais de parking ?&nbsp;<\/strong><\/h3>\n\n\n\n<p>Les frais de parking peuvent, eux aussi, \u00eatre rembours\u00e9s, mais sous 2 conditions.<\/p>\n\n\n\n<ol class=\"wp-block-list\">\n<li>Qu\u2019il n\u2019y ait pas de stationnement gratuit disponible pr\u00e8s du lieu de travail<\/li>\n\n\n\n<li>Que le salari\u00e9 soit contraint d\u2019utiliser son v\u00e9hicule pour se rendre au travail. On parle alors de \u00ab n\u00e9cessit\u00e9 absolue \u00bb<\/li>\n<\/ol>\n\n\n\n<h3 class=\"wp-block-heading\"><strong>Quelle est la situation actuellement ?<\/strong><\/h3>\n\n\n\n<p>Due \u00e0 l&rsquo;inflation du prix des carburants, le Gouvernement a d\u00e9cid\u00e9 de revoir \u00e0 la hausse le bar\u00e8me de ces indemnit\u00e9s. Les indemnit\u00e9s kilom\u00e9triques ont \u00e9t\u00e9 revaloris\u00e9es de 10 % pour 2022 gr\u00e2ce \u00e0 <a href=\"https:\/\/www.legifrance.gouv.fr\/jorf\/id\/JORFARTI000045160758\" target=\"_blank\" rel=\"noreferrer noopener\">un arr\u00eat\u00e9 du 1er F\u00e9vrier 2022<\/a> qui fixe le montant de ce changement.<\/p>\n\n\n\n<h2 class=\"wp-block-heading\"><span class=\"underline--hover\"><strong>Comment g\u00e9rer ses indemnit\u00e9s kilom\u00e9triques ?<\/strong><\/span><\/h2>\n\n\n\n<p>Aujourd\u2019hui de nouveaux moyens sont mis \u00e0 disposition des entreprises pour traiter de mani\u00e8re automatis\u00e9e les d\u00e9placements professionnels.&nbsp;<\/p>\n\n\n\n<p class=\"has-text-align-center\"><strong><a href=\"https:\/\/ipaidthat.io\/fr\/notes-de-frais\/?utm_source=mag&amp;utm_campaign=menu&amp;utm_content=menu\">iPaidThat en fait partie !<\/a><\/strong><\/p>\n\n\n\n<p>En effet, notre application de gestion mobile des notes de frais et indemnit\u00e9s kilom\u00e9triques, vous permet, entre autres, de comptabiliser en un rien de temps ces indemnit\u00e9s.&nbsp;<\/p>\n\n\n\n<h3 class=\"wp-block-heading\"><strong>Comment iPaidThat automatise la gestion de vos indemnit\u00e9s kilom\u00e9triques ?<\/strong><\/h3>\n\n\n\n<p>En t\u00e9l\u00e9chargeant l\u2019application iPaidThat sur votre t\u00e9l\u00e9phone (acc\u00e8s unique pour chaque employ\u00e9) :<\/p>\n\n\n\n<ul class=\"wp-block-list\">\n<li>Le <a href=\"https:\/\/ipaidthat.io\/mag\/tresorerie\/5-conseils-pour-bien-gerer-sa-tresorerie-dentreprise\/\" target=\"_blank\" rel=\"noreferrer noopener\">dirigeant d\u2019entreprise<\/a> : vous contr\u00f4lez de mani\u00e8re optimale, les d\u00e9penses engendr\u00e9es pour chaque d\u00e9placement<\/li>\n\n\n\n<li>L\u2019employ\u00e9, quant \u00e0 lui, s\u2019affranchit de tout calcul ou des erreurs. L\u2019application va instantan\u00e9ment calculer \u00e0 sa place les co\u00fbts engendr\u00e9s lors du d\u00e9placement professionnel entre un point A et un point B (selon les crit\u00e8res d\u2019indemnit\u00e9s pr\u00e9c\u00e9demment cit\u00e9s)<\/li>\n\n\n\n<li>Une simple photo suffira \u00e0 pr\u00e9sent pour num\u00e9riser les calculs et donn\u00e9es kilom\u00e9triques directement sur votre tableau de bord en ligne iPaidThat dans la partie :<a href=\"https:\/\/ipaidthat.io\/fr\/notes-de-frais\/?utm_source=mag&amp;utm_campaign=menu&amp;utm_content=menu\" target=\"_blank\" rel=\"noreferrer noopener\"> note de frais<\/a><\/li>\n\n\n\n<li>Avec l&rsquo;application mobile iPaidThat, une fois enregistr\u00e9 et calcul\u00e9, un document PDF de vos indemnit\u00e9s kilom\u00e9triques est g\u00e9n\u00e9r\u00e9 automatiquement. Vous pourrez imm\u00e9diatement en disposer<\/li>\n<\/ul>\n\n\n\n<figure class=\"wp-block-image size-large\"><a href=\"https:\/\/ipaidthat.io\/fr\/notes-de-frais\/?utm_source=mag&amp;utm_campaign=menu&amp;utm_content=menu\"><img decoding=\"async\" src=\"https:\/\/ipaidthat.io\/mag\/wp-content\/uploads\/2019\/07\/banni\u00e8re-jaune-blog-1024x57.jpg\" alt=\"banni\u00e8re-jaune-blog\" class=\"wp-image-569\"\/><\/a><\/figure>\n\n\n\n<figure class=\"wp-block-image aligncenter size-full is-resized\"><img decoding=\"async\" src=\"https:\/\/ipaidthat.io\/mag\/wp-content\/uploads\/2020\/01\/screen-app-mobile-ipaidthat.png\" alt=\"screen-app-mobile-ipaidthat\" class=\"wp-image-3089\" style=\"width:280px;height:491px\"\/><\/figure>\n\n\n\n<h2 class=\"wp-block-heading has-text-align-center\"><span class=\"underline--hover\"><strong>Les bar\u00e8mes 2022, selon le type de v\u00e9hicule utilis\u00e9<\/strong><\/span><\/h2>\n\n\n\n<h3 class=\"wp-block-heading\"><strong><em>Bar\u00e8me des indemnit\u00e9s kilom\u00e9triques 2022 pour les automobiles<\/em><\/strong><\/h3>\n\n\n\n<figure class=\"wp-block-table\"><table><tbody><tr><td class=\"has-text-align-center\" data-align=\"center\"><strong>Nombre de chevaux fiscaux (CV)<\/strong><\/td><td class=\"has-text-align-center\" data-align=\"center\"><strong>Jusqu&rsquo;\u00e0 5000km<\/strong><\/td><td class=\"has-text-align-center\" data-align=\"center\"><strong>5001 \u00e0 20000km<\/strong><\/td><td class=\"has-text-align-center\" data-align=\"center\"><strong>Plus de 20000km<\/strong><\/td><\/tr><tr><td class=\"has-text-align-center\" data-align=\"center\">3 CV et moins<\/td><td class=\"has-text-align-center\" data-align=\"center\">0,502 x d (distance)<\/td><td class=\"has-text-align-center\" data-align=\"center\">(0,3 x d) + 1 007<\/td><td class=\"has-text-align-center\" data-align=\"center\">0,35 x d<\/td><\/tr><tr><td class=\"has-text-align-center\" data-align=\"center\">4 CV<\/td><td class=\"has-text-align-center\" data-align=\"center\">0,575 \u20ac x d<\/td><td class=\"has-text-align-center\" data-align=\"center\">(0,323 \u20ac x d) + 1 262<\/td><td class=\"has-text-align-center\" data-align=\"center\">0,387 \u20ac x d<\/td><\/tr><tr><td class=\"has-text-align-center\" data-align=\"center\">5 CV<\/td><td class=\"has-text-align-center\" data-align=\"center\">0,603 \u20ac x d<\/td><td class=\"has-text-align-center\" data-align=\"center\">(0,339 \u20ac x d) + 1 320<\/td><td class=\"has-text-align-center\" data-align=\"center\">0,405 \u20ac x d<\/td><\/tr><tr><td class=\"has-text-align-center\" data-align=\"center\">6 CV<\/td><td class=\"has-text-align-center\" data-align=\"center\">0,631 \u20ac x d<\/td><td class=\"has-text-align-center\" data-align=\"center\">(0,355 \u20ac x d) + 1 382<\/td><td class=\"has-text-align-center\" data-align=\"center\">0,425 \u20ac x d<\/td><\/tr><tr><td class=\"has-text-align-center\" data-align=\"center\">7 CV et plus<\/td><td class=\"has-text-align-center\" data-align=\"center\">0,661 \u20ac x d<\/td><td class=\"has-text-align-center\" data-align=\"center\">(0,374 \u20ac x d) + 1 435<\/td><td class=\"has-text-align-center\" data-align=\"center\">0,446 \u20ac x d<\/td><\/tr><\/tbody><\/table><\/figure>\n\n\n\n<h3 class=\"wp-block-heading\"><strong><em>Bar\u00e8me des indemnit\u00e9s kilom\u00e9triques 2022 pour les deux-roues<\/em><\/strong><\/h3>\n\n\n\n<figure class=\"wp-block-table\"><table><tbody><tr><td class=\"has-text-align-center\" data-align=\"center\"><strong>Nombre de chevaux fiscaux (CV)<\/strong><\/td><td class=\"has-text-align-center\" data-align=\"center\"><strong>Jusqu&rsquo;\u00e0 3000km<\/strong><\/td><td class=\"has-text-align-center\" data-align=\"center\"><strong>De 3001 \u00e0 6000km<\/strong><\/td><td class=\"has-text-align-center\" data-align=\"center\"><strong>Plus de 6000km<\/strong><\/td><\/tr><tr><td class=\"has-text-align-center\" data-align=\"center\">1 ou 2 CV<\/td><td class=\"has-text-align-center\" data-align=\"center\">0,375 \u20ac x d (distance)<\/td><td class=\"has-text-align-center\" data-align=\"center\">(0,094 \u20ac x d) + 845&nbsp;<\/td><td class=\"has-text-align-center\" data-align=\"center\">0,234 \u20ac x d<\/td><\/tr><tr><td class=\"has-text-align-center\" data-align=\"center\">De 3 \u00e0 5 CV<\/td><td class=\"has-text-align-center\" data-align=\"center\">0,444 \u20ac x d<\/td><td class=\"has-text-align-center\" data-align=\"center\">(0,078 \u20ac x d) + 1 099<\/td><td class=\"has-text-align-center\" data-align=\"center\">0,261 \u20ac x d<\/td><\/tr><tr><td class=\"has-text-align-center\" data-align=\"center\">Plus de 5 Cv<\/td><td class=\"has-text-align-center\" data-align=\"center\">0,575 \u20ac x d<\/td><td class=\"has-text-align-center\" data-align=\"center\">(0,075 \u20ac x d) + 1 502<\/td><td class=\"has-text-align-center\" data-align=\"center\">0,325 \u20ac x d<\/td><\/tr><\/tbody><\/table><\/figure>\n\n\n\n<h3 class=\"wp-block-heading\"><strong><em><strong>Bar\u00e8me des indemnit\u00e9s kilom\u00e9triques 2022 pour <\/strong>les cyclomoteurs<\/em><\/strong><\/h3>\n\n\n\n<p>Pour qu\u2019un v\u00e9hicule soit appel\u00e9 cyclomoteur, il doit obligatoirement avoir deux roues et remplir ces quelques conditions : dans le cas d\u2019un moteur \u00e0 combustion interne, il ne doit pas d\u00e9passer la vitesse de 45km\/h et sa cylindr\u00e9e ne doit pas exc\u00e9der 50cm<sup>3<\/sup>. Pour les autres types de moteur, la puissance maximale ne doit pas d\u00e9passer 4 kW. Tout v\u00e9hicule \u00e0 deux roues dont la cylindr\u00e9e est sup\u00e9rieure \u00e0 50cm<sup>3<\/sup> ne peut pas \u00eatre qualifi\u00e9 de \u201c cyclomoteur \u201d.<\/p>\n\n\n\n<figure class=\"wp-block-table\"><table><tbody><tr><td class=\"has-text-align-center\" data-align=\"center\"><strong>Nombre de chevaux fiscaux (CV)<\/strong><\/td><td class=\"has-text-align-center\" data-align=\"center\"><strong>Jusqu&rsquo;\u00e0 3000km<\/strong><\/td><td class=\"has-text-align-center\" data-align=\"center\"><strong>De 3001 \u00e0 6000km<\/strong><\/td><td class=\"has-text-align-center\" data-align=\"center\"><strong>Plus de 6000km<\/strong><\/td><\/tr><tr><td class=\"has-text-align-center\" data-align=\"center\">50 cc et moins<\/td><td class=\"has-text-align-center\" data-align=\"center\">0,299 \u20ac x d (distance)<\/td><td class=\"has-text-align-center\" data-align=\"center\">(0,07 \u20ac x d) + 458 \u20ac<\/td><td class=\"has-text-align-center\" data-align=\"center\">0,162 \u20ac x d<\/td><\/tr><\/tbody><\/table><\/figure>\n\n\n\n<h3 class=\"wp-block-heading\"><strong><em>Une nouveaut\u00e9 : Le forfait mobilit\u00e9s durables<\/em><\/strong><\/h3>\n\n\n\n<p>Le \u00ab\u00a0<a href=\"https:\/\/www.urssaf.fr\/portail\/home\/employeur\/calculer-les-cotisations\/les-elements-a-prendre-en-compte\/les-frais-professionnels\/les-frais-de-transport\/trajet-domicilelieu-de-travail\/prise-en-charge-facultative-des\/forfait-mobilites-durables.html\" target=\"_blank\" rel=\"noreferrer noopener\"> Forfait Mobilit\u00e9s Durables<\/a> \u00a0\u00bb est cette ann\u00e9e le grand rempla\u00e7ant des pr\u00e9c\u00e9dentes indemnit\u00e9s kilom\u00e9triques v\u00e9lo et des indemnit\u00e9s forfaitaires de covoiturage. Voici les moyens de transports qu\u2019il regroupe :<\/p>\n\n\n\n<ul class=\"wp-block-list\">\n<li>Le v\u00e9lo personnel (v\u00e9lo \u00e9lectrique par exemple)<\/li>\n\n\n\n<li>Le covoiturage (en passager et en conducteur)<\/li>\n\n\n\n<li>Les services de mobilit\u00e9 partag\u00e9e (partage de v\u00e9hicules \u00e9lectriques ou hybrides, location ou utilisation en libre-service)<\/li>\n\n\n\n<li>Transports publics (en dehors des abonnements)<\/li>\n<\/ul>\n\n\n\n<p>Pour la prise en charge de ces frais li\u00e9s au<strong> forfait mobilit\u00e9s durables<\/strong>, il s\u2019agira d\u2019une allocation forfaitaire, exon\u00e9r\u00e9e de toute cotisation ou contribution sociale (dans une limite de 500 \u20ac par an\/salari\u00e9).<\/p>\n\n\n\n<p class=\"has-text-align-center\"><strong>G\u00e9rez d\u00e8s \u00e0 pr\u00e9sent vos notes de frais et indemnit\u00e9s kilom\u00e9triques efficacement avec <a href=\"https:\/\/ipaidthat.io\/fr\/notes-de-frais\/?utm_source=mag&amp;utm_campaign=menu&amp;utm_content=menu\">iPaidThat<\/a><\/strong><\/p>\n","protected":false},"excerpt":{"rendered":"<p>Tous les chiffres de r\u00e9f\u00e9rence pour vos indemnit\u00e9s kilom\u00e9triques 2022 ! D\u00e9couvrez ici le bar\u00e8me fiscal 2022 en ce qui concerne les frais kilom\u00e9triques, pour le remboursement des divers d\u00e9placements de travail. Qu\u2019est-ce qu\u2019une indemnit\u00e9 kilom\u00e9trique ? Le salari\u00e9 doit parfois utiliser son propre v\u00e9hicule pour mener \u00e0 bien ses missions. Dans ces cas sp\u00e9cifiques [&hellip;]<\/p>\n","protected":false},"author":4,"featured_media":18549,"comment_status":"open","ping_status":"open","sticky":false,"template":"","format":"standard","meta":{"footnotes":""},"categories":[4,7],"tags":[],"class_list":["post-9189","post","type-post","status-publish","format-standard","has-post-thumbnail","hentry","category-featured","category-fiscalite"],"yoast_head":"<!-- This site is optimized with the Yoast SEO plugin v26.6 - https:\/\/yoast.com\/wordpress\/plugins\/seo\/ -->\n<title>Bar\u00e8me des indemnit\u00e9s kilom\u00e9triques 2022<\/title>\n<meta name=\"description\" content=\"Les indemnit\u00e9s kilom\u00e9triques servent \u00e0 tous les acteurs de l&#039;entreprise. Quel est le bar\u00e8me \u00e0 appliquer pour l&#039;ann\u00e9e 2022 ?\" \/>\n<meta name=\"robots\" content=\"index, follow, max-snippet:-1, max-image-preview:large, max-video-preview:-1\" \/>\n<link rel=\"canonical\" href=\"https:\/\/app.ipaidthat.io\/mag\/featured\/bareme-des-indemnites-kilometriques-2022\/\" \/>\n<meta property=\"og:locale\" content=\"fr_FR\" \/>\n<meta property=\"og:type\" content=\"article\" \/>\n<meta property=\"og:title\" content=\"Bar\u00e8me des indemnit\u00e9s kilom\u00e9triques 2022\" \/>\n<meta property=\"og:description\" content=\"Les indemnit\u00e9s kilom\u00e9triques servent \u00e0 tous les acteurs de l&#039;entreprise. Quel est le bar\u00e8me \u00e0 appliquer pour l&#039;ann\u00e9e 2022 ?\" \/>\n<meta property=\"og:url\" content=\"https:\/\/app.ipaidthat.io\/mag\/featured\/bareme-des-indemnites-kilometriques-2022\/\" \/>\n<meta property=\"og:site_name\" content=\"iPaidThat Mag\" \/>\n<meta property=\"article:published_time\" content=\"2022-03-07T13:22:10+00:00\" \/>\n<meta property=\"article:modified_time\" content=\"2025-12-04T15:18:42+00:00\" \/>\n<meta property=\"og:image\" content=\"https:\/\/app.ipaidthat.io\/mag\/wp-content\/uploads\/2022\/03\/visuel-blog-19.webp\" \/>\n\t<meta property=\"og:image:width\" content=\"1024\" \/>\n\t<meta property=\"og:image:height\" content=\"768\" \/>\n\t<meta property=\"og:image:type\" content=\"image\/webp\" \/>\n<meta name=\"author\" content=\"S\u00e9bastien Claeys\" \/>\n<meta name=\"twitter:card\" content=\"summary_large_image\" \/>\n<meta name=\"twitter:label1\" content=\"\u00c9crit par\" \/>\n\t<meta name=\"twitter:data1\" content=\"S\u00e9bastien Claeys\" \/>\n\t<meta name=\"twitter:label2\" content=\"Dur\u00e9e de lecture estim\u00e9e\" \/>\n\t<meta name=\"twitter:data2\" content=\"8 minutes\" \/>\n<script type=\"application\/ld+json\" class=\"yoast-schema-graph\">{\"@context\":\"https:\/\/schema.org\",\"@graph\":[{\"@type\":\"Article\",\"@id\":\"https:\/\/app.ipaidthat.io\/mag\/featured\/bareme-des-indemnites-kilometriques-2022\/#article\",\"isPartOf\":{\"@id\":\"https:\/\/app.ipaidthat.io\/mag\/featured\/bareme-des-indemnites-kilometriques-2022\/\"},\"author\":{\"name\":\"S\u00e9bastien Claeys\",\"@id\":\"https:\/\/app.ipaidthat.io\/mag\/#\/schema\/person\/021144662586a12df79c88913050baaa\"},\"headline\":\"Bar\u00e8me des indemnit\u00e9s kilom\u00e9triques 2022\",\"datePublished\":\"2022-03-07T13:22:10+00:00\",\"dateModified\":\"2025-12-04T15:18:42+00:00\",\"mainEntityOfPage\":{\"@id\":\"https:\/\/app.ipaidthat.io\/mag\/featured\/bareme-des-indemnites-kilometriques-2022\/\"},\"wordCount\":1362,\"commentCount\":0,\"publisher\":{\"@id\":\"https:\/\/app.ipaidthat.io\/mag\/#organization\"},\"image\":{\"@id\":\"https:\/\/app.ipaidthat.io\/mag\/featured\/bareme-des-indemnites-kilometriques-2022\/#primaryimage\"},\"thumbnailUrl\":\"https:\/\/app.ipaidthat.io\/mag\/wp-content\/uploads\/2022\/03\/visuel-blog-19.webp\",\"articleSection\":[\"Featured\",\"Fiscalit\u00e9\"],\"inLanguage\":\"fr-FR\",\"potentialAction\":[{\"@type\":\"CommentAction\",\"name\":\"Comment\",\"target\":[\"https:\/\/app.ipaidthat.io\/mag\/featured\/bareme-des-indemnites-kilometriques-2022\/#respond\"]}]},{\"@type\":\"WebPage\",\"@id\":\"https:\/\/app.ipaidthat.io\/mag\/featured\/bareme-des-indemnites-kilometriques-2022\/\",\"url\":\"https:\/\/app.ipaidthat.io\/mag\/featured\/bareme-des-indemnites-kilometriques-2022\/\",\"name\":\"Bar\u00e8me des indemnit\u00e9s kilom\u00e9triques 2022\",\"isPartOf\":{\"@id\":\"https:\/\/app.ipaidthat.io\/mag\/#website\"},\"primaryImageOfPage\":{\"@id\":\"https:\/\/app.ipaidthat.io\/mag\/featured\/bareme-des-indemnites-kilometriques-2022\/#primaryimage\"},\"image\":{\"@id\":\"https:\/\/app.ipaidthat.io\/mag\/featured\/bareme-des-indemnites-kilometriques-2022\/#primaryimage\"},\"thumbnailUrl\":\"https:\/\/app.ipaidthat.io\/mag\/wp-content\/uploads\/2022\/03\/visuel-blog-19.webp\",\"datePublished\":\"2022-03-07T13:22:10+00:00\",\"dateModified\":\"2025-12-04T15:18:42+00:00\",\"description\":\"Les indemnit\u00e9s kilom\u00e9triques servent \u00e0 tous les acteurs de l'entreprise. Quel est le bar\u00e8me \u00e0 appliquer pour l'ann\u00e9e 2022 ?\",\"breadcrumb\":{\"@id\":\"https:\/\/app.ipaidthat.io\/mag\/featured\/bareme-des-indemnites-kilometriques-2022\/#breadcrumb\"},\"inLanguage\":\"fr-FR\",\"potentialAction\":[{\"@type\":\"ReadAction\",\"target\":[\"https:\/\/app.ipaidthat.io\/mag\/featured\/bareme-des-indemnites-kilometriques-2022\/\"]}]},{\"@type\":\"ImageObject\",\"inLanguage\":\"fr-FR\",\"@id\":\"https:\/\/app.ipaidthat.io\/mag\/featured\/bareme-des-indemnites-kilometriques-2022\/#primaryimage\",\"url\":\"https:\/\/app.ipaidthat.io\/mag\/wp-content\/uploads\/2022\/03\/visuel-blog-19.webp\",\"contentUrl\":\"https:\/\/app.ipaidthat.io\/mag\/wp-content\/uploads\/2022\/03\/visuel-blog-19.webp\",\"width\":1024,\"height\":768,\"caption\":\"visuel-blog-19\"},{\"@type\":\"BreadcrumbList\",\"@id\":\"https:\/\/app.ipaidthat.io\/mag\/featured\/bareme-des-indemnites-kilometriques-2022\/#breadcrumb\",\"itemListElement\":[{\"@type\":\"ListItem\",\"position\":1,\"name\":\"Le Mag\",\"item\":\"https:\/\/app.ipaidthat.io\/mag\/\"},{\"@type\":\"ListItem\",\"position\":2,\"name\":\"Featured\",\"item\":\"https:\/\/app.ipaidthat.io\/mag\/category\/featured\/\"},{\"@type\":\"ListItem\",\"position\":3,\"name\":\"Bar\u00e8me des indemnit\u00e9s kilom\u00e9triques 2022\"}]},{\"@type\":\"WebSite\",\"@id\":\"https:\/\/app.ipaidthat.io\/mag\/#website\",\"url\":\"https:\/\/app.ipaidthat.io\/mag\/\",\"name\":\"IPaidThat Mag\",\"description\":\"Une gestion simple, automatis\u00e9e et collaborative\",\"publisher\":{\"@id\":\"https:\/\/app.ipaidthat.io\/mag\/#organization\"},\"potentialAction\":[{\"@type\":\"SearchAction\",\"target\":{\"@type\":\"EntryPoint\",\"urlTemplate\":\"https:\/\/app.ipaidthat.io\/mag\/?s={search_term_string}\"},\"query-input\":{\"@type\":\"PropertyValueSpecification\",\"valueRequired\":true,\"valueName\":\"search_term_string\"}}],\"inLanguage\":\"fr-FR\"},{\"@type\":\"Organization\",\"@id\":\"https:\/\/app.ipaidthat.io\/mag\/#organization\",\"name\":\"IPaidThat Mag\",\"url\":\"https:\/\/app.ipaidthat.io\/mag\/\",\"logo\":{\"@type\":\"ImageObject\",\"inLanguage\":\"fr-FR\",\"@id\":\"https:\/\/app.ipaidthat.io\/mag\/#\/schema\/logo\/image\/\",\"url\":\"https:\/\/app.ipaidthat.io\/mag\/wp-content\/uploads\/2025\/11\/logo-le-mag-blog-ipaidthat.png\",\"contentUrl\":\"https:\/\/app.ipaidthat.io\/mag\/wp-content\/uploads\/2025\/11\/logo-le-mag-blog-ipaidthat.png\",\"width\":1817,\"height\":524,\"caption\":\"IPaidThat Mag\"},\"image\":{\"@id\":\"https:\/\/app.ipaidthat.io\/mag\/#\/schema\/logo\/image\/\"}},{\"@type\":\"Person\",\"@id\":\"https:\/\/app.ipaidthat.io\/mag\/#\/schema\/person\/021144662586a12df79c88913050baaa\",\"name\":\"S\u00e9bastien Claeys\",\"image\":{\"@type\":\"ImageObject\",\"inLanguage\":\"fr-FR\",\"@id\":\"https:\/\/app.ipaidthat.io\/mag\/#\/schema\/person\/image\/\",\"url\":\"https:\/\/app.ipaidthat.io\/mag\/wp-content\/uploads\/2023\/02\/sebastien-clayes-ipaidthat-96x96.png\",\"contentUrl\":\"https:\/\/app.ipaidthat.io\/mag\/wp-content\/uploads\/2023\/02\/sebastien-clayes-ipaidthat-96x96.png\",\"caption\":\"S\u00e9bastien Claeys\"},\"url\":\"https:\/\/app.ipaidthat.io\/mag\/author\/sebastienipaidthat-io\/\"}]}<\/script>\n<!-- \/ Yoast SEO plugin. -->","yoast_head_json":{"title":"Bar\u00e8me des indemnit\u00e9s kilom\u00e9triques 2022","description":"Les indemnit\u00e9s kilom\u00e9triques servent \u00e0 tous les acteurs de l'entreprise. Quel est le bar\u00e8me \u00e0 appliquer pour l'ann\u00e9e 2022 ?","robots":{"index":"index","follow":"follow","max-snippet":"max-snippet:-1","max-image-preview":"max-image-preview:large","max-video-preview":"max-video-preview:-1"},"canonical":"https:\/\/app.ipaidthat.io\/mag\/featured\/bareme-des-indemnites-kilometriques-2022\/","og_locale":"fr_FR","og_type":"article","og_title":"Bar\u00e8me des indemnit\u00e9s kilom\u00e9triques 2022","og_description":"Les indemnit\u00e9s kilom\u00e9triques servent \u00e0 tous les acteurs de l'entreprise. Quel est le bar\u00e8me \u00e0 appliquer pour l'ann\u00e9e 2022 ?","og_url":"https:\/\/app.ipaidthat.io\/mag\/featured\/bareme-des-indemnites-kilometriques-2022\/","og_site_name":"iPaidThat Mag","article_published_time":"2022-03-07T13:22:10+00:00","article_modified_time":"2025-12-04T15:18:42+00:00","og_image":[{"width":1024,"height":768,"url":"https:\/\/app.ipaidthat.io\/mag\/wp-content\/uploads\/2022\/03\/visuel-blog-19.webp","type":"image\/webp"}],"author":"S\u00e9bastien Claeys","twitter_card":"summary_large_image","twitter_misc":{"\u00c9crit par":"S\u00e9bastien Claeys","Dur\u00e9e de lecture estim\u00e9e":"8 minutes"},"schema":{"@context":"https:\/\/schema.org","@graph":[{"@type":"Article","@id":"https:\/\/app.ipaidthat.io\/mag\/featured\/bareme-des-indemnites-kilometriques-2022\/#article","isPartOf":{"@id":"https:\/\/app.ipaidthat.io\/mag\/featured\/bareme-des-indemnites-kilometriques-2022\/"},"author":{"name":"S\u00e9bastien Claeys","@id":"https:\/\/app.ipaidthat.io\/mag\/#\/schema\/person\/021144662586a12df79c88913050baaa"},"headline":"Bar\u00e8me des indemnit\u00e9s kilom\u00e9triques 2022","datePublished":"2022-03-07T13:22:10+00:00","dateModified":"2025-12-04T15:18:42+00:00","mainEntityOfPage":{"@id":"https:\/\/app.ipaidthat.io\/mag\/featured\/bareme-des-indemnites-kilometriques-2022\/"},"wordCount":1362,"commentCount":0,"publisher":{"@id":"https:\/\/app.ipaidthat.io\/mag\/#organization"},"image":{"@id":"https:\/\/app.ipaidthat.io\/mag\/featured\/bareme-des-indemnites-kilometriques-2022\/#primaryimage"},"thumbnailUrl":"https:\/\/app.ipaidthat.io\/mag\/wp-content\/uploads\/2022\/03\/visuel-blog-19.webp","articleSection":["Featured","Fiscalit\u00e9"],"inLanguage":"fr-FR","potentialAction":[{"@type":"CommentAction","name":"Comment","target":["https:\/\/app.ipaidthat.io\/mag\/featured\/bareme-des-indemnites-kilometriques-2022\/#respond"]}]},{"@type":"WebPage","@id":"https:\/\/app.ipaidthat.io\/mag\/featured\/bareme-des-indemnites-kilometriques-2022\/","url":"https:\/\/app.ipaidthat.io\/mag\/featured\/bareme-des-indemnites-kilometriques-2022\/","name":"Bar\u00e8me des indemnit\u00e9s kilom\u00e9triques 2022","isPartOf":{"@id":"https:\/\/app.ipaidthat.io\/mag\/#website"},"primaryImageOfPage":{"@id":"https:\/\/app.ipaidthat.io\/mag\/featured\/bareme-des-indemnites-kilometriques-2022\/#primaryimage"},"image":{"@id":"https:\/\/app.ipaidthat.io\/mag\/featured\/bareme-des-indemnites-kilometriques-2022\/#primaryimage"},"thumbnailUrl":"https:\/\/app.ipaidthat.io\/mag\/wp-content\/uploads\/2022\/03\/visuel-blog-19.webp","datePublished":"2022-03-07T13:22:10+00:00","dateModified":"2025-12-04T15:18:42+00:00","description":"Les indemnit\u00e9s kilom\u00e9triques servent \u00e0 tous les acteurs de l'entreprise. Quel est le bar\u00e8me \u00e0 appliquer pour l'ann\u00e9e 2022 ?","breadcrumb":{"@id":"https:\/\/app.ipaidthat.io\/mag\/featured\/bareme-des-indemnites-kilometriques-2022\/#breadcrumb"},"inLanguage":"fr-FR","potentialAction":[{"@type":"ReadAction","target":["https:\/\/app.ipaidthat.io\/mag\/featured\/bareme-des-indemnites-kilometriques-2022\/"]}]},{"@type":"ImageObject","inLanguage":"fr-FR","@id":"https:\/\/app.ipaidthat.io\/mag\/featured\/bareme-des-indemnites-kilometriques-2022\/#primaryimage","url":"https:\/\/app.ipaidthat.io\/mag\/wp-content\/uploads\/2022\/03\/visuel-blog-19.webp","contentUrl":"https:\/\/app.ipaidthat.io\/mag\/wp-content\/uploads\/2022\/03\/visuel-blog-19.webp","width":1024,"height":768,"caption":"visuel-blog-19"},{"@type":"BreadcrumbList","@id":"https:\/\/app.ipaidthat.io\/mag\/featured\/bareme-des-indemnites-kilometriques-2022\/#breadcrumb","itemListElement":[{"@type":"ListItem","position":1,"name":"Le Mag","item":"https:\/\/app.ipaidthat.io\/mag\/"},{"@type":"ListItem","position":2,"name":"Featured","item":"https:\/\/app.ipaidthat.io\/mag\/category\/featured\/"},{"@type":"ListItem","position":3,"name":"Bar\u00e8me des indemnit\u00e9s kilom\u00e9triques 2022"}]},{"@type":"WebSite","@id":"https:\/\/app.ipaidthat.io\/mag\/#website","url":"https:\/\/app.ipaidthat.io\/mag\/","name":"IPaidThat Mag","description":"Une gestion simple, automatis\u00e9e et collaborative","publisher":{"@id":"https:\/\/app.ipaidthat.io\/mag\/#organization"},"potentialAction":[{"@type":"SearchAction","target":{"@type":"EntryPoint","urlTemplate":"https:\/\/app.ipaidthat.io\/mag\/?s={search_term_string}"},"query-input":{"@type":"PropertyValueSpecification","valueRequired":true,"valueName":"search_term_string"}}],"inLanguage":"fr-FR"},{"@type":"Organization","@id":"https:\/\/app.ipaidthat.io\/mag\/#organization","name":"IPaidThat Mag","url":"https:\/\/app.ipaidthat.io\/mag\/","logo":{"@type":"ImageObject","inLanguage":"fr-FR","@id":"https:\/\/app.ipaidthat.io\/mag\/#\/schema\/logo\/image\/","url":"https:\/\/app.ipaidthat.io\/mag\/wp-content\/uploads\/2025\/11\/logo-le-mag-blog-ipaidthat.png","contentUrl":"https:\/\/app.ipaidthat.io\/mag\/wp-content\/uploads\/2025\/11\/logo-le-mag-blog-ipaidthat.png","width":1817,"height":524,"caption":"IPaidThat Mag"},"image":{"@id":"https:\/\/app.ipaidthat.io\/mag\/#\/schema\/logo\/image\/"}},{"@type":"Person","@id":"https:\/\/app.ipaidthat.io\/mag\/#\/schema\/person\/021144662586a12df79c88913050baaa","name":"S\u00e9bastien Claeys","image":{"@type":"ImageObject","inLanguage":"fr-FR","@id":"https:\/\/app.ipaidthat.io\/mag\/#\/schema\/person\/image\/","url":"https:\/\/app.ipaidthat.io\/mag\/wp-content\/uploads\/2023\/02\/sebastien-clayes-ipaidthat-96x96.png","contentUrl":"https:\/\/app.ipaidthat.io\/mag\/wp-content\/uploads\/2023\/02\/sebastien-clayes-ipaidthat-96x96.png","caption":"S\u00e9bastien Claeys"},"url":"https:\/\/app.ipaidthat.io\/mag\/author\/sebastienipaidthat-io\/"}]}},"_links":{"self":[{"href":"https:\/\/app.ipaidthat.io\/mag\/wp-json\/wp\/v2\/posts\/9189","targetHints":{"allow":["GET"]}}],"collection":[{"href":"https:\/\/app.ipaidthat.io\/mag\/wp-json\/wp\/v2\/posts"}],"about":[{"href":"https:\/\/app.ipaidthat.io\/mag\/wp-json\/wp\/v2\/types\/post"}],"author":[{"embeddable":true,"href":"https:\/\/app.ipaidthat.io\/mag\/wp-json\/wp\/v2\/users\/4"}],"replies":[{"embeddable":true,"href":"https:\/\/app.ipaidthat.io\/mag\/wp-json\/wp\/v2\/comments?post=9189"}],"version-history":[{"count":1,"href":"https:\/\/app.ipaidthat.io\/mag\/wp-json\/wp\/v2\/posts\/9189\/revisions"}],"predecessor-version":[{"id":18551,"href":"https:\/\/app.ipaidthat.io\/mag\/wp-json\/wp\/v2\/posts\/9189\/revisions\/18551"}],"wp:featuredmedia":[{"embeddable":true,"href":"https:\/\/app.ipaidthat.io\/mag\/wp-json\/wp\/v2\/media\/18549"}],"wp:attachment":[{"href":"https:\/\/app.ipaidthat.io\/mag\/wp-json\/wp\/v2\/media?parent=9189"}],"wp:term":[{"taxonomy":"category","embeddable":true,"href":"https:\/\/app.ipaidthat.io\/mag\/wp-json\/wp\/v2\/categories?post=9189"},{"taxonomy":"post_tag","embeddable":true,"href":"https:\/\/app.ipaidthat.io\/mag\/wp-json\/wp\/v2\/tags?post=9189"}],"curies":[{"name":"wp","href":"https:\/\/api.w.org\/{rel}","templated":true}]}}