{"id":8601,"date":"2022-01-21T16:00:43","date_gmt":"2022-01-21T15:00:43","guid":{"rendered":"https:\/\/ipaidthat.io\/mag\/?p=8601"},"modified":"2022-01-21T16:00:43","modified_gmt":"2022-01-21T15:00:43","slug":"serie-et-si-vous-souffriez-de-phobie-administrative-dans-votre-gestion-comptable","status":"publish","type":"post","link":"https:\/\/app.ipaidthat.io\/mag\/featured\/serie-et-si-vous-souffriez-de-phobie-administrative-dans-votre-gestion-comptable\/","title":{"rendered":"S\u00c9RIE : Et si vous souffriez de phobie administrative dans votre gestion comptable ?"},"content":{"rendered":"\n<p>Vous \u00eates peut-\u00eatre victime de \u201c <strong>phobie administrative<\/strong> \u201d des t\u00e2ches comptables. Une peur panique et g\u00eanante de tout ce qui concerne l\u2019administration comptable de votre entreprise. Vous souffrez de l\u2019angoisse de la paperasse comptable\u2026<\/p>\n\n\n\n<p>Ne paniquez pas, car ce n\u2019est pas une annonce irr\u00e9m\u00e9diable !&nbsp;<\/p>\n\n\n\n<figure class=\"wp-block-image size-large\"><img decoding=\"async\" src=\"https:\/\/ipaidthat.io\/mag\/wp-content\/uploads\/2022\/01\/phobie-administrative-1024x576.png\" alt=\"phobie-administrative\" class=\"wp-image-8618\"\/><figcaption><em>Image modifi\u00e9e issue de :&nbsp;<\/em>storyset.com<\/figcaption><\/figure>\n\n\n\n<h2 class=\"wp-block-heading\"><span class=\"underline--hover\"><strong>La phobie administrative de la gestion comptable, qu&rsquo;est-ce que c&rsquo;est ?<\/strong><\/span><\/h2>\n\n\n\n<p>Comme des milliers de dirigeants, vous d\u00e9veloppez une forme pouss\u00e9e de crainte administrative dans l&rsquo;ex\u00e9cution votre comptabilit\u00e9, souvent li\u00e9e aux heures pass\u00e9es sur la paperasse et aux complications bureaucratiques v\u00e9cues.&nbsp;<\/p>\n\n\n\n<p>Petite mise en situation pour observer le raisonnement et les difficult\u00e9s que peut rencontrer un phobique au quotidien.<\/p>\n\n\n\n<p class=\"has-text-align-center\">\u2193<\/p>\n\n\n\n<p>La <strong>gestion de la comptabilit\u00e9 <\/strong>\u00e9tant une obligation l\u00e9gale des entreprises, face \u00e0 celle-ci, vous avez r\u00e9guli\u00e8rement une peur bleue de vous y mettre :&nbsp;<\/p>\n\n\n\n<ul class=\"wp-block-list\"><li>Ex\u00e9cuter diverses t\u00e2ches comptables<\/li><li>Suivre la gestion de votre <a href=\"https:\/\/ipaidthat.io\/mag\/tresorerie\/5-etapes-concretes-pour-une-gestion-de-tresorerie-optimale\/\" target=\"_blank\" rel=\"noreferrer noopener\">tr\u00e9sorerie d\u2019entreprise<\/a><\/li><li>Estimer et pr\u00e9voir des budgets d\u2019affectation<\/li><li>Produire des documents comptables<\/li><li>D\u00e9clarer vos imp\u00f4ts (<a href=\"https:\/\/ipaidthat.io\/mag\/fiscalite\/la-tva-expliquee-par-un-expert-comptable-1\/\" target=\"_blank\" rel=\"noreferrer noopener\">TVA<\/a>, <a href=\"https:\/\/ipaidthat.io\/mag\/fiscalite\/serie-la-tva-expliquee-par-un-expert-comptable-4\/#9_-_La_TVA_intracommunautaire\" target=\"_blank\" rel=\"noreferrer noopener\">DEB\/DES<\/a>, CVAE, CFE,<a href=\"https:\/\/www.service-public.fr\/professionnels-entreprises\/vosdroits\/F23510#:~:text=L'entreprise%20redevable%20doit%20calculer,d'acompte%20n%C2%B02571.\" target=\"_blank\" rel=\"noreferrer noopener\"> IS<\/a>, \u2026)<\/li><li>Avoir rendez-vous avec l\u2019<strong>administration fiscale<\/strong>, votre expert-comptable ou votre banquier<\/li><\/ul>\n\n\n\n<p>Votre premier r\u00e9flexe :&nbsp;<\/p>\n\n\n\n<ol class=\"wp-block-list\"><li><em>Procrastiner ind\u00e9finiment<\/em><\/li><\/ol>\n\n\n\n<p>\u00c7a ne vous parle pas ? Cela passe par le besoin constant de remettre votre travail comptable \u00e0 plus tard \u2192 vous \u00eates LE sp\u00e9cialiste du \u201c je procrastine et je procrastinerai encore et encore\u201d, en oubliant parfois l\u2019existence m\u00eame de vos \u00e9ch\u00e9ances jusqu\u2019\u00e0 vous convaincre qu\u2019elles ne sont urgentes.<\/p>\n\n\n\n<ol class=\"wp-block-list\" start=\"2\"><li><em>\u00catre dans l\u2019angoisse permanente<\/em><\/li><\/ol>\n\n\n\n<p>Faire face \u00e0 vos <strong>charges administratives<\/strong> comptables vous rebute. R\u00e9sultat, vous faites des erreurs, omettez des d\u00e9clarations et subissez des p\u00e9nalit\u00e9s, car l\u2019Administration, elle, n\u2019attend pas !<\/p>\n\n\n\n<p>La loi exerce son pouvoir coercitif pour vous convaincre du r\u00e8glement de vos obligations l\u00e9gales (amendes, peines, suspensions, blocages, \u2026), mais vous avez plut\u00f4t tendance \u00e0 vivre cela comme une injustice.<\/p>\n\n\n\n<ol class=\"wp-block-list\" start=\"3\"><li><em>Et la boucle s&rsquo;enclenche\u2026<\/em><\/li><\/ol>\n\n\n\n<p>N\u2019importe quel dirigeant, peu importe son domaine d\u2019activit\u00e9, rencontre dans son aventure entrepreneuriale, des difficult\u00e9s qui peuvent mener \u00e0 cette crainte maladive des obligations comptables (amendes re\u00e7ues par le pass\u00e9, refus syst\u00e9matique d\u2019un dossier et de celui-ci renvoi \u00e0 de multiples reprises, \u2026).<\/p>\n\n\n\n<p class=\"has-text-align-center\">Le casse-t\u00eate commence\u2026<\/p>\n\n\n\n<figure class=\"wp-block-image size-large is-style-rounded\"><img decoding=\"async\" src=\"https:\/\/ipaidthat.io\/mag\/wp-content\/uploads\/2022\/01\/phobie-administrative-boucle-1024x576.png\" alt=\"phobie administrative boucle\" class=\"wp-image-8636\"\/><\/figure>\n\n\n\n<h2 class=\"wp-block-heading\"><span class=\"underline--hover\"><strong>Les dangers d\u2019une mauvaise gestion comptable<\/strong><\/span><\/h2>\n\n\n\n<p>Ces comportements glissent constamment vers des dangers pour la <strong>viabilit\u00e9 de l\u2019entreprise<\/strong>. Au-del\u00e0 des r\u00e9percussions l\u00e9gales (financi\u00e8res, indice de confiance, gestion), ces agissements flirtent dangereusement avec vos capacit\u00e9s de gestionnaire. Ils les mettent en p\u00e9ril. <\/p>\n\n\n\n<p>En tant qu\u2019entrepreneur, vous devez pouvoir voir et anticiper vos charges comptables afin de suivre leur bon d\u00e9roul\u00e9 et leur ex\u00e9cution en temps et en heure.&nbsp;<\/p>\n\n\n\n<p>Vous \u00eates le chef d\u2019orchestre ! En revanche, si vous pilotez mal votre <strong>gestion comptable <\/strong>et pratiquez la strat\u00e9gie de l\u2019\u00e9vitement, alors les probl\u00e8mes d\u00e9buteront :<\/p>\n\n\n\n<ul class=\"wp-block-list\"><li>Difficult\u00e9s et impossibilit\u00e9 d\u2019organisation&nbsp;<\/li><li>Maintien des difficult\u00e9s g\u00e9n\u00e9r\u00e9es par la situation<\/li><li>Ralentissement du d\u00e9veloppement de l\u2019entreprise<\/li><li>Stress et erreurs comptables<\/li><li>Sentiment d\u2019impuissance face \u00e0 la bureaucratie<\/li><li>Sanctions<\/li><\/ul>\n\n\n\n<h2 class=\"wp-block-heading\"><span class=\"underline--hover\"><strong>Comment y rem\u00e9dier avec des solutions simples ?<\/strong><\/span><\/h2>\n\n\n\n<p>Pour g\u00e9rer au mieux votre <strong>comptabilit\u00e9 d\u2019entreprise<\/strong>, ainsi que vos missions administratives annexes, voici des solutions adapt\u00e9es et efficaces.<\/p>\n\n\n\n<h3 class=\"wp-block-heading\"><strong>Les pauses administratives<\/strong><\/h3>\n\n\n\n<p>Angoisse administrative ? Faites r\u00e9guli\u00e8rement des pauses sur vos missions journali\u00e8res. Traitez au fur et \u00e0 mesure les documents, puis quand le d\u00e9bordement arrive, prenez une pause qui \u00e9vitera le stress.<\/p>\n\n\n\n<h3 class=\"wp-block-heading\"><strong>Le recours au tri<\/strong><\/h3>\n\n\n\n<p>Accordez chaque semaine, un temps d\u00e9di\u00e9 \u00e0 la gestion des documents administratifs. Triez tout progressivement, plut\u00f4t que d\u2019une traite. Ayez un objectif pr\u00e9cis et r\u00e9alisable.<\/p>\n\n\n\n<p>Il faudra rester organis\u00e9 afin de traiter votre tri par ordre de priorit\u00e9. Ainsi, votre gestion d\u2019entreprise n\u2019en sortira que plus efficace !<\/p>\n\n\n\n<h3 class=\"wp-block-heading\"><strong>Rendez<\/strong><strong> agr\u00e9able vos<\/strong><strong> op\u00e9rations comptables<\/strong><\/h3>\n\n\n\n<p>On vous l\u2019accorde, les imp\u00e9ratifs comptables ce n\u2019est pas tr\u00e8s dr\u00f4le. Pourquoi ne pas vous r\u00e9compenser lorsque vous atteignez votre objectif, ou d\u00e9tendre un peu l\u2019atmosph\u00e8re en s\u2019occupant de ces charges dans un endroit qui vous met \u00e0 l&rsquo;aise ? C\u2019est un premier pas, mais ce n\u2019est pas tout, car il s\u2019agira aussi de se faire aider.<\/p>\n\n\n\n<h3 class=\"wp-block-heading\"><strong>D\u00e9gagez du temps<\/strong><\/h3>\n\n\n\n<p>Vous avez besoin d\u2019une assistance virtuelle. La digitalisation des entreprises est la solution id\u00e9ale pour palier \u00e0 vos difficult\u00e9s de gestion comptable.&nbsp;<\/p>\n\n\n\n<p>Ce qu\u2019un <strong>logiciel pr\u00e9-comptable<\/strong> peut vous apporter, c\u2019est tout un accompagnement en amont de vos d\u00e9clarations. Qu\u2019il s\u2019agisse de la cat\u00e9gorisation de vos factures, d\u2019une estimation fiscale, du suivi de votre tr\u00e9sorerie, de votre pr\u00e9visionnel budg\u00e9taire, et m\u00eame vos paiements. L\u2019automatisation de vos t\u00e2ches pr\u00e9-comptables et financi\u00e8res est un moyen efficace pour gagner du temps et davantage de s\u00e9r\u00e9nit\u00e9.<\/p>\n\n\n\n<h3 class=\"wp-block-heading\"><strong>Reposez-vous sur un outil de gestion pr\u00e9-comptable<\/strong><\/h3>\n\n\n\n<p>Le ma\u00eetre mot pour votre gestion : <a href=\"https:\/\/ipaidthat.io\/mag\/comptabilite\/digitalisation-des-factures-reglementations-chorus-pro-ce-qui-vous-attend-dici-2024\/\" target=\"_blank\" rel=\"noreferrer noopener\">d\u00e9mat\u00e9rialiser<\/a>.<\/p>\n\n\n\n<p>Une t\u00e2che administrative ne se r\u00e8gle pas toute seule. Vous pouvez compter sur iPaidThat pour soutenir votre gestion d\u2019entreprise.<\/p>\n\n\n\n<p>Notre logiciel de<strong> <a href=\"https:\/\/ipaidthat.io\/fr\/?utm_source=mag&amp;utm_campaign=texte&amp;utm_content=texte\">gestion tout-en-un<\/a><\/strong> vous apporte de la flexibilit\u00e9 et des outils collaboratifs simples :<\/p>\n\n\n\n<ul class=\"wp-block-list\"><li>Banque connect\u00e9e<\/li><li>R\u00e9cup\u00e9ration et int\u00e9gration automatique des factures<\/li><li>Pr\u00e9visionnel et suivi de tr\u00e9sorerie<\/li><li>Plateforme de Gestion \u00c9lectronique des Documents (<strong>GED<\/strong>)<\/li><li><a href=\"https:\/\/ipaidthat.io\/fr\/notes-de-frais\/?utm_source=mag&amp;utm_campaign=menu&amp;utm_content=menu\">Application de gestion des notes de frais<\/a><\/li><\/ul>\n\n\n\n<p>Afin que la comptabilit\u00e9 ne soit plus une contrainte pour vous.<\/p>\n\n\n\n<p>Cette nouvelle approche vous apporte un gain de temps, de productivit\u00e9 et fait faire des \u00e9conomies \u00e0 votre entreprise.&nbsp;<\/p>\n\n\n\n<p>C\u2019est aussi moins de charge mentale pour vous, qui n\u2019avez plus \u00e0 vous pr\u00e9occuper des t\u00e2ches chronophages ! Vous obtenez plus de temps pour l\u2019accompagnement de votre client\u00e8le, sa fid\u00e9lisation et sur des r\u00e9flexions strat\u00e9giques sur la rentabilisation de l\u2019entreprise. En bref, du temps pour vous concentrer sur votre c\u0153ur de m\u00e9tier.<\/p>\n\n\n\n<p class=\"has-text-align-center\"><strong><a href=\"https:\/\/ipaidthat.io\/fr\/?utm_source=mag&amp;utm_campaign=texte&amp;utm_content=texte\">Essayez gratuitement iPaidThat, le logiciel SaaS enti\u00e8rement d\u00e9di\u00e9 \u00e0 votre gestion d\u2019entreprise<\/a><\/strong><\/p>\n","protected":false},"excerpt":{"rendered":"<p>Vous \u00eates peut-\u00eatre victime de \u201c phobie administrative \u201d des t\u00e2ches comptables. Une peur panique et g\u00eanante de tout ce qui concerne l\u2019administration comptable de votre entreprise. Vous souffrez de l\u2019angoisse de la paperasse comptable\u2026 Ne paniquez pas, car ce n\u2019est pas une annonce irr\u00e9m\u00e9diable !&nbsp; La phobie administrative de la gestion comptable, qu&rsquo;est-ce que [&hellip;]<\/p>\n","protected":false},"author":4,"featured_media":0,"comment_status":"open","ping_status":"open","sticky":false,"template":"","format":"standard","meta":{"footnotes":""},"categories":[5,4],"tags":[],"class_list":["post-8601","post","type-post","status-publish","format-standard","hentry","category-comptabilite","category-featured"],"yoast_head":"<!-- This site is optimized with the Yoast SEO plugin v26.6 - https:\/\/yoast.com\/wordpress\/plugins\/seo\/ -->\n<title>S\u00c9RIE : Et si vous souffriez de phobie administrative dans votre gestion comptable ?<\/title>\n<meta name=\"description\" content=\"La phobie administrative est un frein. Peu d&#039;entrepreneurs sont conscients de l&#039;avoir, mais cela nuit fortement \u00e0 votre gestion comptable.\" \/>\n<meta name=\"robots\" content=\"index, follow, max-snippet:-1, max-image-preview:large, max-video-preview:-1\" \/>\n<link rel=\"canonical\" href=\"https:\/\/app.ipaidthat.io\/mag\/featured\/serie-et-si-vous-souffriez-de-phobie-administrative-dans-votre-gestion-comptable\/\" \/>\n<meta property=\"og:locale\" content=\"fr_FR\" \/>\n<meta property=\"og:type\" content=\"article\" \/>\n<meta property=\"og:title\" content=\"S\u00c9RIE : Et si vous souffriez de phobie administrative dans votre gestion comptable ?\" \/>\n<meta property=\"og:description\" content=\"La phobie administrative est un frein. Peu d&#039;entrepreneurs sont conscients de l&#039;avoir, mais cela nuit fortement \u00e0 votre gestion comptable.\" \/>\n<meta property=\"og:url\" content=\"https:\/\/app.ipaidthat.io\/mag\/featured\/serie-et-si-vous-souffriez-de-phobie-administrative-dans-votre-gestion-comptable\/\" \/>\n<meta property=\"og:site_name\" content=\"iPaidThat Mag\" \/>\n<meta property=\"article:published_time\" content=\"2022-01-21T15:00:43+00:00\" \/>\n<meta property=\"og:image\" content=\"https:\/\/ipaidthat.io\/mag\/wp-content\/uploads\/2022\/01\/phobie-administrative-1024x576.png\" \/>\n<meta name=\"author\" content=\"S\u00e9bastien Claeys\" \/>\n<meta name=\"twitter:card\" content=\"summary_large_image\" \/>\n<meta name=\"twitter:label1\" content=\"\u00c9crit par\" \/>\n\t<meta name=\"twitter:data1\" content=\"S\u00e9bastien Claeys\" \/>\n\t<meta name=\"twitter:label2\" content=\"Dur\u00e9e de lecture estim\u00e9e\" \/>\n\t<meta name=\"twitter:data2\" content=\"5 minutes\" \/>\n<script type=\"application\/ld+json\" class=\"yoast-schema-graph\">{\"@context\":\"https:\/\/schema.org\",\"@graph\":[{\"@type\":\"Article\",\"@id\":\"https:\/\/app.ipaidthat.io\/mag\/featured\/serie-et-si-vous-souffriez-de-phobie-administrative-dans-votre-gestion-comptable\/#article\",\"isPartOf\":{\"@id\":\"https:\/\/app.ipaidthat.io\/mag\/featured\/serie-et-si-vous-souffriez-de-phobie-administrative-dans-votre-gestion-comptable\/\"},\"author\":{\"name\":\"S\u00e9bastien Claeys\",\"@id\":\"https:\/\/app.ipaidthat.io\/mag\/#\/schema\/person\/021144662586a12df79c88913050baaa\"},\"headline\":\"S\u00c9RIE : Et si vous souffriez de phobie administrative dans votre gestion comptable ?\",\"datePublished\":\"2022-01-21T15:00:43+00:00\",\"mainEntityOfPage\":{\"@id\":\"https:\/\/app.ipaidthat.io\/mag\/featured\/serie-et-si-vous-souffriez-de-phobie-administrative-dans-votre-gestion-comptable\/\"},\"wordCount\":1042,\"commentCount\":0,\"publisher\":{\"@id\":\"https:\/\/app.ipaidthat.io\/mag\/#organization\"},\"image\":{\"@id\":\"https:\/\/app.ipaidthat.io\/mag\/featured\/serie-et-si-vous-souffriez-de-phobie-administrative-dans-votre-gestion-comptable\/#primaryimage\"},\"thumbnailUrl\":\"https:\/\/ipaidthat.io\/mag\/wp-content\/uploads\/2022\/01\/phobie-administrative-1024x576.png\",\"articleSection\":[\"Comptabilit\u00e9\",\"Featured\"],\"inLanguage\":\"fr-FR\",\"potentialAction\":[{\"@type\":\"CommentAction\",\"name\":\"Comment\",\"target\":[\"https:\/\/app.ipaidthat.io\/mag\/featured\/serie-et-si-vous-souffriez-de-phobie-administrative-dans-votre-gestion-comptable\/#respond\"]}]},{\"@type\":\"WebPage\",\"@id\":\"https:\/\/app.ipaidthat.io\/mag\/featured\/serie-et-si-vous-souffriez-de-phobie-administrative-dans-votre-gestion-comptable\/\",\"url\":\"https:\/\/app.ipaidthat.io\/mag\/featured\/serie-et-si-vous-souffriez-de-phobie-administrative-dans-votre-gestion-comptable\/\",\"name\":\"S\u00c9RIE : Et si vous souffriez de phobie administrative dans votre gestion comptable ?\",\"isPartOf\":{\"@id\":\"https:\/\/app.ipaidthat.io\/mag\/#website\"},\"primaryImageOfPage\":{\"@id\":\"https:\/\/app.ipaidthat.io\/mag\/featured\/serie-et-si-vous-souffriez-de-phobie-administrative-dans-votre-gestion-comptable\/#primaryimage\"},\"image\":{\"@id\":\"https:\/\/app.ipaidthat.io\/mag\/featured\/serie-et-si-vous-souffriez-de-phobie-administrative-dans-votre-gestion-comptable\/#primaryimage\"},\"thumbnailUrl\":\"https:\/\/ipaidthat.io\/mag\/wp-content\/uploads\/2022\/01\/phobie-administrative-1024x576.png\",\"datePublished\":\"2022-01-21T15:00:43+00:00\",\"description\":\"La phobie administrative est un frein. Peu d'entrepreneurs sont conscients de l'avoir, mais cela nuit fortement \u00e0 votre gestion comptable.\",\"breadcrumb\":{\"@id\":\"https:\/\/app.ipaidthat.io\/mag\/featured\/serie-et-si-vous-souffriez-de-phobie-administrative-dans-votre-gestion-comptable\/#breadcrumb\"},\"inLanguage\":\"fr-FR\",\"potentialAction\":[{\"@type\":\"ReadAction\",\"target\":[\"https:\/\/app.ipaidthat.io\/mag\/featured\/serie-et-si-vous-souffriez-de-phobie-administrative-dans-votre-gestion-comptable\/\"]}]},{\"@type\":\"ImageObject\",\"inLanguage\":\"fr-FR\",\"@id\":\"https:\/\/app.ipaidthat.io\/mag\/featured\/serie-et-si-vous-souffriez-de-phobie-administrative-dans-votre-gestion-comptable\/#primaryimage\",\"url\":\"https:\/\/ipaidthat.io\/mag\/wp-content\/uploads\/2022\/01\/phobie-administrative-1024x576.png\",\"contentUrl\":\"https:\/\/ipaidthat.io\/mag\/wp-content\/uploads\/2022\/01\/phobie-administrative-1024x576.png\"},{\"@type\":\"BreadcrumbList\",\"@id\":\"https:\/\/app.ipaidthat.io\/mag\/featured\/serie-et-si-vous-souffriez-de-phobie-administrative-dans-votre-gestion-comptable\/#breadcrumb\",\"itemListElement\":[{\"@type\":\"ListItem\",\"position\":1,\"name\":\"Le Mag\",\"item\":\"https:\/\/app.ipaidthat.io\/mag\/\"},{\"@type\":\"ListItem\",\"position\":2,\"name\":\"S\u00c9RIE : Et si vous souffriez de phobie administrative dans votre gestion comptable ?\"}]},{\"@type\":\"WebSite\",\"@id\":\"https:\/\/app.ipaidthat.io\/mag\/#website\",\"url\":\"https:\/\/app.ipaidthat.io\/mag\/\",\"name\":\"IPaidThat Mag\",\"description\":\"Une gestion simple, automatis\u00e9e et collaborative\",\"publisher\":{\"@id\":\"https:\/\/app.ipaidthat.io\/mag\/#organization\"},\"potentialAction\":[{\"@type\":\"SearchAction\",\"target\":{\"@type\":\"EntryPoint\",\"urlTemplate\":\"https:\/\/app.ipaidthat.io\/mag\/?s={search_term_string}\"},\"query-input\":{\"@type\":\"PropertyValueSpecification\",\"valueRequired\":true,\"valueName\":\"search_term_string\"}}],\"inLanguage\":\"fr-FR\"},{\"@type\":\"Organization\",\"@id\":\"https:\/\/app.ipaidthat.io\/mag\/#organization\",\"name\":\"IPaidThat Mag\",\"url\":\"https:\/\/app.ipaidthat.io\/mag\/\",\"logo\":{\"@type\":\"ImageObject\",\"inLanguage\":\"fr-FR\",\"@id\":\"https:\/\/app.ipaidthat.io\/mag\/#\/schema\/logo\/image\/\",\"url\":\"https:\/\/app.ipaidthat.io\/mag\/wp-content\/uploads\/2025\/11\/logo-le-mag-blog-ipaidthat.png\",\"contentUrl\":\"https:\/\/app.ipaidthat.io\/mag\/wp-content\/uploads\/2025\/11\/logo-le-mag-blog-ipaidthat.png\",\"width\":1817,\"height\":524,\"caption\":\"IPaidThat Mag\"},\"image\":{\"@id\":\"https:\/\/app.ipaidthat.io\/mag\/#\/schema\/logo\/image\/\"}},{\"@type\":\"Person\",\"@id\":\"https:\/\/app.ipaidthat.io\/mag\/#\/schema\/person\/021144662586a12df79c88913050baaa\",\"name\":\"S\u00e9bastien Claeys\",\"image\":{\"@type\":\"ImageObject\",\"inLanguage\":\"fr-FR\",\"@id\":\"https:\/\/app.ipaidthat.io\/mag\/#\/schema\/person\/image\/\",\"url\":\"https:\/\/app.ipaidthat.io\/mag\/wp-content\/uploads\/2023\/02\/sebastien-clayes-ipaidthat-96x96.png\",\"contentUrl\":\"https:\/\/app.ipaidthat.io\/mag\/wp-content\/uploads\/2023\/02\/sebastien-clayes-ipaidthat-96x96.png\",\"caption\":\"S\u00e9bastien Claeys\"},\"url\":\"https:\/\/app.ipaidthat.io\/mag\/author\/sebastienipaidthat-io\/\"}]}<\/script>\n<!-- \/ Yoast SEO plugin. -->","yoast_head_json":{"title":"S\u00c9RIE : Et si vous souffriez de phobie administrative dans votre gestion comptable ?","description":"La phobie administrative est un frein. Peu d'entrepreneurs sont conscients de l'avoir, mais cela nuit fortement \u00e0 votre gestion comptable.","robots":{"index":"index","follow":"follow","max-snippet":"max-snippet:-1","max-image-preview":"max-image-preview:large","max-video-preview":"max-video-preview:-1"},"canonical":"https:\/\/app.ipaidthat.io\/mag\/featured\/serie-et-si-vous-souffriez-de-phobie-administrative-dans-votre-gestion-comptable\/","og_locale":"fr_FR","og_type":"article","og_title":"S\u00c9RIE : Et si vous souffriez de phobie administrative dans votre gestion comptable ?","og_description":"La phobie administrative est un frein. Peu d'entrepreneurs sont conscients de l'avoir, mais cela nuit fortement \u00e0 votre gestion comptable.","og_url":"https:\/\/app.ipaidthat.io\/mag\/featured\/serie-et-si-vous-souffriez-de-phobie-administrative-dans-votre-gestion-comptable\/","og_site_name":"iPaidThat Mag","article_published_time":"2022-01-21T15:00:43+00:00","og_image":[{"url":"https:\/\/ipaidthat.io\/mag\/wp-content\/uploads\/2022\/01\/phobie-administrative-1024x576.png","type":"","width":"","height":""}],"author":"S\u00e9bastien Claeys","twitter_card":"summary_large_image","twitter_misc":{"\u00c9crit par":"S\u00e9bastien Claeys","Dur\u00e9e de lecture estim\u00e9e":"5 minutes"},"schema":{"@context":"https:\/\/schema.org","@graph":[{"@type":"Article","@id":"https:\/\/app.ipaidthat.io\/mag\/featured\/serie-et-si-vous-souffriez-de-phobie-administrative-dans-votre-gestion-comptable\/#article","isPartOf":{"@id":"https:\/\/app.ipaidthat.io\/mag\/featured\/serie-et-si-vous-souffriez-de-phobie-administrative-dans-votre-gestion-comptable\/"},"author":{"name":"S\u00e9bastien Claeys","@id":"https:\/\/app.ipaidthat.io\/mag\/#\/schema\/person\/021144662586a12df79c88913050baaa"},"headline":"S\u00c9RIE : Et si vous souffriez de phobie administrative dans votre gestion comptable ?","datePublished":"2022-01-21T15:00:43+00:00","mainEntityOfPage":{"@id":"https:\/\/app.ipaidthat.io\/mag\/featured\/serie-et-si-vous-souffriez-de-phobie-administrative-dans-votre-gestion-comptable\/"},"wordCount":1042,"commentCount":0,"publisher":{"@id":"https:\/\/app.ipaidthat.io\/mag\/#organization"},"image":{"@id":"https:\/\/app.ipaidthat.io\/mag\/featured\/serie-et-si-vous-souffriez-de-phobie-administrative-dans-votre-gestion-comptable\/#primaryimage"},"thumbnailUrl":"https:\/\/ipaidthat.io\/mag\/wp-content\/uploads\/2022\/01\/phobie-administrative-1024x576.png","articleSection":["Comptabilit\u00e9","Featured"],"inLanguage":"fr-FR","potentialAction":[{"@type":"CommentAction","name":"Comment","target":["https:\/\/app.ipaidthat.io\/mag\/featured\/serie-et-si-vous-souffriez-de-phobie-administrative-dans-votre-gestion-comptable\/#respond"]}]},{"@type":"WebPage","@id":"https:\/\/app.ipaidthat.io\/mag\/featured\/serie-et-si-vous-souffriez-de-phobie-administrative-dans-votre-gestion-comptable\/","url":"https:\/\/app.ipaidthat.io\/mag\/featured\/serie-et-si-vous-souffriez-de-phobie-administrative-dans-votre-gestion-comptable\/","name":"S\u00c9RIE : Et si vous souffriez de phobie administrative dans votre gestion comptable ?","isPartOf":{"@id":"https:\/\/app.ipaidthat.io\/mag\/#website"},"primaryImageOfPage":{"@id":"https:\/\/app.ipaidthat.io\/mag\/featured\/serie-et-si-vous-souffriez-de-phobie-administrative-dans-votre-gestion-comptable\/#primaryimage"},"image":{"@id":"https:\/\/app.ipaidthat.io\/mag\/featured\/serie-et-si-vous-souffriez-de-phobie-administrative-dans-votre-gestion-comptable\/#primaryimage"},"thumbnailUrl":"https:\/\/ipaidthat.io\/mag\/wp-content\/uploads\/2022\/01\/phobie-administrative-1024x576.png","datePublished":"2022-01-21T15:00:43+00:00","description":"La phobie administrative est un frein. Peu d'entrepreneurs sont conscients de l'avoir, mais cela nuit fortement \u00e0 votre gestion comptable.","breadcrumb":{"@id":"https:\/\/app.ipaidthat.io\/mag\/featured\/serie-et-si-vous-souffriez-de-phobie-administrative-dans-votre-gestion-comptable\/#breadcrumb"},"inLanguage":"fr-FR","potentialAction":[{"@type":"ReadAction","target":["https:\/\/app.ipaidthat.io\/mag\/featured\/serie-et-si-vous-souffriez-de-phobie-administrative-dans-votre-gestion-comptable\/"]}]},{"@type":"ImageObject","inLanguage":"fr-FR","@id":"https:\/\/app.ipaidthat.io\/mag\/featured\/serie-et-si-vous-souffriez-de-phobie-administrative-dans-votre-gestion-comptable\/#primaryimage","url":"https:\/\/ipaidthat.io\/mag\/wp-content\/uploads\/2022\/01\/phobie-administrative-1024x576.png","contentUrl":"https:\/\/ipaidthat.io\/mag\/wp-content\/uploads\/2022\/01\/phobie-administrative-1024x576.png"},{"@type":"BreadcrumbList","@id":"https:\/\/app.ipaidthat.io\/mag\/featured\/serie-et-si-vous-souffriez-de-phobie-administrative-dans-votre-gestion-comptable\/#breadcrumb","itemListElement":[{"@type":"ListItem","position":1,"name":"Le Mag","item":"https:\/\/app.ipaidthat.io\/mag\/"},{"@type":"ListItem","position":2,"name":"S\u00c9RIE : Et si vous souffriez de phobie administrative dans votre gestion comptable ?"}]},{"@type":"WebSite","@id":"https:\/\/app.ipaidthat.io\/mag\/#website","url":"https:\/\/app.ipaidthat.io\/mag\/","name":"IPaidThat Mag","description":"Une gestion simple, automatis\u00e9e et collaborative","publisher":{"@id":"https:\/\/app.ipaidthat.io\/mag\/#organization"},"potentialAction":[{"@type":"SearchAction","target":{"@type":"EntryPoint","urlTemplate":"https:\/\/app.ipaidthat.io\/mag\/?s={search_term_string}"},"query-input":{"@type":"PropertyValueSpecification","valueRequired":true,"valueName":"search_term_string"}}],"inLanguage":"fr-FR"},{"@type":"Organization","@id":"https:\/\/app.ipaidthat.io\/mag\/#organization","name":"IPaidThat Mag","url":"https:\/\/app.ipaidthat.io\/mag\/","logo":{"@type":"ImageObject","inLanguage":"fr-FR","@id":"https:\/\/app.ipaidthat.io\/mag\/#\/schema\/logo\/image\/","url":"https:\/\/app.ipaidthat.io\/mag\/wp-content\/uploads\/2025\/11\/logo-le-mag-blog-ipaidthat.png","contentUrl":"https:\/\/app.ipaidthat.io\/mag\/wp-content\/uploads\/2025\/11\/logo-le-mag-blog-ipaidthat.png","width":1817,"height":524,"caption":"IPaidThat Mag"},"image":{"@id":"https:\/\/app.ipaidthat.io\/mag\/#\/schema\/logo\/image\/"}},{"@type":"Person","@id":"https:\/\/app.ipaidthat.io\/mag\/#\/schema\/person\/021144662586a12df79c88913050baaa","name":"S\u00e9bastien Claeys","image":{"@type":"ImageObject","inLanguage":"fr-FR","@id":"https:\/\/app.ipaidthat.io\/mag\/#\/schema\/person\/image\/","url":"https:\/\/app.ipaidthat.io\/mag\/wp-content\/uploads\/2023\/02\/sebastien-clayes-ipaidthat-96x96.png","contentUrl":"https:\/\/app.ipaidthat.io\/mag\/wp-content\/uploads\/2023\/02\/sebastien-clayes-ipaidthat-96x96.png","caption":"S\u00e9bastien Claeys"},"url":"https:\/\/app.ipaidthat.io\/mag\/author\/sebastienipaidthat-io\/"}]}},"_links":{"self":[{"href":"https:\/\/app.ipaidthat.io\/mag\/wp-json\/wp\/v2\/posts\/8601","targetHints":{"allow":["GET"]}}],"collection":[{"href":"https:\/\/app.ipaidthat.io\/mag\/wp-json\/wp\/v2\/posts"}],"about":[{"href":"https:\/\/app.ipaidthat.io\/mag\/wp-json\/wp\/v2\/types\/post"}],"author":[{"embeddable":true,"href":"https:\/\/app.ipaidthat.io\/mag\/wp-json\/wp\/v2\/users\/4"}],"replies":[{"embeddable":true,"href":"https:\/\/app.ipaidthat.io\/mag\/wp-json\/wp\/v2\/comments?post=8601"}],"version-history":[{"count":0,"href":"https:\/\/app.ipaidthat.io\/mag\/wp-json\/wp\/v2\/posts\/8601\/revisions"}],"wp:attachment":[{"href":"https:\/\/app.ipaidthat.io\/mag\/wp-json\/wp\/v2\/media?parent=8601"}],"wp:term":[{"taxonomy":"category","embeddable":true,"href":"https:\/\/app.ipaidthat.io\/mag\/wp-json\/wp\/v2\/categories?post=8601"},{"taxonomy":"post_tag","embeddable":true,"href":"https:\/\/app.ipaidthat.io\/mag\/wp-json\/wp\/v2\/tags?post=8601"}],"curies":[{"name":"wp","href":"https:\/\/api.w.org\/{rel}","templated":true}]}}