{"id":7965,"date":"2021-12-09T14:36:49","date_gmt":"2021-12-09T13:36:49","guid":{"rendered":"https:\/\/ipaidthat.io\/mag\/?p=7965"},"modified":"2021-12-09T14:36:49","modified_gmt":"2021-12-09T13:36:49","slug":"digitalisation-des-factures-reglementations-chorus-pro-ce-qui-vous-attend-dici-2024","status":"publish","type":"post","link":"https:\/\/app.ipaidthat.io\/mag\/featured\/digitalisation-des-factures-reglementations-chorus-pro-ce-qui-vous-attend-dici-2024\/","title":{"rendered":"Digitalisation des factures : r\u00e9glementations, chorus pro, ce qui vous attend d\u2019ici 2024"},"content":{"rendered":"\n<p class=\"has-background\" style=\"background-color:#fff5e3\">Note : La date butoir du 1er juillet 2024 pour que les entreprises \u00e9mettent et re\u00e7oivent des factures \u00e9lectroniques est repouss\u00e9e. Une nouvelle date sera d\u00e9termin\u00e9e dans la loi de finances 2024.<\/p>\n\n\n\n<p>\u00c0 l\u2019horizon 2024, chaque entreprise devra accepter et \u00e9mettre des factures \u00e9lectroniques. Autrement dit, l\u2019op\u00e9ration digitalisation des factures, notamment avec le portail Chorus Pro, est d\u00e9j\u00e0 lanc\u00e9e. Pensez-vous \u00eatre pr\u00eat pour ce virage num\u00e9rique ?<\/p>\n\n\n\n<p>Depuis quelques ann\u00e9es, le gouvernement met en \u0153uvre des solutions pour <a href=\"https:\/\/ipaidthat.io\/mag\/fiscalite\/loi-anti-fraude-tva\/\" target=\"_blank\" rel=\"noreferrer noopener\">contrer les possibilit\u00e9s de fraude \u00e0 la TVA<\/a>. En France, la TVA repr\u00e9sente plus de la moiti\u00e9 des recettes de l\u2019\u00c9tat. Pourtant, la diff\u00e9rence entre les montants pr\u00e9visionnels de collecte et les montants r\u00e9els per\u00e7us ne cesse de cr\u00e9er la surprise, ann\u00e9e apr\u00e8s ann\u00e9e.&nbsp;<\/p>\n\n\n\n<p>L\u2019\u00c9tat a choisi de r\u00e9pondre par l\u2019action : la<a href=\"https:\/\/ipaidthat.io\/mag\/comptabilite\/factures-le-guide-de-la-collecte-et-de-la-gestion-automatique\/\" target=\"_blank\" rel=\"noreferrer noopener\"> facturation \u00e9lectronique<\/a> sera rendue obligatoire, \u00e0 l\u2019envoi et \u00e0 la r\u00e9ception, pour toutes les entreprises d\u2019ici 2026.<\/p>\n\n\n\n<figure class=\"wp-block-image size-large\"><img decoding=\"async\" src=\"https:\/\/ipaidthat.io\/mag\/wp-content\/uploads\/2021\/12\/loi-digitalisation-1024x576.png\" alt=\"loi digitalisation ipaidthat\" class=\"wp-image-7972\"\/><figcaption class=\"wp-element-caption\"><em>Image modifi\u00e9e issue de :&nbsp;<\/em>storyset.com<\/figcaption><\/figure>\n\n\n\n<h2 class=\"wp-block-heading\" id=\"les-entreprises-sur-le-qui-vive\"><strong>Les entreprises sur le qui-vive<\/strong><\/h2>\n\n\n\n<p>C\u2019est pour bient\u00f4t ! Le dispositif de <strong>d\u00e9mat\u00e9rialisation des factures<\/strong>, utilis\u00e9 par de nombreux <a href=\"https:\/\/ec.europa.eu\/info\/strategy\/priorities-2019-2024\/europe-fit-digital-age\/europes-digital-decade-digital-targets-2030_fr\" target=\"_blank\" rel=\"noreferrer noopener\">pays europ\u00e9ens<\/a>, a d\u2019ailleurs re\u00e7u le soutien du <a href=\"https:\/\/www.modernisation.gouv.fr\/transformer-laction-publique\/fonds-pour-la-transformation-de-laction-publique\" target=\"_blank\" rel=\"noreferrer noopener\">fonds de transformation de l\u2019action publique<\/a>.<\/p>\n\n\n\n<p>Cependant, il faut laisser du temps aux entreprises. C\u2019est pourquoi, le Gouvernement a d\u00e9j\u00e0 assign\u00e9 un calendrier \u00e0 la <strong>transition num\u00e9rique. <\/strong>Il am\u00e8ne progressivement la mise en r\u00e8gle, en fonction de la taille des entreprises et de leur domaine d\u2019activit\u00e9.&nbsp;<\/p>\n\n\n\n<h2 class=\"wp-block-heading\" id=\"tout-a-commence-des-2020-la-mise-en-place-du-chorus-pro\"><strong>Tout a commenc\u00e9 d\u00e8s 2020 : la mise en place du Chorus pro<\/strong><\/h2>\n\n\n\n<p>L\u2019article 153 de la <strong>Loi de Finances<\/strong> de 2020 fixe de nouvelles r\u00e8gles en mati\u00e8re de facturation entre les entreprises assujetties \u00e0 la <a href=\"https:\/\/ipaidthat.io\/mag\/fiscalite\/la-tva-expliquee-par-un-expert-comptable-1\/\" target=\"_blank\" rel=\"noreferrer noopener\">TVA<\/a>.<\/p>\n\n\n\n<p>C\u2019est simple,&nbsp;la d\u00e9mat\u00e9rialisation des factures deviendra la norme ! Les entreprises sont donc invit\u00e9es \u00e0 adopter rapidement, les factures \u00e9lectroniques (e-invoicing).&nbsp;<\/p>\n\n\n\n<h2 class=\"wp-block-heading\" id=\"les-inconvenients-de-la-facturation-standard\"><strong>Les inconv\u00e9nients de la facturation standard<\/strong><\/h2>\n\n\n\n<ul class=\"wp-block-list\">\n<li>Les tentatives de fraude \u00e0 la TVA&nbsp;<\/li>\n\n\n\n<li>Les t\u00e2ches administratives chronophages<\/li>\n\n\n\n<li>Le co\u00fbt (selon la direction g\u00e9n\u00e9rale des entreprises(DGE), entre 5\u20ac et 20\u20ac selon la facture)<\/li>\n\n\n\n<li>Le surco\u00fbt des factures papiers (en cas d\u2019impr\u00e9vu)<\/li>\n\n\n\n<li>La multiplication des erreurs<\/li>\n\n\n\n<li>La perte de documents<\/li>\n<\/ul>\n\n\n\n<h2 class=\"wp-block-heading\" id=\"les-avantages-de-la-facturation-numerique\"><strong>Les avantages de la facturation num\u00e9rique<\/strong><\/h2>\n\n\n\n<p>Il y a de nombreux avantages \u00e0 cette nouvelle <strong>num\u00e9risation r\u00e9glement\u00e9e<\/strong> :<\/p>\n\n\n\n<ul class=\"wp-block-list\">\n<li>L\u2019<a href=\"https:\/\/ipaidthat.io\/mag\/comptabilite\/ipaidthat-collecte-automatique-factures\/\" target=\"_blank\" rel=\"noreferrer noopener\">automatisation du processus<\/a> (pr\u00e9-remplissage, notifications, synchronisation en temps r\u00e9el, r\u00e9duction des erreurs et de la perte)<\/li>\n\n\n\n<li>La r\u00e9duction du co\u00fbt (co\u00fbt administratif g\u00e9n\u00e9ral du traitement d\u2019une facture).<\/li>\n\n\n\n<li>La d\u00e9marche \u00e9cologique<\/li>\n\n\n\n<li>Le syst\u00e8me lutte contre la fraude fiscale (notamment sur la TVA, car il am\u00e9liore significativement de la tra\u00e7abilit\u00e9 comptable)<\/li>\n\n\n\n<li>La r\u00e9duction des espaces physiques de stockage (gr\u00e2ce au <a href=\"https:\/\/ipaidthat.io\/mag\/comptabilite\/traiter-factures-cloud-9-avantages\/\" target=\"_blank\" rel=\"noreferrer noopener\">Cloud<\/a>)<\/li>\n\n\n\n<li>Une collecte simplifi\u00e9e (\u00e0 la <a href=\"https:\/\/ipaidthat.io\/mag\/comptabilite\/ipaidthat-et-ocr-pourquoi-lavons-nous-integre-pour-la-gestion-de-vos-factures\/\" target=\"_blank\" rel=\"noreferrer noopener\">r\u00e9ception des factures<\/a>)<\/li>\n\n\n\n<li>L\u2019acc\u00e9l\u00e9ration des transmissions (l\u2019optimisation du suivi de l\u2019information permet une r\u00e9duction des d\u00e9lais de paiement ou des litiges)<\/li>\n\n\n\n<li>La s\u00e9curisation des donn\u00e9es comptables<\/li>\n<\/ul>\n\n\n\n<p>Cependant, pour \u00eatre consid\u00e9r\u00e9es comme \u201c facture \u00e9lectronique \u201d, les factures doivent \u00eatre cr\u00e9\u00e9es, envoy\u00e9es et re\u00e7ues, uniquement par <strong>voie \u00e9lectronique<\/strong> (m\u00eame pour la conservation).&nbsp;<\/p>\n\n\n\n<p>Aussi, ces factures doivent \u00e0 tout prix <a href=\"https:\/\/ipaidthat.io\/mag\/comptabilite\/facture-dematerialisee-comment-bien-gerer-le-stockage\/\" target=\"_blank\" rel=\"noreferrer noopener\">respecter trois crit\u00e8res<\/a> : l\u2019authenticit\u00e9, l\u2019int\u00e9grit\u00e9 et la lisibilit\u00e9.<\/p>\n\n\n\n<h2 class=\"wp-block-heading\" id=\"pourquoi-utiliser-un-logiciel-de-gestion-des-factures\"><strong><strong>Pourquoi utiliser un logiciel de gestion des factures ?<\/strong><\/strong><\/h2>\n\n\n\n<p class=\"has-text-align-center has-white-color has-text-color has-background\" style=\"background-color:#ff3c3c\">Par exemple pour une facture re\u00e7ue, <strong>iPaidThat<\/strong> se charge d\u2019extraire automatiquement les informations n\u00e9cessaires pour vos formalit\u00e9s pr\u00e9-comptables. Gr\u00e2ce \u00e0 la reconnaissance optique de caract\u00e8res <strong>(OCR)<\/strong>, le gain de temps est assur\u00e9 ! Mais ce n\u2019est pas tout, la suite logicielle permet aussi de cr\u00e9er des factures et les personnaliser pour les envoyer.<\/p>\n\n\n\n<p class=\"has-text-align-center\"><a href=\"https:\/\/ipaidthat.io\/fr\/?utm_medium=blog&amp;utm_source=articles&amp;utm_campaign=mag\"><strong>Passez \u00e0 l\u2019\u00e8re digitale sur vos factures d\u2019entreprise<\/strong><\/a>\ud83d\udcbb<\/p>\n\n\n\n<h2 class=\"wp-block-heading\" id=\"la-centralisation-de-la-verification\"><strong>La centralisation de la v\u00e9rification<\/strong><\/h2>\n\n\n\n<p>Actuellement, il y a deux moyens permettant aux fournisseurs de <strong>l\u2019\u00c9tat<\/strong> et des collectivit\u00e9s de d\u00e9clarer leurs flux aux autorit\u00e9s fiscales :<\/p>\n\n\n\n<ul class=\"wp-block-list\">\n<li>Soit en mod\u00e8le V, via un <strong>portail public de facturation<\/strong> : la plateforme <a href=\"https:\/\/chorus-pro.gouv.fr\/cpp\/utilisateur?execution=e1s1\" target=\"_blank\" rel=\"noreferrer noopener\">Chorus Pro<\/a> (article L.2192-5 du code de ma commande publique)<\/li>\n\n\n\n<li>Soit en mod\u00e8le Y, \u00e0 travers une <strong>plateforme de d\u00e9mat\u00e9rialisation<\/strong> partenaire de l\u2019administration, qui joue le r\u00f4le d&rsquo;interm\u00e9diaire entre les diff\u00e9rents acteurs.<\/li>\n<\/ul>\n\n\n\n<p>Gr\u00e2ce \u00e0 la piste d\u2019audit fiable <strong>(PAF)<\/strong>, le processus de facturation, tout comme l\u2019authenticit\u00e9, l\u2019int\u00e9grit\u00e9 et la lisibilit\u00e9 des factures, sont contr\u00f4l\u00e9s.&nbsp;<\/p>\n\n\n\n<h2 class=\"wp-block-heading\" id=\"l-obligation-de-digitalisation-des-factures-est-prolongee\"><strong>L\u2019obligation de digitalisation des factures est prolong\u00e9e<\/strong><\/h2>\n\n\n\n<p>Initialement pr\u00e9vue jusqu\u2019en 2025, la plateforme Chorus Pro a eu tant de succ\u00e8s que Gouvernement a d\u00e9cid\u00e9 d\u2019\u00e9tendre son principe \u00e0 la globalit\u00e9 des entreprises fran\u00e7aises pour 2026 !<\/p>\n\n\n\n<p>En effet, l\u2019utilisation de <strong>Chorus Pro <\/strong>exige certaines adaptations (ergonomiques, de fonctionnalit\u00e9s de communication, de volumes de gestion, etc.). C\u2019est la raison pour laquelle, la mise en \u0153uvre de l\u2019obligation de digitalisation des factures \u00e9lectroniques sera progressive et repouss\u00e9e jusqu\u2019\u00e0 2026.&nbsp;<\/p>\n\n\n\n<h2 class=\"wp-block-heading\" id=\"historique-des-dates\"><strong>Historique des dates<\/strong><\/h2>\n\n\n\n<p>2015 : G\u00e9n\u00e9ralisation de l\u2019acceptation des factures \u00e9lectroniques dans le cadre des transactions entre professionnels<\/p>\n\n\n\n<p>2017 : Ouverture de l\u2019\u00e9mission de factures \u00e9lectroniques, via Chorus, pour les Grandes Entreprises (GE) de plus de 5 000 employ\u00e9s, d\u00e8s lors qu\u2019elles traitent avec l\u2019\u00c9tat, une collectivit\u00e9 territoriale ou un \u00e9tablissement public (B2G).<\/p>\n\n\n\n<p>2018 : L&rsquo;obligation a ensuite \u00e9t\u00e9 \u00e9tendue aux ETI<\/p>\n\n\n\n<p>2019 : C\u2019est au tour des PME d\u2019\u00eatre, elles aussi, int\u00e9gr\u00e9es au dispositif<\/p>\n\n\n\n<p>2020 : Les TPE viennent agrandir les rangs pour la phase finale !<\/p>\n\n\n\n<p>D\u00e8s 2023, une obligation de r\u00e9ception de la facture \u00e9lectronique sera exig\u00e9e pour l\u2019ensemble des entreprises ; puis d\u2019\u00e9mission, en fonction de la taille des entreprises.<\/p>\n\n\n\n<p>En r\u00e9sum\u00e9, entre 2024 et 2026 : C\u2019est toutes les entreprises (y compris en B2B entre assujettis \u00e9tablis en France) qui devront \u00e9mettre et recevoir des factures de mani\u00e8re d\u00e9mat\u00e9rialis\u00e9e, mais aussi, transmettre ces m\u00eames donn\u00e9es aux autorit\u00e9s fiscales (e-reporting).&nbsp;<\/p>\n\n\n\n<p>Ce proc\u00e9d\u00e9 sera d\u00e9di\u00e9 \u00e0 chaque paiement cat\u00e9goris\u00e9 inter-entreprise et r\u00e9gi par des contr\u00f4les (<strong>ordonnance n\u00b02021-1190 du 15 septembre 2021<\/strong>) :<\/p>\n\n\n\n<ul class=\"wp-block-list\">\n<li><strong>D\u00e8s le 1er Juillet 2024<\/strong> \u2192 R\u00e9ception sous format \u00e9lectronique pour toutes les entreprises et \u00e9mission des factures \u00e9lectroniques pour les grandes entreprises (GE)<\/li>\n\n\n\n<li><strong>\u00c0 compter du 1er Janvier 2025<\/strong> \u2192 \u00c9mission des factures \u00e9lectroniques pour les entreprises de taille interm\u00e9diaire (ETI)<\/li>\n\n\n\n<li><strong>Au 1er Janvier 2026 <\/strong>\u2192 \u00c9mission des factures \u00e9lectroniques pour les petites et moyennes entreprises (TPE-PME), ainsi que les micro-entreprises<\/li>\n<\/ul>\n\n\n\n<p>Gr\u00e2ce \u00e0 cela, l\u2019\u00c9tat serait en mesure de d\u00e9tecter plus rapidement et simplement les fraudes \u00e0 la TVA.<\/p>\n\n\n\n<h2 class=\"wp-block-heading\" id=\"conditions-et-modalites-de-la-loi-digitalisation\"><strong>Conditions et modalit\u00e9s de la loi digitalisation<\/strong><\/h2>\n\n\n\n<p>Le calendrier et les modalit\u00e9s de l\u2019obligation sont fix\u00e9s par d\u00e9cret. \u00c0 compter de Juillet 2024, toutes les entreprises fran\u00e7aises auront l\u2019obligation d\u2019\u00e9mettre et de r\u00e9ceptionner des <a href=\"https:\/\/www.impots.gouv.fr\/portail\/node\/14366\" target=\"_blank\" rel=\"noreferrer noopener\">factures \u00e9lectroniques<\/a> :<\/p>\n\n\n\n<ul class=\"wp-block-list\">\n<li>Transmission de factures d\u00e9mat\u00e9rialis\u00e9es<\/li>\n\n\n\n<li>Obligation d\u2019utilisation de formats de factures sp\u00e9cifiques<\/li>\n\n\n\n<li>Transmission mensuelle, voire en temps r\u00e9el des donn\u00e9es de facturation&nbsp;<\/li>\n<\/ul>\n\n\n\n<p>Ces factures d\u00e9mat\u00e9rialis\u00e9es devront \u00eatre remises \u00e0 l\u2019administration fiscale pour le <strong>contr\u00f4le et la pr\u00e9-d\u00e9claration de la taxe sur la valeur ajout\u00e9e <\/strong>(TVA) :<\/p>\n\n\n\n<ul class=\"wp-block-list\">\n<li>Pour les op\u00e9rations avec des entreprises non \u00e9tablies en France<\/li>\n\n\n\n<li>&nbsp;Ainsi que les op\u00e9rations r\u00e9alis\u00e9es entre assujettis et non-assujettis \u00e0 la TVA<\/li>\n<\/ul>\n\n\n\n<p>Cette \u00e9dition et transmission \u00e9lectronique des factures peut se faire sous plusieurs formats autoris\u00e9s par la<strong> <\/strong><strong>Direction G\u00e9n\u00e9rale des Finances Publiques<\/strong> (DGFIP).<\/p>\n\n\n\n<p>On y retrouve les PDF, les <a href=\"https:\/\/ipaidthat.io\/mag\/featured\/dematerialisation-factures-nouveau-standard-factur-x\/\" target=\"_blank\" rel=\"noreferrer noopener\"><strong>Factur-X<\/strong><\/a> et les <strong>\u00e9changes de donn\u00e9es informatis\u00e9es<\/strong> (EDI).<\/p>\n\n\n\n<p>iPaidThat r\u00e9duit par 3 le temps pass\u00e9 sur les t\u00e2ches de gestion pr\u00e9-comptable et financi\u00e8re des entreprises !<\/p>\n\n\n\n<h3 class=\"wp-block-heading has-text-align-center\" id=\"gagnez-du-temps-et-abordez-sereinement-la-transition-numerique\"><span style=\"color:#cf2e2e\" class=\"tadv-color\"><strong>Gagnez du temps et abordez sereinement la transition num\u00e9rique<\/strong><\/span><\/h3>\n\n\n\n<p class=\"has-text-align-center\"><strong><span style=\"color:#ffffff\" class=\"tadv-color\"><a href=\"https:\/\/ipaidthat.io\/fr\/?utm_medium=blog&amp;utm_source=articles&amp;utm_campaign=mag\">&nbsp;Choisissez iPaidThat pour vous accompagner<\/a><\/span><\/strong><\/p>\n","protected":false},"excerpt":{"rendered":"<p>Note : La date butoir du 1er juillet 2024 pour que les entreprises \u00e9mettent et re\u00e7oivent des factures \u00e9lectroniques est repouss\u00e9e. Une nouvelle date sera d\u00e9termin\u00e9e dans la loi de finances 2024. \u00c0 l\u2019horizon 2024, chaque entreprise devra accepter et \u00e9mettre des factures \u00e9lectroniques. Autrement dit, l\u2019op\u00e9ration digitalisation des factures, notamment avec le portail Chorus [&hellip;]<\/p>\n","protected":false},"author":4,"featured_media":0,"comment_status":"open","ping_status":"open","sticky":false,"template":"","format":"standard","meta":{"footnotes":""},"categories":[5,4],"tags":[],"class_list":["post-7965","post","type-post","status-publish","format-standard","hentry","category-comptabilite","category-featured"],"yoast_head":"<!-- This site is optimized with the Yoast SEO plugin v26.6 - https:\/\/yoast.com\/wordpress\/plugins\/seo\/ -->\n<title>Digitalisation des factures : r\u00e9glementations, chorus pro, ce qui vous attend d\u2019ici 2024<\/title>\n<meta name=\"description\" content=\"Le portail Chorus Pro illustre le souhait de l&#039;\u00c9tat d&#039;\u00e9tablir progressivement un tournant num\u00e9rique favorable \u00e0 la digitalisation des factures.\" \/>\n<meta name=\"robots\" content=\"index, follow, max-snippet:-1, max-image-preview:large, max-video-preview:-1\" \/>\n<link rel=\"canonical\" href=\"https:\/\/app.ipaidthat.io\/mag\/featured\/digitalisation-des-factures-reglementations-chorus-pro-ce-qui-vous-attend-dici-2024\/\" \/>\n<meta property=\"og:locale\" content=\"fr_FR\" \/>\n<meta property=\"og:type\" content=\"article\" \/>\n<meta property=\"og:title\" content=\"Digitalisation des factures : r\u00e9glementations, chorus pro, ce qui vous attend d\u2019ici 2024\" \/>\n<meta property=\"og:description\" content=\"Le portail Chorus Pro illustre le souhait de l&#039;\u00c9tat d&#039;\u00e9tablir progressivement un tournant num\u00e9rique favorable \u00e0 la digitalisation des factures.\" \/>\n<meta property=\"og:url\" content=\"https:\/\/app.ipaidthat.io\/mag\/featured\/digitalisation-des-factures-reglementations-chorus-pro-ce-qui-vous-attend-dici-2024\/\" \/>\n<meta property=\"og:site_name\" content=\"iPaidThat Mag\" \/>\n<meta property=\"article:published_time\" content=\"2021-12-09T13:36:49+00:00\" \/>\n<meta property=\"og:image\" content=\"https:\/\/ipaidthat.io\/mag\/wp-content\/uploads\/2021\/12\/loi-digitalisation-1024x576.png\" \/>\n<meta name=\"author\" content=\"S\u00e9bastien Claeys\" \/>\n<meta name=\"twitter:card\" content=\"summary_large_image\" \/>\n<meta name=\"twitter:label1\" content=\"\u00c9crit par\" \/>\n\t<meta name=\"twitter:data1\" content=\"S\u00e9bastien Claeys\" \/>\n\t<meta name=\"twitter:label2\" content=\"Dur\u00e9e de lecture estim\u00e9e\" \/>\n\t<meta name=\"twitter:data2\" content=\"6 minutes\" \/>\n<script type=\"application\/ld+json\" class=\"yoast-schema-graph\">{\"@context\":\"https:\/\/schema.org\",\"@graph\":[{\"@type\":\"Article\",\"@id\":\"https:\/\/app.ipaidthat.io\/mag\/featured\/digitalisation-des-factures-reglementations-chorus-pro-ce-qui-vous-attend-dici-2024\/#article\",\"isPartOf\":{\"@id\":\"https:\/\/app.ipaidthat.io\/mag\/featured\/digitalisation-des-factures-reglementations-chorus-pro-ce-qui-vous-attend-dici-2024\/\"},\"author\":{\"name\":\"S\u00e9bastien Claeys\",\"@id\":\"https:\/\/app.ipaidthat.io\/mag\/#\/schema\/person\/021144662586a12df79c88913050baaa\"},\"headline\":\"Digitalisation des factures : r\u00e9glementations, chorus pro, ce qui vous attend d\u2019ici 2024\",\"datePublished\":\"2021-12-09T13:36:49+00:00\",\"mainEntityOfPage\":{\"@id\":\"https:\/\/app.ipaidthat.io\/mag\/featured\/digitalisation-des-factures-reglementations-chorus-pro-ce-qui-vous-attend-dici-2024\/\"},\"wordCount\":1322,\"commentCount\":0,\"publisher\":{\"@id\":\"https:\/\/app.ipaidthat.io\/mag\/#organization\"},\"image\":{\"@id\":\"https:\/\/app.ipaidthat.io\/mag\/featured\/digitalisation-des-factures-reglementations-chorus-pro-ce-qui-vous-attend-dici-2024\/#primaryimage\"},\"thumbnailUrl\":\"https:\/\/ipaidthat.io\/mag\/wp-content\/uploads\/2021\/12\/loi-digitalisation-1024x576.png\",\"articleSection\":[\"Comptabilit\u00e9\",\"Featured\"],\"inLanguage\":\"fr-FR\",\"potentialAction\":[{\"@type\":\"CommentAction\",\"name\":\"Comment\",\"target\":[\"https:\/\/app.ipaidthat.io\/mag\/featured\/digitalisation-des-factures-reglementations-chorus-pro-ce-qui-vous-attend-dici-2024\/#respond\"]}]},{\"@type\":\"WebPage\",\"@id\":\"https:\/\/app.ipaidthat.io\/mag\/featured\/digitalisation-des-factures-reglementations-chorus-pro-ce-qui-vous-attend-dici-2024\/\",\"url\":\"https:\/\/app.ipaidthat.io\/mag\/featured\/digitalisation-des-factures-reglementations-chorus-pro-ce-qui-vous-attend-dici-2024\/\",\"name\":\"Digitalisation des factures : r\u00e9glementations, chorus pro, ce qui vous attend d\u2019ici 2024\",\"isPartOf\":{\"@id\":\"https:\/\/app.ipaidthat.io\/mag\/#website\"},\"primaryImageOfPage\":{\"@id\":\"https:\/\/app.ipaidthat.io\/mag\/featured\/digitalisation-des-factures-reglementations-chorus-pro-ce-qui-vous-attend-dici-2024\/#primaryimage\"},\"image\":{\"@id\":\"https:\/\/app.ipaidthat.io\/mag\/featured\/digitalisation-des-factures-reglementations-chorus-pro-ce-qui-vous-attend-dici-2024\/#primaryimage\"},\"thumbnailUrl\":\"https:\/\/ipaidthat.io\/mag\/wp-content\/uploads\/2021\/12\/loi-digitalisation-1024x576.png\",\"datePublished\":\"2021-12-09T13:36:49+00:00\",\"description\":\"Le portail Chorus Pro illustre le souhait de l'\u00c9tat d'\u00e9tablir progressivement un tournant num\u00e9rique favorable \u00e0 la digitalisation des factures.\",\"breadcrumb\":{\"@id\":\"https:\/\/app.ipaidthat.io\/mag\/featured\/digitalisation-des-factures-reglementations-chorus-pro-ce-qui-vous-attend-dici-2024\/#breadcrumb\"},\"inLanguage\":\"fr-FR\",\"potentialAction\":[{\"@type\":\"ReadAction\",\"target\":[\"https:\/\/app.ipaidthat.io\/mag\/featured\/digitalisation-des-factures-reglementations-chorus-pro-ce-qui-vous-attend-dici-2024\/\"]}]},{\"@type\":\"ImageObject\",\"inLanguage\":\"fr-FR\",\"@id\":\"https:\/\/app.ipaidthat.io\/mag\/featured\/digitalisation-des-factures-reglementations-chorus-pro-ce-qui-vous-attend-dici-2024\/#primaryimage\",\"url\":\"https:\/\/ipaidthat.io\/mag\/wp-content\/uploads\/2021\/12\/loi-digitalisation-1024x576.png\",\"contentUrl\":\"https:\/\/ipaidthat.io\/mag\/wp-content\/uploads\/2021\/12\/loi-digitalisation-1024x576.png\"},{\"@type\":\"BreadcrumbList\",\"@id\":\"https:\/\/app.ipaidthat.io\/mag\/featured\/digitalisation-des-factures-reglementations-chorus-pro-ce-qui-vous-attend-dici-2024\/#breadcrumb\",\"itemListElement\":[{\"@type\":\"ListItem\",\"position\":1,\"name\":\"Le Mag\",\"item\":\"https:\/\/app.ipaidthat.io\/mag\/\"},{\"@type\":\"ListItem\",\"position\":2,\"name\":\"Digitalisation des factures : r\u00e9glementations, chorus pro, ce qui vous attend d\u2019ici 2024\"}]},{\"@type\":\"WebSite\",\"@id\":\"https:\/\/app.ipaidthat.io\/mag\/#website\",\"url\":\"https:\/\/app.ipaidthat.io\/mag\/\",\"name\":\"IPaidThat Mag\",\"description\":\"Une gestion simple, automatis\u00e9e et collaborative\",\"publisher\":{\"@id\":\"https:\/\/app.ipaidthat.io\/mag\/#organization\"},\"potentialAction\":[{\"@type\":\"SearchAction\",\"target\":{\"@type\":\"EntryPoint\",\"urlTemplate\":\"https:\/\/app.ipaidthat.io\/mag\/?s={search_term_string}\"},\"query-input\":{\"@type\":\"PropertyValueSpecification\",\"valueRequired\":true,\"valueName\":\"search_term_string\"}}],\"inLanguage\":\"fr-FR\"},{\"@type\":\"Organization\",\"@id\":\"https:\/\/app.ipaidthat.io\/mag\/#organization\",\"name\":\"IPaidThat Mag\",\"url\":\"https:\/\/app.ipaidthat.io\/mag\/\",\"logo\":{\"@type\":\"ImageObject\",\"inLanguage\":\"fr-FR\",\"@id\":\"https:\/\/app.ipaidthat.io\/mag\/#\/schema\/logo\/image\/\",\"url\":\"https:\/\/app.ipaidthat.io\/mag\/wp-content\/uploads\/2025\/11\/logo-le-mag-blog-ipaidthat.png\",\"contentUrl\":\"https:\/\/app.ipaidthat.io\/mag\/wp-content\/uploads\/2025\/11\/logo-le-mag-blog-ipaidthat.png\",\"width\":1817,\"height\":524,\"caption\":\"IPaidThat Mag\"},\"image\":{\"@id\":\"https:\/\/app.ipaidthat.io\/mag\/#\/schema\/logo\/image\/\"}},{\"@type\":\"Person\",\"@id\":\"https:\/\/app.ipaidthat.io\/mag\/#\/schema\/person\/021144662586a12df79c88913050baaa\",\"name\":\"S\u00e9bastien Claeys\",\"image\":{\"@type\":\"ImageObject\",\"inLanguage\":\"fr-FR\",\"@id\":\"https:\/\/app.ipaidthat.io\/mag\/#\/schema\/person\/image\/\",\"url\":\"https:\/\/app.ipaidthat.io\/mag\/wp-content\/uploads\/2023\/02\/sebastien-clayes-ipaidthat-96x96.png\",\"contentUrl\":\"https:\/\/app.ipaidthat.io\/mag\/wp-content\/uploads\/2023\/02\/sebastien-clayes-ipaidthat-96x96.png\",\"caption\":\"S\u00e9bastien Claeys\"},\"url\":\"https:\/\/app.ipaidthat.io\/mag\/author\/sebastienipaidthat-io\/\"}]}<\/script>\n<!-- \/ Yoast SEO plugin. -->","yoast_head_json":{"title":"Digitalisation des factures : r\u00e9glementations, chorus pro, ce qui vous attend d\u2019ici 2024","description":"Le portail Chorus Pro illustre le souhait de l'\u00c9tat d'\u00e9tablir progressivement un tournant num\u00e9rique favorable \u00e0 la digitalisation des factures.","robots":{"index":"index","follow":"follow","max-snippet":"max-snippet:-1","max-image-preview":"max-image-preview:large","max-video-preview":"max-video-preview:-1"},"canonical":"https:\/\/app.ipaidthat.io\/mag\/featured\/digitalisation-des-factures-reglementations-chorus-pro-ce-qui-vous-attend-dici-2024\/","og_locale":"fr_FR","og_type":"article","og_title":"Digitalisation des factures : r\u00e9glementations, chorus pro, ce qui vous attend d\u2019ici 2024","og_description":"Le portail Chorus Pro illustre le souhait de l'\u00c9tat d'\u00e9tablir progressivement un tournant num\u00e9rique favorable \u00e0 la digitalisation des factures.","og_url":"https:\/\/app.ipaidthat.io\/mag\/featured\/digitalisation-des-factures-reglementations-chorus-pro-ce-qui-vous-attend-dici-2024\/","og_site_name":"iPaidThat Mag","article_published_time":"2021-12-09T13:36:49+00:00","og_image":[{"url":"https:\/\/ipaidthat.io\/mag\/wp-content\/uploads\/2021\/12\/loi-digitalisation-1024x576.png","type":"","width":"","height":""}],"author":"S\u00e9bastien Claeys","twitter_card":"summary_large_image","twitter_misc":{"\u00c9crit par":"S\u00e9bastien Claeys","Dur\u00e9e de lecture estim\u00e9e":"6 minutes"},"schema":{"@context":"https:\/\/schema.org","@graph":[{"@type":"Article","@id":"https:\/\/app.ipaidthat.io\/mag\/featured\/digitalisation-des-factures-reglementations-chorus-pro-ce-qui-vous-attend-dici-2024\/#article","isPartOf":{"@id":"https:\/\/app.ipaidthat.io\/mag\/featured\/digitalisation-des-factures-reglementations-chorus-pro-ce-qui-vous-attend-dici-2024\/"},"author":{"name":"S\u00e9bastien Claeys","@id":"https:\/\/app.ipaidthat.io\/mag\/#\/schema\/person\/021144662586a12df79c88913050baaa"},"headline":"Digitalisation des factures : r\u00e9glementations, chorus pro, ce qui vous attend d\u2019ici 2024","datePublished":"2021-12-09T13:36:49+00:00","mainEntityOfPage":{"@id":"https:\/\/app.ipaidthat.io\/mag\/featured\/digitalisation-des-factures-reglementations-chorus-pro-ce-qui-vous-attend-dici-2024\/"},"wordCount":1322,"commentCount":0,"publisher":{"@id":"https:\/\/app.ipaidthat.io\/mag\/#organization"},"image":{"@id":"https:\/\/app.ipaidthat.io\/mag\/featured\/digitalisation-des-factures-reglementations-chorus-pro-ce-qui-vous-attend-dici-2024\/#primaryimage"},"thumbnailUrl":"https:\/\/ipaidthat.io\/mag\/wp-content\/uploads\/2021\/12\/loi-digitalisation-1024x576.png","articleSection":["Comptabilit\u00e9","Featured"],"inLanguage":"fr-FR","potentialAction":[{"@type":"CommentAction","name":"Comment","target":["https:\/\/app.ipaidthat.io\/mag\/featured\/digitalisation-des-factures-reglementations-chorus-pro-ce-qui-vous-attend-dici-2024\/#respond"]}]},{"@type":"WebPage","@id":"https:\/\/app.ipaidthat.io\/mag\/featured\/digitalisation-des-factures-reglementations-chorus-pro-ce-qui-vous-attend-dici-2024\/","url":"https:\/\/app.ipaidthat.io\/mag\/featured\/digitalisation-des-factures-reglementations-chorus-pro-ce-qui-vous-attend-dici-2024\/","name":"Digitalisation des factures : r\u00e9glementations, chorus pro, ce qui vous attend d\u2019ici 2024","isPartOf":{"@id":"https:\/\/app.ipaidthat.io\/mag\/#website"},"primaryImageOfPage":{"@id":"https:\/\/app.ipaidthat.io\/mag\/featured\/digitalisation-des-factures-reglementations-chorus-pro-ce-qui-vous-attend-dici-2024\/#primaryimage"},"image":{"@id":"https:\/\/app.ipaidthat.io\/mag\/featured\/digitalisation-des-factures-reglementations-chorus-pro-ce-qui-vous-attend-dici-2024\/#primaryimage"},"thumbnailUrl":"https:\/\/ipaidthat.io\/mag\/wp-content\/uploads\/2021\/12\/loi-digitalisation-1024x576.png","datePublished":"2021-12-09T13:36:49+00:00","description":"Le portail Chorus Pro illustre le souhait de l'\u00c9tat d'\u00e9tablir progressivement un tournant num\u00e9rique favorable \u00e0 la digitalisation des factures.","breadcrumb":{"@id":"https:\/\/app.ipaidthat.io\/mag\/featured\/digitalisation-des-factures-reglementations-chorus-pro-ce-qui-vous-attend-dici-2024\/#breadcrumb"},"inLanguage":"fr-FR","potentialAction":[{"@type":"ReadAction","target":["https:\/\/app.ipaidthat.io\/mag\/featured\/digitalisation-des-factures-reglementations-chorus-pro-ce-qui-vous-attend-dici-2024\/"]}]},{"@type":"ImageObject","inLanguage":"fr-FR","@id":"https:\/\/app.ipaidthat.io\/mag\/featured\/digitalisation-des-factures-reglementations-chorus-pro-ce-qui-vous-attend-dici-2024\/#primaryimage","url":"https:\/\/ipaidthat.io\/mag\/wp-content\/uploads\/2021\/12\/loi-digitalisation-1024x576.png","contentUrl":"https:\/\/ipaidthat.io\/mag\/wp-content\/uploads\/2021\/12\/loi-digitalisation-1024x576.png"},{"@type":"BreadcrumbList","@id":"https:\/\/app.ipaidthat.io\/mag\/featured\/digitalisation-des-factures-reglementations-chorus-pro-ce-qui-vous-attend-dici-2024\/#breadcrumb","itemListElement":[{"@type":"ListItem","position":1,"name":"Le Mag","item":"https:\/\/app.ipaidthat.io\/mag\/"},{"@type":"ListItem","position":2,"name":"Digitalisation des factures : r\u00e9glementations, chorus pro, ce qui vous attend d\u2019ici 2024"}]},{"@type":"WebSite","@id":"https:\/\/app.ipaidthat.io\/mag\/#website","url":"https:\/\/app.ipaidthat.io\/mag\/","name":"IPaidThat Mag","description":"Une gestion simple, automatis\u00e9e et collaborative","publisher":{"@id":"https:\/\/app.ipaidthat.io\/mag\/#organization"},"potentialAction":[{"@type":"SearchAction","target":{"@type":"EntryPoint","urlTemplate":"https:\/\/app.ipaidthat.io\/mag\/?s={search_term_string}"},"query-input":{"@type":"PropertyValueSpecification","valueRequired":true,"valueName":"search_term_string"}}],"inLanguage":"fr-FR"},{"@type":"Organization","@id":"https:\/\/app.ipaidthat.io\/mag\/#organization","name":"IPaidThat Mag","url":"https:\/\/app.ipaidthat.io\/mag\/","logo":{"@type":"ImageObject","inLanguage":"fr-FR","@id":"https:\/\/app.ipaidthat.io\/mag\/#\/schema\/logo\/image\/","url":"https:\/\/app.ipaidthat.io\/mag\/wp-content\/uploads\/2025\/11\/logo-le-mag-blog-ipaidthat.png","contentUrl":"https:\/\/app.ipaidthat.io\/mag\/wp-content\/uploads\/2025\/11\/logo-le-mag-blog-ipaidthat.png","width":1817,"height":524,"caption":"IPaidThat Mag"},"image":{"@id":"https:\/\/app.ipaidthat.io\/mag\/#\/schema\/logo\/image\/"}},{"@type":"Person","@id":"https:\/\/app.ipaidthat.io\/mag\/#\/schema\/person\/021144662586a12df79c88913050baaa","name":"S\u00e9bastien Claeys","image":{"@type":"ImageObject","inLanguage":"fr-FR","@id":"https:\/\/app.ipaidthat.io\/mag\/#\/schema\/person\/image\/","url":"https:\/\/app.ipaidthat.io\/mag\/wp-content\/uploads\/2023\/02\/sebastien-clayes-ipaidthat-96x96.png","contentUrl":"https:\/\/app.ipaidthat.io\/mag\/wp-content\/uploads\/2023\/02\/sebastien-clayes-ipaidthat-96x96.png","caption":"S\u00e9bastien Claeys"},"url":"https:\/\/app.ipaidthat.io\/mag\/author\/sebastienipaidthat-io\/"}]}},"_links":{"self":[{"href":"https:\/\/app.ipaidthat.io\/mag\/wp-json\/wp\/v2\/posts\/7965","targetHints":{"allow":["GET"]}}],"collection":[{"href":"https:\/\/app.ipaidthat.io\/mag\/wp-json\/wp\/v2\/posts"}],"about":[{"href":"https:\/\/app.ipaidthat.io\/mag\/wp-json\/wp\/v2\/types\/post"}],"author":[{"embeddable":true,"href":"https:\/\/app.ipaidthat.io\/mag\/wp-json\/wp\/v2\/users\/4"}],"replies":[{"embeddable":true,"href":"https:\/\/app.ipaidthat.io\/mag\/wp-json\/wp\/v2\/comments?post=7965"}],"version-history":[{"count":0,"href":"https:\/\/app.ipaidthat.io\/mag\/wp-json\/wp\/v2\/posts\/7965\/revisions"}],"wp:attachment":[{"href":"https:\/\/app.ipaidthat.io\/mag\/wp-json\/wp\/v2\/media?parent=7965"}],"wp:term":[{"taxonomy":"category","embeddable":true,"href":"https:\/\/app.ipaidthat.io\/mag\/wp-json\/wp\/v2\/categories?post=7965"},{"taxonomy":"post_tag","embeddable":true,"href":"https:\/\/app.ipaidthat.io\/mag\/wp-json\/wp\/v2\/tags?post=7965"}],"curies":[{"name":"wp","href":"https:\/\/api.w.org\/{rel}","templated":true}]}}