{"id":7795,"date":"2021-12-06T10:26:25","date_gmt":"2021-12-06T09:26:25","guid":{"rendered":"https:\/\/ipaidthat.io\/mag\/?p=7795"},"modified":"2021-12-06T10:26:25","modified_gmt":"2021-12-06T09:26:25","slug":"combien-de-temps-garder-les-factures","status":"publish","type":"post","link":"https:\/\/app.ipaidthat.io\/mag\/featured\/combien-de-temps-garder-les-factures\/","title":{"rendered":"Combien de temps garder les factures ?"},"content":{"rendered":"\n<p>La gestion et la<strong> conservation de vos factures<\/strong> ob\u00e9issent \u00e0 des r\u00e8gles pr\u00e9cises et strictes. Le Code de commerce pr\u00e9voit, pour les entreprises fran\u00e7aises, un d\u00e9lai de conservation plus ou moins long selon la nature de la pi\u00e8ce justificative.  Pour s\u2019assurer de ne pas faire d\u2019erreur, ces derni\u00e8res peuvent \u00eatre num\u00e9ris\u00e9es et conserv\u00e9es sur un <strong>support d\u00e9mat\u00e9rialis\u00e9.&nbsp;<\/strong><\/p>\n\n\n\n<p>Dans ce dossier, nous vous expliquons les principales r\u00e8gles \u00e0 respecter. Sous quelles formes doivent-elles \u00eatre sauvegard\u00e9es ? Quels sont les risques en cas de non-respect de cette obligation ?<\/p>\n\n\n\n<figure class=\"wp-block-image size-large\"><img decoding=\"async\" src=\"https:\/\/ipaidthat.io\/mag\/wp-content\/uploads\/2021\/12\/Facture-1024x576.png\" alt=\"\" class=\"wp-image-7817\"\/><figcaption><em>Image modifi\u00e9e issue de :\u00a0<\/em>storyset.com<\/figcaption><\/figure>\n\n\n\n<h2 class=\"wp-block-heading\"><span class=\"underline--hover\"><strong>La dur\u00e9e l\u00e9gale de sauvegarde d\u2019une facture<\/strong><\/span><\/h2>\n\n\n\n<p>Le d\u00e9lai de sauvegarde, la dur\u00e9e de conservation, des factures d\u2019une entreprise varie selon<strong> 3 crit\u00e8res <\/strong>: la r\u00e9glementation commerciale, la r\u00e9glementation \u00e9conomique, la r\u00e9glementation fiscale.<\/p>\n\n\n\n<p>Tous les commer\u00e7ants sont tenus de conserver leurs <a href=\"https:\/\/www.service-public.fr\/professionnels-entreprises\/vosdroits\/F10029\" target=\"_blank\" rel=\"noreferrer noopener\">documents<\/a> comptables, ainsi que l\u2019ensemble des pi\u00e8ces justificatives aff\u00e9rentes aux op\u00e9rations commerciales. Selon l\u2019article L. 123-22 al 2 du Code de commerce, cette <strong>dur\u00e9e est \u00e9quivalente \u00e0 10 ans (+ l\u2019ann\u00e9e fiscale en cours)<\/strong>.<\/p>\n\n\n\n<p>D\u2019un point de vue \u00e9conomique, toute transaction de vente ou de prestation de services doit \u00eatre conserv\u00e9e pendant un<strong> d\u00e9lai de trois ans<\/strong>. D\u2019apr\u00e8s l\u2019article R. 441-3 du Code de commerce, durant cette p\u00e9riode, la non-pr\u00e9sentation des factures aux agents de contr\u00f4le ne constitue pas une infraction. N\u00e9anmoins, un refus non motiv\u00e9 donnera lieu \u00e0 l\u2019\u00e9tablissement d\u2019un proc\u00e8s-verbal.<\/p>\n\n\n\n<p>Du c\u00f4t\u00e9 de la r\u00e9glementation fiscale, le livre des proc\u00e9dures fiscales impose aux entreprises de conserver les pi\u00e8ces comptables pendant un d\u00e9lai de six ans \u00e0 compter de leur date d\u2019\u00e9tablissement.<\/p>\n\n\n\n<p>Selon l\u2019article 289-VII du CGI, les factures transmises sous <strong>forme \u00e9lectronique<\/strong> doivent \u00eatre conserv\u00e9es pendant<strong> six ans<\/strong>.<\/p>\n\n\n\n<p>Qu\u2019il s\u2019agisse d\u2019une facture, d\u2019un contrat ou encore d\u2019une d\u00e9claration en douane, les entreprises fran\u00e7aises doivent \u00eatre au fait des<a href=\"https:\/\/www.service-public.fr\/professionnels-entreprises\/vosdroits\/F10029\" target=\"_blank\" rel=\"noreferrer noopener\"> d\u00e9lais de conservation de tout document \u00e9mis ou re\u00e7u<\/a> dans l&rsquo;exercice de leur activit\u00e9.<\/p>\n\n\n\n<h2 class=\"wp-block-heading\"><span class=\"underline--hover\"><strong>Sous quelle forme faut-il conserver ses factures ?<\/strong><\/span><\/h2>\n\n\n\n<figure class=\"wp-block-image size-full\"><img decoding=\"async\" src=\"https:\/\/ipaidthat.io\/mag\/wp-content\/uploads\/2021\/03\/conservation_piece_comptable_ipaidthat_comptabilite.png\" alt=\"conservation_piece_comptable_ipaidthat_comptabilit\u00e9\" class=\"wp-image-6226\"\/><\/figure>\n\n\n\n<p>Les factures fournisseurs, autrement dit les factures d\u2019achat, sont \u00e0 sauvegarder dans leur <strong>forme originale<\/strong>. Les<a href=\"https:\/\/ipaidthat.io\/mag\/entrepreneur\/nos-69-exemples-de-factures\/\" target=\"_blank\" rel=\"noreferrer noopener\"> factures de vente<\/a>, quant \u00e0 elles, peuvent \u00eatre conserv\u00e9es, en plus de leur forme originale, sous la forme d\u2019une photocopie.<\/p>\n\n\n\n<p>Cependant, elles doivent correspondre parfaitement \u00e0 la facture d\u2019origine. Ce qui signifie qu\u2019elles ne doivent en aucun cas avoir subi de transformation. L\u2019importance de conserver les factures clients et fournisseurs est notamment due \u00e0 l\u2019ouverture d\u2019une r\u00e9duction de TVA.<\/p>\n\n\n\n<p>Les entreprises peuvent ainsi conserver leurs factures sous deux formes :<\/p>\n\n\n\n<ul class=\"wp-block-list\"><li><strong>Un double de la facture d\u00e9livr\u00e9e<\/strong> : deux documents sont imprim\u00e9s. L\u2019original est destin\u00e9 au client, le double papier est archiv\u00e9 par le fournisseur<\/li><li><strong>Un double sous format \u00e9lectronique<\/strong><\/li><\/ul>\n\n\n\n<p>L\u2019archivage des factures permet de les rendre accessibles \u00e0 tout moment aux agents de l\u2019administration fiscale. Concernant le stockage des factures, celles-ci doivent \u00eatre entrepos\u00e9es et accessibles sur le territoire fran\u00e7ais.<\/p>\n\n\n\n<p>Si vous d\u00e9cidez de scanner ou de <strong>num\u00e9riser une facture papier<\/strong>, la prudence est de mise. La copie doit \u00eatre de bonne qualit\u00e9, fid\u00e8le \u00e0 l\u2019original et durable pour convaincre l\u2019administration ou un juge.<\/p>\n\n\n\n<p>\u00c0 noter que les <strong>factures transmises sur support \u00e9lectronique<\/strong> sont s\u00e9curis\u00e9es \u00e0 l\u2019aide d\u2019une<a href=\"https:\/\/ipaidthat.io\/mag\/comptabilite\/piste-audit-fiable-paf\/\" target=\"_blank\" rel=\"noreferrer noopener\"> piste d\u2019audit fiable<\/a>. L\u2019impression papier des factures \u00e9lectroniques ne constitue donc pas une facture d\u2019origine. C\u2019est pourquoi, il n\u2019est pas utile d\u2019imprimer et d\u2019archiver ses factures sur un support papier.<\/p>\n\n\n\n<figure class=\"wp-block-image size-full\"><a href=\"https:\/\/rq4h5gwtb71.typeform.com\/to\/l1jTIInB\" target=\"_blank\" rel=\"noopener\"><img decoding=\"async\" src=\"https:\/\/ipaidthat.io\/mag\/wp-content\/uploads\/2021\/10\/LB-simple.png\" alt=\"\" class=\"wp-image-7223\"\/><\/a><\/figure>\n\n\n\n<p>Pour un archivage en bonne et due forme, il est fortement conseill\u00e9 de<a href=\"https:\/\/ipaidthat.io\/mag\/comptabilite\/zoom-ipaidthat-solution-stockage-facture\/\"> faire appel \u00e0 un service <\/a><a href=\"https:\/\/ipaidthat.io\/mag\/comptabilite\/zoom-ipaidthat-solution-stockage-facture\/\" target=\"_blank\" rel=\"noreferrer noopener\">externe<\/a>. Celui-ci vous apportera les garanties d\u2019une conservation dans les <strong>d\u00e9lais l\u00e9gaux<\/strong> et dans les meilleures conditions possibles :<\/p>\n\n\n\n<ul class=\"wp-block-list\"><li>S\u00e9curit\u00e9<\/li><li>Protection contre la d\u00e9t\u00e9rioration du papier<\/li><li>Indexation des pi\u00e8ces<\/li><li>Authentification des factures<\/li><li>Int\u00e9grit\u00e9<\/li><li>Lisibilit\u00e9<\/li><li>Validit\u00e9<\/li><li>Obligation l\u00e9gale de conservation<\/li><\/ul>\n\n\n<p>[tdc_zone type=\u00a0\u00bbtdc_content\u00a0\u00bb][vc_row][vc_column tdc_css=\u00a0\u00bbeyJhbGwiOnsiYm9yZGVyLWNvbG9yIjoiI2ZmZmZmZiIsImRpc3BsYXkiOiIifX0=\u00a0\u00bb][tdm_block_call_to_action title_text=\u00a0\u00bbJUYwJTlGJUE3JUJFJTIwUmVjaGVyY2hlciUyMGRlcyUyMGZhY3R1cmVzJTIwJTNGJTIwUGx1cyUyMGphbWFpcyUyMCElMjAlMEFpUGFpZFRoYXQlMjBhdXRvbWF0aXNlJTIwdm90cmUlMjBDb21wdGElMjAlRjAlOUYlOTIlQkI=\u00a0\u00bb title_tag=\u00a0\u00bbh3&Prime; title_size=\u00a0\u00bbtdm-title-sm\u00a0\u00bb description=\u00a0\u00bbTm9zJTIwcm9ib3RzJTIwdm9udCUyMHIlQzMlQTljdXAlQzMlQTlyZXIlMjB0b3V0ZXMlMjB2b3MlMjBmYWN0dXJlcyUyMHBvdXIlMjBzaW1wbGlmaWVyJTIwdm90cmUlMjBjb21wdGFiaWxpdCVDMyVBOSUyMCElMjAlMEElRTIlOEYlQjMlMjBHYWduZXolMjBkdSUyMHRlbXBzJTIwc3VyJTIwdm90cmUlMjBjb21wdGFiaWxpdCVDMyVBOSUyMGVuJTIwbCdhdXRvbWF0aXNhbnQlMjAlRTIlOUUlQTElRUYlQjglOEYlMjBFc3NheWV6JTIwR3JhdHVpdGVtZW50JTIwIQ==\u00a0\u00bb button_size=\u00a0\u00bbtdm-btn-lg\u00a0\u00bb content_align_vertical=\u00a0\u00bbcontent-vert-center\u00a0\u00bb tds_call_to_action=\u00a0\u00bbtds_call_to_action2&Prime; button_url=\u00a0\u00bbhttps:\/\/ipaidthat.io\/fr\/saas\/ipaidthat-entreprise\/?utm_source=mag&amp;utm_campaign=Nbanniere&amp;utm_content=Nbanniere\u00a0\u00bb button_open_in_new_window=\u00a0\u00bbyes\u00a0\u00bb button_icon_position=\u00a0\u00bbicon-before\u00a0\u00bb tds_button=\u00a0\u00bbtds_button8&Prime; tds_button3-background_color=\u00a0\u00bb#ff3c3c\u00a0\u00bb tds_button3-text_color=\u00a0\u00bb#ffffff\u00a0\u00bb tds_button3-shadow_shadow_color=\u00a0\u00bb#a5a5a5&Prime; button_text=\u00a0\u00bbEssayez\u00a0\u00bb content_align_horizontal=\u00a0\u00bbcontent-horiz-left\u00a0\u00bb tdc_css=\u00a0\u00bbeyJhbGwiOnsid2lkdGgiOiI3MCUiLCJiYWNrZ3JvdW5kLXBvc2l0aW9uIjoiY2VudGVyIGNlbnRlciIsImRpc3BsYXkiOiIifX0=\u00a0\u00bb button_icon_space=\u00a0\u00bb0&Prime; tds_button8-background_color=\u00a0\u00bbeyJ0eXBlIjoiZ3JhZGllbnQiLCJjb2xvcjEiOiIjZmYzYzNjIiwiY29sb3IyIjoiI2ZmNjY2NiIsIm1peGVkQ29sb3JzIjpbXSwiZGVncmVlIjoiLTYwIiwiY3NzIjoiYmFja2dyb3VuZDogLXdlYmtpdC1saW5lYXItZ3JhZGllbnQoLTYwZGVnLCNmZjY2NjYsI2ZmM2MzYyk7YmFja2dyb3VuZDogbGluZWFyLWdyYWRpZW50KC02MGRlZywjZmY2NjY2LCNmZjNjM2MpOyIsImNzc1BhcmFtcyI6Ii02MGRlZywjZmY2NjY2LCNmZjNjM2MifQ==\u00a0\u00bb tds_button8-background_hover_color=\u00a0\u00bb#dd3333&Prime; tds_button8-shadow_hover_shadow_color=\u00a0\u00bb#dd3333&Prime; tds_button8-shadow_shadow_color=\u00a0\u00bb#dd3333&Prime;][\/vc_column][\/vc_row][\/tdc_zone]<\/p>\n\n\n\n<h2 class=\"underline--hover wp-block-heading\"><span class=\"underline--hover\"><strong>Les sanctions en cas de non-respect de l&rsquo;obligation de stockage des factures<\/strong><\/span><\/h2>\n\n\n\n<p>Une entreprise qui ne respecte pas ses r\u00e8gles de <strong>sauvegarde des factures<\/strong> peut encourir de graves sanctions :<\/p>\n\n\n\n<ul class=\"wp-block-list\"><li>En cas de non-conservation des factures clients (de vente), l&rsquo;entreprise encourt une p\u00e9nalit\u00e9 de 50 % des montants factur\u00e9s<\/li><li>D\u2019absence de sauvegarde des factures fournisseurs (d\u2019achat), l\u2019entreprise risque un rejet de d\u00e9duction des charges<\/li><li>De d\u00e9faut de conservation des <strong>documents comptables<\/strong>, l&rsquo;entreprise encourt un rejet de sa comptabilit\u00e9<\/li><\/ul>\n\n\n\n<p>D\u2019un point de vue commercial, la <strong>conservation des documents<\/strong> assure une preuve en cas de litiges.<\/p>\n\n\n\n<p>D\u2019un point de vue fiscal, l\u2019administration peut remettre en cause les d\u00e9ductions op\u00e9r\u00e9es en mati\u00e8re de TVA.<\/p>\n\n\n\n<p>Cette entrave aux mesures de conservation des <strong>factures<\/strong> peut entra\u00eener une amende de 25.000\u20ac et de 6 mois de prison avec sursis en cas de r\u00e9cidive pour le dirigeant de l\u2019entreprise. En l\u2019absence de conservation des documents fiscaux, une amende suppl\u00e9mentaire de 5.000\u20ac peut \u00eatre appliqu\u00e9e.<\/p>\n\n\n\n<p>Enfin, en cas de non-respect des modalit\u00e9s de conservation, une suspicion de faux et d\u2019usage de faux peut entra\u00eener l\u2019entreprise \u00e0 payer une amende pouvant aller jusqu\u2019\u00e0 225.000\u20ac.<\/p>\n\n\n\n<p>Pour \u00e9viter tous ces risques, nous avons mis en place un <strong><a href=\"https:\/\/ipaidthat.io\/fr\/paiement\">nouvel outil destin\u00e9 \u00e0 la gestion et aux r\u00e8glements de vos factures<\/a><\/strong>.<\/p>\n\n\n\n<h2 class=\"wp-block-heading\"><span class=\"underline--hover\"><strong>Nouveau sur iPaidThat : Paiement vous aide \u00e0 r\u00e9gler vos factures !<\/strong><\/span><\/h2>\n\n\n\n<figure class=\"wp-block-video\"><video autoplay loop muted poster=\"https:\/\/ipaidthat.io\/mag\/wp-content\/uploads\/2021\/12\/Paiement_video_ipt.jpg\" src=\"https:\/\/ipaidthat.io\/mag\/wp-content\/uploads\/2021\/12\/Paiement_video_v4.mp4\" playsinline><\/video><\/figure>\n\n\n\n<p>Avec notre partenaire de services de paiement SWAN, les utilisateurs d\u2019iPaidThat peuvent dor\u00e9navant cr\u00e9er un <a href=\"https:\/\/help.ipaidthat.io\/fr\/collections\/3106728-8-l-espace-paiement\" target=\"_blank\" rel=\"noreferrer noopener\">espace de paiement<\/a> depuis leur compte !<\/p>\n\n\n\n<h2 class=\"wp-block-heading\"><span class=\"underline--hover\"><strong>Utilisation de l\u2019outil Paiement<\/strong><\/span><\/h2>\n\n\n\n<p>C\u2019est simple ! Pour cr\u00e9er un portefeuille de paiement sur iPaidThat, il suffit de se rendre via la plateforme sur l\u2019<strong>espace paiement <\/strong>et de vous laisser porter.<\/p>\n\n\n\n<p>1- Vous remplissez vos informations (nom de l\u2019entreprise, activit\u00e9, nom du g\u00e9rant, etc.).<\/p>\n\n\n\n<p>2- Vous validez votre identit\u00e9 aupr\u00e8s du serveur SWAN (nom, pr\u00e9nom, email, photos, processus de s\u00e9curit\u00e9 et pi\u00e8ces justificatives).<\/p>\n\n\n\n<p>3- Le statut de cr\u00e9ation du compte est en cours en attendant son activation sous 72h maximum.<\/p>\n\n\n\n<p>4- Le statut de votre compte est actif. Cela vous permet de disposer \u00e0 pr\u00e9sent d\u2019un IBAN et d\u2019un BIC afin de recharger votre espace de paiement.<\/p>\n\n\n\n<p>5- Vous pouvez indiquer les factures \u00e0 r\u00e9gler, payer, puis suivre l&rsquo;\u00e9tat de la transaction.<\/p>\n\n\n\n<p>6- Une fois la facture r\u00e9gl\u00e9e. Retrouvez tous les paiements et leurs factures directement associ\u00e9es depuis votre onglet \u00ab\u00a0Banque\u00a0\u00bb en \u00ab\u00a0Pr\u00e9-Compta\u00a0\u00bb.<\/p>\n\n\n\n<h2 class=\"wp-block-heading\"><span class=\"underline--hover\"><strong>Recharger son espace de paiement<\/strong><\/span><\/h2>\n\n\n\n<p>Vous pouvez recharger votre <strong>portefeuille de paiement<\/strong> via virement (IBAN) ou depuis votre tableau de bord iPaidThat.&nbsp;<\/p>\n\n\n\n<p>Les seuils de recharges sont au minimum de 1000\u20ac et au maximum de 35 000\u20ac.&nbsp; Le virement se fait tr\u00e8s rapidement, de l\u2019ordre de 24h en g\u00e9n\u00e9ral. Apr\u00e8s avoir recharg\u00e9 votre compte, une nouvelle ligne de banque appara\u00eet sur votre espace de paiement pour vous confirmer le rechargement.<\/p>\n\n\n\n<h2 class=\"wp-block-heading\"><span class=\"underline--hover\"><strong>Les indications de r\u00e8glement d\u2019une facture<\/strong><\/span><\/h2>\n\n\n\n<p>Vous avez une facture \u00e0 payer ?<\/p>\n\n\n\n<p>Une fois la <strong>facture collect\u00e9e<\/strong>, vous pouvez choisir les factures \u00e0 payer et les basculer rapidement sur votre outil \u00ab\u00a0Paiement\u00a0\u00bb.<\/p>\n\n\n\n<p>Selon l\u2019\u00e9ch\u00e9ancier, une facture r\u00e9colt\u00e9e peut \u00eatre marqu\u00e9e en rouge (urgent, car l\u2019\u00e9ch\u00e9ance est d\u00e9pass\u00e9e), orange (la date d\u2019\u00e9ch\u00e9ance est dans les 5 prochains jours), vert (le paiement est effectu\u00e9).<\/p>\n\n\n\n<h2 class=\"wp-block-heading\"><span class=\"underline--hover\"><strong>Comment payer ses factures avec Paiement ?<\/strong><\/span><\/h2>\n\n\n\n<p>Vous devez cocher la facture puis \u201cacc\u00e9der au paiement\u201d. Ce qui permettra de v\u00e9rifier les informations et de les modifier si n\u00e9cessaire (IBAN, motif, montant, date ordre de virement).<\/p>\n\n\n\n<p>Apr\u00e8s confirmation, le paiement sera valid\u00e9 dans l\u2019historique de paiement.<\/p>\n\n\n\n<p>Les <strong>rapprochements <\/strong>se font automatiquement dans iPaidThat et vous permettent de laisser l\u2019automatisation faire son r\u00f4le. Chacune de vos factures sera synchronis\u00e9e dans la section de <strong>pr\u00e9-comptabilit\u00e9<\/strong>.<\/p>\n\n\n\n<h2 class=\"wp-block-heading\"><span class=\"underline--hover\"><strong>Davantage de maniabilit\u00e9 avec l\u2019acc\u00e8s collaboratif sur Paiement<\/strong><\/span><\/h2>\n\n\n\n<p>L\u2019espace de paiement vous offre aussi la possibilit\u00e9 d\u2019<a href=\"https:\/\/help.ipaidthat.io\/fr\/articles\/5689799-octroyer-un-droit-de-paiement-a-un-membre-de-votre-equipe\" target=\"_blank\" rel=\"noreferrer noopener\">octroyer un acc\u00e8s \u00e0 un collaborateur<\/a>. Celui-ci doit cependant avoir, lui aussi, les droits de paiement sur vos op\u00e9rations en cours, et ce, gr\u00e2ce au droit d\u2019acc\u00e8s que l\u2019administrateur lui attribue.<\/p>\n\n\n\n<p>Vous acceptez et finalisez la proc\u00e9dure d\u2019octroi. Le droit de paiement devient actif pour votre collaborateur et il peut maintenant payer pour vous.<\/p>\n\n\n\n<hr class=\"wp-block-separator aligncenter has-alpha-channel-opacity\"\/>\n\n\n\n<p class=\"has-text-align-center\"><strong>Dites Au revoir<\/strong>\ud83e\udd1a<strong> au retard !<\/strong><\/p>\n\n\n\n<figure class=\"wp-block-image size-full\"><a href=\"https:\/\/ipaidthat.io\/fr\/paiement\"><img decoding=\"async\" src=\"https:\/\/ipaidthat.io\/mag\/wp-content\/uploads\/2021\/12\/banniere_mag_blog_paiement-1.png\" alt=\"Paiement par ipaidthat\" class=\"wp-image-7826\"\/><\/a><\/figure>\n","protected":false},"excerpt":{"rendered":"<p>La gestion et la conservation de vos factures ob\u00e9issent \u00e0 des r\u00e8gles pr\u00e9cises et strictes. Le Code de commerce pr\u00e9voit, pour les entreprises fran\u00e7aises, un d\u00e9lai de conservation plus ou moins long selon la nature de la pi\u00e8ce justificative. Pour s\u2019assurer de ne pas faire d\u2019erreur, ces derni\u00e8res peuvent \u00eatre num\u00e9ris\u00e9es et conserv\u00e9es sur un [&hellip;]<\/p>\n","protected":false},"author":4,"featured_media":0,"comment_status":"open","ping_status":"open","sticky":false,"template":"","format":"standard","meta":{"footnotes":""},"categories":[5,4],"tags":[],"class_list":["post-7795","post","type-post","status-publish","format-standard","hentry","category-comptabilite","category-featured"],"yoast_head":"<!-- This site is optimized with the Yoast SEO plugin v26.6 - https:\/\/yoast.com\/wordpress\/plugins\/seo\/ -->\n<title>Combien de temps garder les factures ?<\/title>\n<meta name=\"description\" content=\"Vous souhaitez savoir combien de temps garder les factures, car celles-ci s&#039;accumulent ? &quot;Paiement&quot; simplifie leur conservation et r\u00e8glement.\" \/>\n<meta name=\"robots\" content=\"index, follow, max-snippet:-1, max-image-preview:large, max-video-preview:-1\" \/>\n<link rel=\"canonical\" href=\"https:\/\/app.ipaidthat.io\/mag\/featured\/combien-de-temps-garder-les-factures\/\" \/>\n<meta property=\"og:locale\" content=\"fr_FR\" \/>\n<meta property=\"og:type\" content=\"article\" \/>\n<meta property=\"og:title\" content=\"Combien de temps garder les factures ?\" \/>\n<meta property=\"og:description\" content=\"Vous souhaitez savoir combien de temps garder les factures, car celles-ci s&#039;accumulent ? &quot;Paiement&quot; simplifie leur conservation et r\u00e8glement.\" \/>\n<meta property=\"og:url\" content=\"https:\/\/app.ipaidthat.io\/mag\/featured\/combien-de-temps-garder-les-factures\/\" \/>\n<meta property=\"og:site_name\" content=\"iPaidThat Mag\" \/>\n<meta property=\"article:published_time\" content=\"2021-12-06T09:26:25+00:00\" \/>\n<meta property=\"og:image\" content=\"https:\/\/ipaidthat.io\/mag\/wp-content\/uploads\/2021\/12\/Facture-1024x576.png\" \/>\n<meta name=\"author\" content=\"S\u00e9bastien Claeys\" \/>\n<meta name=\"twitter:card\" content=\"summary_large_image\" \/>\n<meta name=\"twitter:label1\" content=\"\u00c9crit par\" \/>\n\t<meta name=\"twitter:data1\" content=\"S\u00e9bastien Claeys\" \/>\n\t<meta name=\"twitter:label2\" content=\"Dur\u00e9e de lecture estim\u00e9e\" \/>\n\t<meta name=\"twitter:data2\" content=\"8 minutes\" \/>\n<script type=\"application\/ld+json\" class=\"yoast-schema-graph\">{\"@context\":\"https:\/\/schema.org\",\"@graph\":[{\"@type\":\"Article\",\"@id\":\"https:\/\/app.ipaidthat.io\/mag\/featured\/combien-de-temps-garder-les-factures\/#article\",\"isPartOf\":{\"@id\":\"https:\/\/app.ipaidthat.io\/mag\/featured\/combien-de-temps-garder-les-factures\/\"},\"author\":{\"name\":\"S\u00e9bastien Claeys\",\"@id\":\"https:\/\/app.ipaidthat.io\/mag\/#\/schema\/person\/021144662586a12df79c88913050baaa\"},\"headline\":\"Combien de temps garder les factures ?\",\"datePublished\":\"2021-12-06T09:26:25+00:00\",\"mainEntityOfPage\":{\"@id\":\"https:\/\/app.ipaidthat.io\/mag\/featured\/combien-de-temps-garder-les-factures\/\"},\"wordCount\":1640,\"commentCount\":0,\"publisher\":{\"@id\":\"https:\/\/app.ipaidthat.io\/mag\/#organization\"},\"image\":{\"@id\":\"https:\/\/app.ipaidthat.io\/mag\/featured\/combien-de-temps-garder-les-factures\/#primaryimage\"},\"thumbnailUrl\":\"https:\/\/ipaidthat.io\/mag\/wp-content\/uploads\/2021\/12\/Facture-1024x576.png\",\"articleSection\":[\"Comptabilit\u00e9\",\"Featured\"],\"inLanguage\":\"fr-FR\",\"potentialAction\":[{\"@type\":\"CommentAction\",\"name\":\"Comment\",\"target\":[\"https:\/\/app.ipaidthat.io\/mag\/featured\/combien-de-temps-garder-les-factures\/#respond\"]}]},{\"@type\":\"WebPage\",\"@id\":\"https:\/\/app.ipaidthat.io\/mag\/featured\/combien-de-temps-garder-les-factures\/\",\"url\":\"https:\/\/app.ipaidthat.io\/mag\/featured\/combien-de-temps-garder-les-factures\/\",\"name\":\"Combien de temps garder les factures ?\",\"isPartOf\":{\"@id\":\"https:\/\/app.ipaidthat.io\/mag\/#website\"},\"primaryImageOfPage\":{\"@id\":\"https:\/\/app.ipaidthat.io\/mag\/featured\/combien-de-temps-garder-les-factures\/#primaryimage\"},\"image\":{\"@id\":\"https:\/\/app.ipaidthat.io\/mag\/featured\/combien-de-temps-garder-les-factures\/#primaryimage\"},\"thumbnailUrl\":\"https:\/\/ipaidthat.io\/mag\/wp-content\/uploads\/2021\/12\/Facture-1024x576.png\",\"datePublished\":\"2021-12-06T09:26:25+00:00\",\"description\":\"Vous souhaitez savoir combien de temps garder les factures, car celles-ci s'accumulent ? \\\"Paiement\\\" simplifie leur conservation et r\u00e8glement.\",\"breadcrumb\":{\"@id\":\"https:\/\/app.ipaidthat.io\/mag\/featured\/combien-de-temps-garder-les-factures\/#breadcrumb\"},\"inLanguage\":\"fr-FR\",\"potentialAction\":[{\"@type\":\"ReadAction\",\"target\":[\"https:\/\/app.ipaidthat.io\/mag\/featured\/combien-de-temps-garder-les-factures\/\"]}]},{\"@type\":\"ImageObject\",\"inLanguage\":\"fr-FR\",\"@id\":\"https:\/\/app.ipaidthat.io\/mag\/featured\/combien-de-temps-garder-les-factures\/#primaryimage\",\"url\":\"https:\/\/ipaidthat.io\/mag\/wp-content\/uploads\/2021\/12\/Facture-1024x576.png\",\"contentUrl\":\"https:\/\/ipaidthat.io\/mag\/wp-content\/uploads\/2021\/12\/Facture-1024x576.png\"},{\"@type\":\"BreadcrumbList\",\"@id\":\"https:\/\/app.ipaidthat.io\/mag\/featured\/combien-de-temps-garder-les-factures\/#breadcrumb\",\"itemListElement\":[{\"@type\":\"ListItem\",\"position\":1,\"name\":\"Le Mag\",\"item\":\"https:\/\/app.ipaidthat.io\/mag\/\"},{\"@type\":\"ListItem\",\"position\":2,\"name\":\"Combien de temps garder les factures ?\"}]},{\"@type\":\"WebSite\",\"@id\":\"https:\/\/app.ipaidthat.io\/mag\/#website\",\"url\":\"https:\/\/app.ipaidthat.io\/mag\/\",\"name\":\"IPaidThat Mag\",\"description\":\"Une gestion simple, automatis\u00e9e et collaborative\",\"publisher\":{\"@id\":\"https:\/\/app.ipaidthat.io\/mag\/#organization\"},\"potentialAction\":[{\"@type\":\"SearchAction\",\"target\":{\"@type\":\"EntryPoint\",\"urlTemplate\":\"https:\/\/app.ipaidthat.io\/mag\/?s={search_term_string}\"},\"query-input\":{\"@type\":\"PropertyValueSpecification\",\"valueRequired\":true,\"valueName\":\"search_term_string\"}}],\"inLanguage\":\"fr-FR\"},{\"@type\":\"Organization\",\"@id\":\"https:\/\/app.ipaidthat.io\/mag\/#organization\",\"name\":\"IPaidThat Mag\",\"url\":\"https:\/\/app.ipaidthat.io\/mag\/\",\"logo\":{\"@type\":\"ImageObject\",\"inLanguage\":\"fr-FR\",\"@id\":\"https:\/\/app.ipaidthat.io\/mag\/#\/schema\/logo\/image\/\",\"url\":\"https:\/\/app.ipaidthat.io\/mag\/wp-content\/uploads\/2025\/11\/logo-le-mag-blog-ipaidthat.png\",\"contentUrl\":\"https:\/\/app.ipaidthat.io\/mag\/wp-content\/uploads\/2025\/11\/logo-le-mag-blog-ipaidthat.png\",\"width\":1817,\"height\":524,\"caption\":\"IPaidThat Mag\"},\"image\":{\"@id\":\"https:\/\/app.ipaidthat.io\/mag\/#\/schema\/logo\/image\/\"}},{\"@type\":\"Person\",\"@id\":\"https:\/\/app.ipaidthat.io\/mag\/#\/schema\/person\/021144662586a12df79c88913050baaa\",\"name\":\"S\u00e9bastien Claeys\",\"image\":{\"@type\":\"ImageObject\",\"inLanguage\":\"fr-FR\",\"@id\":\"https:\/\/app.ipaidthat.io\/mag\/#\/schema\/person\/image\/\",\"url\":\"https:\/\/app.ipaidthat.io\/mag\/wp-content\/uploads\/2023\/02\/sebastien-clayes-ipaidthat-96x96.png\",\"contentUrl\":\"https:\/\/app.ipaidthat.io\/mag\/wp-content\/uploads\/2023\/02\/sebastien-clayes-ipaidthat-96x96.png\",\"caption\":\"S\u00e9bastien Claeys\"},\"url\":\"https:\/\/app.ipaidthat.io\/mag\/author\/sebastienipaidthat-io\/\"}]}<\/script>\n<!-- \/ Yoast SEO plugin. -->","yoast_head_json":{"title":"Combien de temps garder les factures ?","description":"Vous souhaitez savoir combien de temps garder les factures, car celles-ci s'accumulent ? \"Paiement\" simplifie leur conservation et r\u00e8glement.","robots":{"index":"index","follow":"follow","max-snippet":"max-snippet:-1","max-image-preview":"max-image-preview:large","max-video-preview":"max-video-preview:-1"},"canonical":"https:\/\/app.ipaidthat.io\/mag\/featured\/combien-de-temps-garder-les-factures\/","og_locale":"fr_FR","og_type":"article","og_title":"Combien de temps garder les factures ?","og_description":"Vous souhaitez savoir combien de temps garder les factures, car celles-ci s'accumulent ? \"Paiement\" simplifie leur conservation et r\u00e8glement.","og_url":"https:\/\/app.ipaidthat.io\/mag\/featured\/combien-de-temps-garder-les-factures\/","og_site_name":"iPaidThat Mag","article_published_time":"2021-12-06T09:26:25+00:00","og_image":[{"url":"https:\/\/ipaidthat.io\/mag\/wp-content\/uploads\/2021\/12\/Facture-1024x576.png","type":"","width":"","height":""}],"author":"S\u00e9bastien Claeys","twitter_card":"summary_large_image","twitter_misc":{"\u00c9crit par":"S\u00e9bastien Claeys","Dur\u00e9e de lecture estim\u00e9e":"8 minutes"},"schema":{"@context":"https:\/\/schema.org","@graph":[{"@type":"Article","@id":"https:\/\/app.ipaidthat.io\/mag\/featured\/combien-de-temps-garder-les-factures\/#article","isPartOf":{"@id":"https:\/\/app.ipaidthat.io\/mag\/featured\/combien-de-temps-garder-les-factures\/"},"author":{"name":"S\u00e9bastien Claeys","@id":"https:\/\/app.ipaidthat.io\/mag\/#\/schema\/person\/021144662586a12df79c88913050baaa"},"headline":"Combien de temps garder les factures ?","datePublished":"2021-12-06T09:26:25+00:00","mainEntityOfPage":{"@id":"https:\/\/app.ipaidthat.io\/mag\/featured\/combien-de-temps-garder-les-factures\/"},"wordCount":1640,"commentCount":0,"publisher":{"@id":"https:\/\/app.ipaidthat.io\/mag\/#organization"},"image":{"@id":"https:\/\/app.ipaidthat.io\/mag\/featured\/combien-de-temps-garder-les-factures\/#primaryimage"},"thumbnailUrl":"https:\/\/ipaidthat.io\/mag\/wp-content\/uploads\/2021\/12\/Facture-1024x576.png","articleSection":["Comptabilit\u00e9","Featured"],"inLanguage":"fr-FR","potentialAction":[{"@type":"CommentAction","name":"Comment","target":["https:\/\/app.ipaidthat.io\/mag\/featured\/combien-de-temps-garder-les-factures\/#respond"]}]},{"@type":"WebPage","@id":"https:\/\/app.ipaidthat.io\/mag\/featured\/combien-de-temps-garder-les-factures\/","url":"https:\/\/app.ipaidthat.io\/mag\/featured\/combien-de-temps-garder-les-factures\/","name":"Combien de temps garder les factures ?","isPartOf":{"@id":"https:\/\/app.ipaidthat.io\/mag\/#website"},"primaryImageOfPage":{"@id":"https:\/\/app.ipaidthat.io\/mag\/featured\/combien-de-temps-garder-les-factures\/#primaryimage"},"image":{"@id":"https:\/\/app.ipaidthat.io\/mag\/featured\/combien-de-temps-garder-les-factures\/#primaryimage"},"thumbnailUrl":"https:\/\/ipaidthat.io\/mag\/wp-content\/uploads\/2021\/12\/Facture-1024x576.png","datePublished":"2021-12-06T09:26:25+00:00","description":"Vous souhaitez savoir combien de temps garder les factures, car celles-ci s'accumulent ? \"Paiement\" simplifie leur conservation et r\u00e8glement.","breadcrumb":{"@id":"https:\/\/app.ipaidthat.io\/mag\/featured\/combien-de-temps-garder-les-factures\/#breadcrumb"},"inLanguage":"fr-FR","potentialAction":[{"@type":"ReadAction","target":["https:\/\/app.ipaidthat.io\/mag\/featured\/combien-de-temps-garder-les-factures\/"]}]},{"@type":"ImageObject","inLanguage":"fr-FR","@id":"https:\/\/app.ipaidthat.io\/mag\/featured\/combien-de-temps-garder-les-factures\/#primaryimage","url":"https:\/\/ipaidthat.io\/mag\/wp-content\/uploads\/2021\/12\/Facture-1024x576.png","contentUrl":"https:\/\/ipaidthat.io\/mag\/wp-content\/uploads\/2021\/12\/Facture-1024x576.png"},{"@type":"BreadcrumbList","@id":"https:\/\/app.ipaidthat.io\/mag\/featured\/combien-de-temps-garder-les-factures\/#breadcrumb","itemListElement":[{"@type":"ListItem","position":1,"name":"Le Mag","item":"https:\/\/app.ipaidthat.io\/mag\/"},{"@type":"ListItem","position":2,"name":"Combien de temps garder les factures ?"}]},{"@type":"WebSite","@id":"https:\/\/app.ipaidthat.io\/mag\/#website","url":"https:\/\/app.ipaidthat.io\/mag\/","name":"IPaidThat Mag","description":"Une gestion simple, automatis\u00e9e et collaborative","publisher":{"@id":"https:\/\/app.ipaidthat.io\/mag\/#organization"},"potentialAction":[{"@type":"SearchAction","target":{"@type":"EntryPoint","urlTemplate":"https:\/\/app.ipaidthat.io\/mag\/?s={search_term_string}"},"query-input":{"@type":"PropertyValueSpecification","valueRequired":true,"valueName":"search_term_string"}}],"inLanguage":"fr-FR"},{"@type":"Organization","@id":"https:\/\/app.ipaidthat.io\/mag\/#organization","name":"IPaidThat Mag","url":"https:\/\/app.ipaidthat.io\/mag\/","logo":{"@type":"ImageObject","inLanguage":"fr-FR","@id":"https:\/\/app.ipaidthat.io\/mag\/#\/schema\/logo\/image\/","url":"https:\/\/app.ipaidthat.io\/mag\/wp-content\/uploads\/2025\/11\/logo-le-mag-blog-ipaidthat.png","contentUrl":"https:\/\/app.ipaidthat.io\/mag\/wp-content\/uploads\/2025\/11\/logo-le-mag-blog-ipaidthat.png","width":1817,"height":524,"caption":"IPaidThat Mag"},"image":{"@id":"https:\/\/app.ipaidthat.io\/mag\/#\/schema\/logo\/image\/"}},{"@type":"Person","@id":"https:\/\/app.ipaidthat.io\/mag\/#\/schema\/person\/021144662586a12df79c88913050baaa","name":"S\u00e9bastien Claeys","image":{"@type":"ImageObject","inLanguage":"fr-FR","@id":"https:\/\/app.ipaidthat.io\/mag\/#\/schema\/person\/image\/","url":"https:\/\/app.ipaidthat.io\/mag\/wp-content\/uploads\/2023\/02\/sebastien-clayes-ipaidthat-96x96.png","contentUrl":"https:\/\/app.ipaidthat.io\/mag\/wp-content\/uploads\/2023\/02\/sebastien-clayes-ipaidthat-96x96.png","caption":"S\u00e9bastien Claeys"},"url":"https:\/\/app.ipaidthat.io\/mag\/author\/sebastienipaidthat-io\/"}]}},"_links":{"self":[{"href":"https:\/\/app.ipaidthat.io\/mag\/wp-json\/wp\/v2\/posts\/7795","targetHints":{"allow":["GET"]}}],"collection":[{"href":"https:\/\/app.ipaidthat.io\/mag\/wp-json\/wp\/v2\/posts"}],"about":[{"href":"https:\/\/app.ipaidthat.io\/mag\/wp-json\/wp\/v2\/types\/post"}],"author":[{"embeddable":true,"href":"https:\/\/app.ipaidthat.io\/mag\/wp-json\/wp\/v2\/users\/4"}],"replies":[{"embeddable":true,"href":"https:\/\/app.ipaidthat.io\/mag\/wp-json\/wp\/v2\/comments?post=7795"}],"version-history":[{"count":0,"href":"https:\/\/app.ipaidthat.io\/mag\/wp-json\/wp\/v2\/posts\/7795\/revisions"}],"wp:attachment":[{"href":"https:\/\/app.ipaidthat.io\/mag\/wp-json\/wp\/v2\/media?parent=7795"}],"wp:term":[{"taxonomy":"category","embeddable":true,"href":"https:\/\/app.ipaidthat.io\/mag\/wp-json\/wp\/v2\/categories?post=7795"},{"taxonomy":"post_tag","embeddable":true,"href":"https:\/\/app.ipaidthat.io\/mag\/wp-json\/wp\/v2\/tags?post=7795"}],"curies":[{"name":"wp","href":"https:\/\/api.w.org\/{rel}","templated":true}]}}