{"id":7717,"date":"2021-12-13T15:47:55","date_gmt":"2021-12-13T14:47:55","guid":{"rendered":"https:\/\/ipaidthat.io\/mag\/?p=7717"},"modified":"2021-12-13T15:47:55","modified_gmt":"2021-12-13T14:47:55","slug":"la-tva-expliquee-par-un-expert-comptable-2","status":"publish","type":"post","link":"https:\/\/app.ipaidthat.io\/mag\/featured\/la-tva-expliquee-par-un-expert-comptable-2\/","title":{"rendered":"S\u00c9RIE : La TVA expliqu\u00e9e par un expert-comptable #2"},"content":{"rendered":"\n<h2 class=\"has-text-align-center wp-block-heading\"><strong><em>Le traitement comptable<\/em><\/strong><\/h2>\n\n\n\n<p>Nous retrouvons notre expert-comptable Jean-Fr\u00e9d\u00e9ric Dubeaux de SAFIGEC, pour continuer l\u2019apprentissage et affin\u00e9e les notions de TVA \u00e0 conna\u00eetre absolument ! Ce second volume sera enti\u00e8rement d\u00e9di\u00e9 au traitement comptable de la TVA.<\/p>\n\n\n\n<figure class=\"wp-block-image size-large\"><img decoding=\"async\" src=\"https:\/\/ipaidthat.io\/mag\/wp-content\/uploads\/2021\/12\/tva-expert-safigec-x-ipaidthat-3-1024x576.png\" alt=\"\" class=\"wp-image-7894\"\/><figcaption>  <em>Image modifi\u00e9e issue de :&nbsp;<\/em>storyset.com  <\/figcaption><\/figure>\n\n\n\n<h2 class=\"wp-block-heading\"><strong><span class=\"underline--hover\">Comment se fait le traitement comptable de la TVA ?<\/span><\/strong><\/h2>\n\n\n\n<p>Premi\u00e8rement, le traitement comptable comporte la notion de <strong>TVA collect\u00e9e<\/strong> sur les ventes et celle de TVA d\u00e9ductible sur les achats.<\/p>\n\n\n\n<p>C\u2019est pour cette raison que les prix indiqu\u00e9s par les structures r\u00e9serv\u00e9es aux <strong>professionnels<\/strong> sont souvent indiqu\u00e9s en hors taxe, car il s\u2019agit du co\u00fbt r\u00e9ellement support\u00e9 par l\u2019entreprise.<\/p>\n\n\n\n<h2 class=\"wp-block-heading\"><strong><span class=\"underline--hover\">Que paie l\u2019assujetti \u00e0 la TVA ?<\/span><\/strong><\/h2>\n\n\n\n<p>L\u2019<a href=\"https:\/\/ipaidthat.io\/mag\/featured\/tout-savoir-sur-la-tva-declaration-acompte-paiement\/\" target=\"_blank\" rel=\"noreferrer noopener\">assujetti \u00e0 la TVA<\/a> paie un cr\u00e9dit de TVA ou la TVA collect\u00e9e.<\/p>\n\n\n\n<p>Les factures sont le seul document valable aujourd\u2019hui pour justifier d\u2019une <strong>op\u00e9ration de TVA<\/strong>.&nbsp;<\/p>\n\n\n\n<p>En effet, la TVA n\u2019est prise en compte que sur une base essentielle : une <strong>facture<\/strong>. Tout autre document tel que les devis, les bons de commande, les bons de livraison, les re\u00e7us de paiement ou les factures pro-forma, ne peuvent \u00eatre pris en compte. Cette distinction s\u2019applique \u00e0 la comptabilit\u00e9 de mani\u00e8re g\u00e9n\u00e9rale.<\/p>\n\n\n\n<h2 class=\"wp-block-heading\"><strong><span class=\"underline--hover\">Qu\u2019est-ce qu\u2019une \u00e9criture comptable ?<\/span><\/strong><\/h2>\n\n\n\n<p>Une \u00e9criture comptable est une op\u00e9ration qui traduit un <a href=\"https:\/\/ipaidthat.io\/mag\/tresorerie\/tableau-de-tresorerie-choisissez-un-outil-adapte\/\">flux mon\u00e9taire<\/a> dans les <strong>comptes d&rsquo;une entreprise<\/strong>. Elle est compos\u00e9e de lignes et chaque ligne est s\u00e9par\u00e9e en plusieurs colonnes comportant diff\u00e9rentes informations.<\/p>\n\n\n\n<p>Il est important de distinguer le montant hors taxe (HT) du montant de la TVA.<\/p>\n\n\n\n<p>Dans une <strong>\u00e9criture comptable<\/strong>, le montant d\u2019un flux mon\u00e9taire est imput\u00e9 \u00e0 un compte de charge (compte de classe 6 pour les achats en montant HT) ou \u00e0 un compte de produit (compte de classe 7).<\/p>\n\n\n\n<p>Pour la TVA en revanche, le montant de celle-ci est \u00e0 imputer dans un compte sp\u00e9cifique de TVA d\u00e9ductible (racine 4456) ou de TVA collect\u00e9e (racine 4457).&nbsp;<\/p>\n\n\n\n<p>Enfin le montant TTC est comptabilis\u00e9 dans le compte fournisseur (achat) ou client (vente).<\/p>\n\n\n\n<p class=\"has-text-align-center\"><a href=\"https:\/\/ipaidthat.io\/mag\/fiscalite\/comment-declarer-sa-tva-avec-ipaidthat\/\" target=\"_blank\" rel=\"noreferrer noopener\"><strong>iPaidThat permet au comptable comme aux entrepreneurs, la pr\u00e9-comptabilisation de la TVA !<\/strong><\/a><\/p>\n\n\n\n<h2 class=\"wp-block-heading\"><strong><span class=\"underline--hover\">Quelle est la date de prise en compte d\u2019une op\u00e9ration ?<\/span><\/strong><\/h2>\n\n\n\n<p>De mani\u00e8re comptable et <strong>fiscale<\/strong>, il y a deux possibilit\u00e9s de prendre en compte une op\u00e9ration de TVA :<\/p>\n\n\n\n<ul class=\"wp-block-list\"><li>La TVA sur les d\u00e9bits \u2192 Elle concerne les ventes de marchandises et on la prend en compte selon la date de facturation.<\/li><li>TVA sur les encaissements \u2192 Cette TVA concerne uniquement <strong>les encaissements<\/strong> et se prend en compte selon la date d\u2019encaissement. Il s\u2019agit par exemple de prestations et de services.<\/li><\/ul>\n\n\n\n<p>Cette derni\u00e8re ne pose pas de probl\u00e8me de tr\u00e9sorerie, car les clients ont g\u00e9n\u00e9ralement, d\u00e9j\u00e0 pay\u00e9.<\/p>\n\n\n\n<p>Comptablement, il est plus simple de suivre la TVA collect\u00e9e sur les d\u00e9bits !<\/p>\n\n\n\n<h2 class=\"wp-block-heading\"><strong><span class=\"underline--hover\">Une facture peut-elle avoir plusieurs taux de TVA ?<\/span><\/strong><\/h2>\n\n\n\n<p>Certaines factures peuvent effectivement avoir plusieurs taux de TVA. Pour ces cas en particulier, il faudra distinguer les diff\u00e9rents taux par ligne : une ligne par taux de TVA.<\/p>\n\n\n\n<p>C\u2019est le cas par exemple dans le domaine de la restauration o\u00f9 la TVA s\u2019applique \u00e0 10% sauf pour la vente d\u2019alcool (au taux de 20%).<\/p>\n\n\n\n<p>La distinction est obligatoire sur la <strong>d\u00e9claration de TVA<\/strong> d\u2019une vente, mais pas sur celle d\u2019un achat, o\u00f9 l\u2019application d\u2019un seul compte de TVA d\u00e9ductible sera requise m\u00eame si plusieurs taux de TVA apparaissent.<\/p>\n\n\n\n<h2 class=\"wp-block-heading\"><strong><span class=\"underline--hover\">Quelle est la marche \u00e0 suivre pour une facture d\u2019immobilisation ?<\/span><\/strong><\/h2>\n\n\n\n<p>On s\u00e9pare deux groupes :<\/p>\n\n\n\n<ul class=\"wp-block-list\"><li>Les <strong>achats immobilis\u00e9s <\/strong>de TVA d\u00e9ductible : ce sont des achats dont l\u2019utilisation est pr\u00e9visible sur plusieurs ann\u00e9es. Ils concernent l\u2019investissement et l\u2019achat de mat\u00e9riel ayant une valeur sup\u00e9rieure \u00e0 500\u20ac HT en prix unitaire.&nbsp;<\/li><\/ul>\n\n\n\n<ul class=\"wp-block-list\"><li>Les <strong>achats non immobilis\u00e9s<\/strong>.<\/li><\/ul>\n\n\n\n<p>Une grande distinction se fait et se retrouve sur les d\u00e9clarations de TVA pour ces deux types d\u2019achat ; l\u2019utilisation d\u2019un compte sp\u00e9cifique de TVA d\u00e9ductible \u00e9tant obligatoire sur les factures d\u2019immobilisation.<\/p>\n\n\n\n<p>Concernant les racines de compte pour la TVA d\u00e9ductible, ce sera le compte de TVA num\u00e9ro 44562 pour les achats d\u2019immobilisation et le num\u00e9ro 44566 pour les achats non immobilis\u00e9s.<\/p>\n\n\n\n<h2 class=\"wp-block-heading\"><strong><span class=\"underline--hover\">iPaidThat : une gestion de la TVA rapide et en ligne !<\/span><\/strong><\/h2>\n\n\n\n<p>Comme vous pouvez le voir, la TVA est une taxe qui a son propre traitement comptable, complexe et adapt\u00e9 \u00e0 chaque situation. Elle n\u2019est donc pas simple \u00e0 g\u00e9rer seul malgr\u00e9 toute la bonne volont\u00e9 que vous y consacrerez.<\/p>\n\n\n\n<p><strong>Nous sommes l\u00e0 pour vous aider !<\/strong><\/p>\n\n\n\n<p><strong>Avec iPaidThat, la gestion pr\u00e9-comptable de la TVA peut \u00eatre prise en charge simplement et efficacement.<\/strong><\/p>\n\n\n\n<p>L\u2019outil vous permet de g\u00e9rer votre TVA d\u2019entreprise et facilite son int\u00e9gration dans chacune de vos factures.<\/p>\n\n\n\n<p>Avec la suite logicielle iPaidThat, vous pouvez :<\/p>\n\n\n\n<ul class=\"wp-block-list\"><li>G\u00e9rer rapidement votre pr\u00e9-comptabilit\u00e9<\/li><li>Optimiser et tester votre tr\u00e9sorerie gr\u00e2ce \u00e0 des sc\u00e9narios modifiables<\/li><li>Prendre en photos et <a href=\"https:\/\/ipaidthat.io\/fr\/notes-de-frais\/?utm_source=mag&amp;utm_campaign=menu&amp;utm_content=menu\">digitaliser vos notes de frais<\/a><\/li><li>Payez vos factures en un clic et r\u00e9duire vos impay\u00e9s<\/li><li>B\u00e9n\u00e9ficiez d\u2019un syst\u00e8me de notifications d\u00e8s que quelque chose cloche sur votre tableau de gestion pr\u00e9-comptable<\/li><\/ul>\n\n\n\n<p class=\"has-text-align-center\"><strong>iPaidThat utilise l\u2019automatisation pour faire gagner du temps aux dirigeants d\u2019entreprise.<\/strong><\/p>\n\n\n\n<p class=\"has-text-align-center\"><strong>Au quotidien, c\u2019est 3 fois moins de temps pass\u00e9 sur les t\u00e2ches administratives et 3 fois plus de temps \u00e0 utiliser ailleurs !<\/strong><\/p>\n\n\n\n<p class=\"has-text-align-center\"><a href=\"https:\/\/ipaidthat.io\/fr\/?utm_source=mag&amp;utm_campaign=texte&amp;utm_content=texte\"><strong>Commencer maintenant&nbsp;<\/strong><\/a><\/p>\n","protected":false},"excerpt":{"rendered":"<p>Le traitement comptable Nous retrouvons notre expert-comptable Jean-Fr\u00e9d\u00e9ric Dubeaux de SAFIGEC, pour continuer l\u2019apprentissage et affin\u00e9e les notions de TVA \u00e0 conna\u00eetre absolument ! Ce second volume sera enti\u00e8rement d\u00e9di\u00e9 au traitement comptable de la TVA. Comment se fait le traitement comptable de la TVA ? Premi\u00e8rement, le traitement comptable comporte la notion de TVA [&hellip;]<\/p>\n","protected":false},"author":4,"featured_media":0,"comment_status":"open","ping_status":"open","sticky":false,"template":"","format":"standard","meta":{"footnotes":""},"categories":[4,7],"tags":[],"class_list":["post-7717","post","type-post","status-publish","format-standard","hentry","category-featured","category-fiscalite"],"yoast_head":"<!-- This site is optimized with the Yoast SEO plugin v26.6 - https:\/\/yoast.com\/wordpress\/plugins\/seo\/ -->\n<title>S\u00c9RIE : La TVA expliqu\u00e9e par un expert-comptable #2<\/title>\n<meta name=\"description\" content=\"Retrouvez votre expert-comptable de SAFIGEC et recevez des informations sur votre TVA et la mani\u00e8re d&#039;appr\u00e9hender son traitement comptable.\" \/>\n<meta name=\"robots\" content=\"index, follow, max-snippet:-1, max-image-preview:large, max-video-preview:-1\" \/>\n<link rel=\"canonical\" href=\"https:\/\/app.ipaidthat.io\/mag\/featured\/la-tva-expliquee-par-un-expert-comptable-2\/\" \/>\n<meta property=\"og:locale\" content=\"fr_FR\" \/>\n<meta property=\"og:type\" content=\"article\" \/>\n<meta property=\"og:title\" content=\"S\u00c9RIE : La TVA expliqu\u00e9e par un expert-comptable #2\" \/>\n<meta property=\"og:description\" content=\"Retrouvez votre expert-comptable de SAFIGEC et recevez des informations sur votre TVA et la mani\u00e8re d&#039;appr\u00e9hender son traitement comptable.\" \/>\n<meta property=\"og:url\" content=\"https:\/\/app.ipaidthat.io\/mag\/featured\/la-tva-expliquee-par-un-expert-comptable-2\/\" \/>\n<meta property=\"og:site_name\" content=\"iPaidThat Mag\" \/>\n<meta property=\"article:published_time\" content=\"2021-12-13T14:47:55+00:00\" \/>\n<meta property=\"og:image\" content=\"https:\/\/ipaidthat.io\/mag\/wp-content\/uploads\/2021\/12\/tva-expert-safigec-x-ipaidthat-3-1024x576.png\" \/>\n<meta name=\"author\" content=\"S\u00e9bastien Claeys\" \/>\n<meta name=\"twitter:card\" content=\"summary_large_image\" \/>\n<meta name=\"twitter:label1\" content=\"\u00c9crit par\" \/>\n\t<meta name=\"twitter:data1\" content=\"S\u00e9bastien Claeys\" \/>\n\t<meta name=\"twitter:label2\" content=\"Dur\u00e9e de lecture estim\u00e9e\" \/>\n\t<meta name=\"twitter:data2\" content=\"5 minutes\" \/>\n<script type=\"application\/ld+json\" class=\"yoast-schema-graph\">{\"@context\":\"https:\/\/schema.org\",\"@graph\":[{\"@type\":\"Article\",\"@id\":\"https:\/\/app.ipaidthat.io\/mag\/featured\/la-tva-expliquee-par-un-expert-comptable-2\/#article\",\"isPartOf\":{\"@id\":\"https:\/\/app.ipaidthat.io\/mag\/featured\/la-tva-expliquee-par-un-expert-comptable-2\/\"},\"author\":{\"name\":\"S\u00e9bastien Claeys\",\"@id\":\"https:\/\/app.ipaidthat.io\/mag\/#\/schema\/person\/021144662586a12df79c88913050baaa\"},\"headline\":\"S\u00c9RIE : La TVA expliqu\u00e9e par un expert-comptable #2\",\"datePublished\":\"2021-12-13T14:47:55+00:00\",\"mainEntityOfPage\":{\"@id\":\"https:\/\/app.ipaidthat.io\/mag\/featured\/la-tva-expliquee-par-un-expert-comptable-2\/\"},\"wordCount\":933,\"commentCount\":0,\"publisher\":{\"@id\":\"https:\/\/app.ipaidthat.io\/mag\/#organization\"},\"image\":{\"@id\":\"https:\/\/app.ipaidthat.io\/mag\/featured\/la-tva-expliquee-par-un-expert-comptable-2\/#primaryimage\"},\"thumbnailUrl\":\"https:\/\/ipaidthat.io\/mag\/wp-content\/uploads\/2021\/12\/tva-expert-safigec-x-ipaidthat-3-1024x576.png\",\"articleSection\":[\"Featured\",\"Fiscalit\u00e9\"],\"inLanguage\":\"fr-FR\",\"potentialAction\":[{\"@type\":\"CommentAction\",\"name\":\"Comment\",\"target\":[\"https:\/\/app.ipaidthat.io\/mag\/featured\/la-tva-expliquee-par-un-expert-comptable-2\/#respond\"]}]},{\"@type\":\"WebPage\",\"@id\":\"https:\/\/app.ipaidthat.io\/mag\/featured\/la-tva-expliquee-par-un-expert-comptable-2\/\",\"url\":\"https:\/\/app.ipaidthat.io\/mag\/featured\/la-tva-expliquee-par-un-expert-comptable-2\/\",\"name\":\"S\u00c9RIE : La TVA expliqu\u00e9e par un expert-comptable #2\",\"isPartOf\":{\"@id\":\"https:\/\/app.ipaidthat.io\/mag\/#website\"},\"primaryImageOfPage\":{\"@id\":\"https:\/\/app.ipaidthat.io\/mag\/featured\/la-tva-expliquee-par-un-expert-comptable-2\/#primaryimage\"},\"image\":{\"@id\":\"https:\/\/app.ipaidthat.io\/mag\/featured\/la-tva-expliquee-par-un-expert-comptable-2\/#primaryimage\"},\"thumbnailUrl\":\"https:\/\/ipaidthat.io\/mag\/wp-content\/uploads\/2021\/12\/tva-expert-safigec-x-ipaidthat-3-1024x576.png\",\"datePublished\":\"2021-12-13T14:47:55+00:00\",\"description\":\"Retrouvez votre expert-comptable de SAFIGEC et recevez des informations sur votre TVA et la mani\u00e8re d'appr\u00e9hender son traitement comptable.\",\"breadcrumb\":{\"@id\":\"https:\/\/app.ipaidthat.io\/mag\/featured\/la-tva-expliquee-par-un-expert-comptable-2\/#breadcrumb\"},\"inLanguage\":\"fr-FR\",\"potentialAction\":[{\"@type\":\"ReadAction\",\"target\":[\"https:\/\/app.ipaidthat.io\/mag\/featured\/la-tva-expliquee-par-un-expert-comptable-2\/\"]}]},{\"@type\":\"ImageObject\",\"inLanguage\":\"fr-FR\",\"@id\":\"https:\/\/app.ipaidthat.io\/mag\/featured\/la-tva-expliquee-par-un-expert-comptable-2\/#primaryimage\",\"url\":\"https:\/\/ipaidthat.io\/mag\/wp-content\/uploads\/2021\/12\/tva-expert-safigec-x-ipaidthat-3-1024x576.png\",\"contentUrl\":\"https:\/\/ipaidthat.io\/mag\/wp-content\/uploads\/2021\/12\/tva-expert-safigec-x-ipaidthat-3-1024x576.png\"},{\"@type\":\"BreadcrumbList\",\"@id\":\"https:\/\/app.ipaidthat.io\/mag\/featured\/la-tva-expliquee-par-un-expert-comptable-2\/#breadcrumb\",\"itemListElement\":[{\"@type\":\"ListItem\",\"position\":1,\"name\":\"Le Mag\",\"item\":\"https:\/\/app.ipaidthat.io\/mag\/\"},{\"@type\":\"ListItem\",\"position\":2,\"name\":\"Featured\",\"item\":\"https:\/\/app.ipaidthat.io\/mag\/category\/featured\/\"},{\"@type\":\"ListItem\",\"position\":3,\"name\":\"S\u00c9RIE : La TVA expliqu\u00e9e par un expert-comptable #2\"}]},{\"@type\":\"WebSite\",\"@id\":\"https:\/\/app.ipaidthat.io\/mag\/#website\",\"url\":\"https:\/\/app.ipaidthat.io\/mag\/\",\"name\":\"IPaidThat Mag\",\"description\":\"Une gestion simple, automatis\u00e9e et collaborative\",\"publisher\":{\"@id\":\"https:\/\/app.ipaidthat.io\/mag\/#organization\"},\"potentialAction\":[{\"@type\":\"SearchAction\",\"target\":{\"@type\":\"EntryPoint\",\"urlTemplate\":\"https:\/\/app.ipaidthat.io\/mag\/?s={search_term_string}\"},\"query-input\":{\"@type\":\"PropertyValueSpecification\",\"valueRequired\":true,\"valueName\":\"search_term_string\"}}],\"inLanguage\":\"fr-FR\"},{\"@type\":\"Organization\",\"@id\":\"https:\/\/app.ipaidthat.io\/mag\/#organization\",\"name\":\"IPaidThat Mag\",\"url\":\"https:\/\/app.ipaidthat.io\/mag\/\",\"logo\":{\"@type\":\"ImageObject\",\"inLanguage\":\"fr-FR\",\"@id\":\"https:\/\/app.ipaidthat.io\/mag\/#\/schema\/logo\/image\/\",\"url\":\"https:\/\/app.ipaidthat.io\/mag\/wp-content\/uploads\/2025\/11\/logo-le-mag-blog-ipaidthat.png\",\"contentUrl\":\"https:\/\/app.ipaidthat.io\/mag\/wp-content\/uploads\/2025\/11\/logo-le-mag-blog-ipaidthat.png\",\"width\":1817,\"height\":524,\"caption\":\"IPaidThat Mag\"},\"image\":{\"@id\":\"https:\/\/app.ipaidthat.io\/mag\/#\/schema\/logo\/image\/\"}},{\"@type\":\"Person\",\"@id\":\"https:\/\/app.ipaidthat.io\/mag\/#\/schema\/person\/021144662586a12df79c88913050baaa\",\"name\":\"S\u00e9bastien Claeys\",\"image\":{\"@type\":\"ImageObject\",\"inLanguage\":\"fr-FR\",\"@id\":\"https:\/\/app.ipaidthat.io\/mag\/#\/schema\/person\/image\/\",\"url\":\"https:\/\/app.ipaidthat.io\/mag\/wp-content\/uploads\/2023\/02\/sebastien-clayes-ipaidthat-96x96.png\",\"contentUrl\":\"https:\/\/app.ipaidthat.io\/mag\/wp-content\/uploads\/2023\/02\/sebastien-clayes-ipaidthat-96x96.png\",\"caption\":\"S\u00e9bastien Claeys\"},\"url\":\"https:\/\/app.ipaidthat.io\/mag\/author\/sebastienipaidthat-io\/\"}]}<\/script>\n<!-- \/ Yoast SEO plugin. -->","yoast_head_json":{"title":"S\u00c9RIE : La TVA expliqu\u00e9e par un expert-comptable #2","description":"Retrouvez votre expert-comptable de SAFIGEC et recevez des informations sur votre TVA et la mani\u00e8re d'appr\u00e9hender son traitement comptable.","robots":{"index":"index","follow":"follow","max-snippet":"max-snippet:-1","max-image-preview":"max-image-preview:large","max-video-preview":"max-video-preview:-1"},"canonical":"https:\/\/app.ipaidthat.io\/mag\/featured\/la-tva-expliquee-par-un-expert-comptable-2\/","og_locale":"fr_FR","og_type":"article","og_title":"S\u00c9RIE : La TVA expliqu\u00e9e par un expert-comptable #2","og_description":"Retrouvez votre expert-comptable de SAFIGEC et recevez des informations sur votre TVA et la mani\u00e8re d'appr\u00e9hender son traitement comptable.","og_url":"https:\/\/app.ipaidthat.io\/mag\/featured\/la-tva-expliquee-par-un-expert-comptable-2\/","og_site_name":"iPaidThat Mag","article_published_time":"2021-12-13T14:47:55+00:00","og_image":[{"url":"https:\/\/ipaidthat.io\/mag\/wp-content\/uploads\/2021\/12\/tva-expert-safigec-x-ipaidthat-3-1024x576.png","type":"","width":"","height":""}],"author":"S\u00e9bastien Claeys","twitter_card":"summary_large_image","twitter_misc":{"\u00c9crit par":"S\u00e9bastien Claeys","Dur\u00e9e de lecture estim\u00e9e":"5 minutes"},"schema":{"@context":"https:\/\/schema.org","@graph":[{"@type":"Article","@id":"https:\/\/app.ipaidthat.io\/mag\/featured\/la-tva-expliquee-par-un-expert-comptable-2\/#article","isPartOf":{"@id":"https:\/\/app.ipaidthat.io\/mag\/featured\/la-tva-expliquee-par-un-expert-comptable-2\/"},"author":{"name":"S\u00e9bastien Claeys","@id":"https:\/\/app.ipaidthat.io\/mag\/#\/schema\/person\/021144662586a12df79c88913050baaa"},"headline":"S\u00c9RIE : La TVA expliqu\u00e9e par un expert-comptable #2","datePublished":"2021-12-13T14:47:55+00:00","mainEntityOfPage":{"@id":"https:\/\/app.ipaidthat.io\/mag\/featured\/la-tva-expliquee-par-un-expert-comptable-2\/"},"wordCount":933,"commentCount":0,"publisher":{"@id":"https:\/\/app.ipaidthat.io\/mag\/#organization"},"image":{"@id":"https:\/\/app.ipaidthat.io\/mag\/featured\/la-tva-expliquee-par-un-expert-comptable-2\/#primaryimage"},"thumbnailUrl":"https:\/\/ipaidthat.io\/mag\/wp-content\/uploads\/2021\/12\/tva-expert-safigec-x-ipaidthat-3-1024x576.png","articleSection":["Featured","Fiscalit\u00e9"],"inLanguage":"fr-FR","potentialAction":[{"@type":"CommentAction","name":"Comment","target":["https:\/\/app.ipaidthat.io\/mag\/featured\/la-tva-expliquee-par-un-expert-comptable-2\/#respond"]}]},{"@type":"WebPage","@id":"https:\/\/app.ipaidthat.io\/mag\/featured\/la-tva-expliquee-par-un-expert-comptable-2\/","url":"https:\/\/app.ipaidthat.io\/mag\/featured\/la-tva-expliquee-par-un-expert-comptable-2\/","name":"S\u00c9RIE : La TVA expliqu\u00e9e par un expert-comptable #2","isPartOf":{"@id":"https:\/\/app.ipaidthat.io\/mag\/#website"},"primaryImageOfPage":{"@id":"https:\/\/app.ipaidthat.io\/mag\/featured\/la-tva-expliquee-par-un-expert-comptable-2\/#primaryimage"},"image":{"@id":"https:\/\/app.ipaidthat.io\/mag\/featured\/la-tva-expliquee-par-un-expert-comptable-2\/#primaryimage"},"thumbnailUrl":"https:\/\/ipaidthat.io\/mag\/wp-content\/uploads\/2021\/12\/tva-expert-safigec-x-ipaidthat-3-1024x576.png","datePublished":"2021-12-13T14:47:55+00:00","description":"Retrouvez votre expert-comptable de SAFIGEC et recevez des informations sur votre TVA et la mani\u00e8re d'appr\u00e9hender son traitement comptable.","breadcrumb":{"@id":"https:\/\/app.ipaidthat.io\/mag\/featured\/la-tva-expliquee-par-un-expert-comptable-2\/#breadcrumb"},"inLanguage":"fr-FR","potentialAction":[{"@type":"ReadAction","target":["https:\/\/app.ipaidthat.io\/mag\/featured\/la-tva-expliquee-par-un-expert-comptable-2\/"]}]},{"@type":"ImageObject","inLanguage":"fr-FR","@id":"https:\/\/app.ipaidthat.io\/mag\/featured\/la-tva-expliquee-par-un-expert-comptable-2\/#primaryimage","url":"https:\/\/ipaidthat.io\/mag\/wp-content\/uploads\/2021\/12\/tva-expert-safigec-x-ipaidthat-3-1024x576.png","contentUrl":"https:\/\/ipaidthat.io\/mag\/wp-content\/uploads\/2021\/12\/tva-expert-safigec-x-ipaidthat-3-1024x576.png"},{"@type":"BreadcrumbList","@id":"https:\/\/app.ipaidthat.io\/mag\/featured\/la-tva-expliquee-par-un-expert-comptable-2\/#breadcrumb","itemListElement":[{"@type":"ListItem","position":1,"name":"Le Mag","item":"https:\/\/app.ipaidthat.io\/mag\/"},{"@type":"ListItem","position":2,"name":"Featured","item":"https:\/\/app.ipaidthat.io\/mag\/category\/featured\/"},{"@type":"ListItem","position":3,"name":"S\u00c9RIE : La TVA expliqu\u00e9e par un expert-comptable #2"}]},{"@type":"WebSite","@id":"https:\/\/app.ipaidthat.io\/mag\/#website","url":"https:\/\/app.ipaidthat.io\/mag\/","name":"IPaidThat Mag","description":"Une gestion simple, automatis\u00e9e et collaborative","publisher":{"@id":"https:\/\/app.ipaidthat.io\/mag\/#organization"},"potentialAction":[{"@type":"SearchAction","target":{"@type":"EntryPoint","urlTemplate":"https:\/\/app.ipaidthat.io\/mag\/?s={search_term_string}"},"query-input":{"@type":"PropertyValueSpecification","valueRequired":true,"valueName":"search_term_string"}}],"inLanguage":"fr-FR"},{"@type":"Organization","@id":"https:\/\/app.ipaidthat.io\/mag\/#organization","name":"IPaidThat Mag","url":"https:\/\/app.ipaidthat.io\/mag\/","logo":{"@type":"ImageObject","inLanguage":"fr-FR","@id":"https:\/\/app.ipaidthat.io\/mag\/#\/schema\/logo\/image\/","url":"https:\/\/app.ipaidthat.io\/mag\/wp-content\/uploads\/2025\/11\/logo-le-mag-blog-ipaidthat.png","contentUrl":"https:\/\/app.ipaidthat.io\/mag\/wp-content\/uploads\/2025\/11\/logo-le-mag-blog-ipaidthat.png","width":1817,"height":524,"caption":"IPaidThat Mag"},"image":{"@id":"https:\/\/app.ipaidthat.io\/mag\/#\/schema\/logo\/image\/"}},{"@type":"Person","@id":"https:\/\/app.ipaidthat.io\/mag\/#\/schema\/person\/021144662586a12df79c88913050baaa","name":"S\u00e9bastien Claeys","image":{"@type":"ImageObject","inLanguage":"fr-FR","@id":"https:\/\/app.ipaidthat.io\/mag\/#\/schema\/person\/image\/","url":"https:\/\/app.ipaidthat.io\/mag\/wp-content\/uploads\/2023\/02\/sebastien-clayes-ipaidthat-96x96.png","contentUrl":"https:\/\/app.ipaidthat.io\/mag\/wp-content\/uploads\/2023\/02\/sebastien-clayes-ipaidthat-96x96.png","caption":"S\u00e9bastien Claeys"},"url":"https:\/\/app.ipaidthat.io\/mag\/author\/sebastienipaidthat-io\/"}]}},"_links":{"self":[{"href":"https:\/\/app.ipaidthat.io\/mag\/wp-json\/wp\/v2\/posts\/7717","targetHints":{"allow":["GET"]}}],"collection":[{"href":"https:\/\/app.ipaidthat.io\/mag\/wp-json\/wp\/v2\/posts"}],"about":[{"href":"https:\/\/app.ipaidthat.io\/mag\/wp-json\/wp\/v2\/types\/post"}],"author":[{"embeddable":true,"href":"https:\/\/app.ipaidthat.io\/mag\/wp-json\/wp\/v2\/users\/4"}],"replies":[{"embeddable":true,"href":"https:\/\/app.ipaidthat.io\/mag\/wp-json\/wp\/v2\/comments?post=7717"}],"version-history":[{"count":0,"href":"https:\/\/app.ipaidthat.io\/mag\/wp-json\/wp\/v2\/posts\/7717\/revisions"}],"wp:attachment":[{"href":"https:\/\/app.ipaidthat.io\/mag\/wp-json\/wp\/v2\/media?parent=7717"}],"wp:term":[{"taxonomy":"category","embeddable":true,"href":"https:\/\/app.ipaidthat.io\/mag\/wp-json\/wp\/v2\/categories?post=7717"},{"taxonomy":"post_tag","embeddable":true,"href":"https:\/\/app.ipaidthat.io\/mag\/wp-json\/wp\/v2\/tags?post=7717"}],"curies":[{"name":"wp","href":"https:\/\/api.w.org\/{rel}","templated":true}]}}