{"id":5577,"date":"2021-01-12T10:21:53","date_gmt":"2021-01-12T09:21:53","guid":{"rendered":"https:\/\/ipaidthat.io\/mag\/?p=5577"},"modified":"2021-01-12T10:21:53","modified_gmt":"2021-01-12T09:21:53","slug":"factures-tout-savoir-sur-tva-4-questions","status":"publish","type":"post","link":"https:\/\/app.ipaidthat.io\/mag\/featured\/factures-tout-savoir-sur-tva-4-questions\/","title":{"rendered":"Factures : tout savoir sur la TVA en 4 questions"},"content":{"rendered":"\n<p class=\"has-drop-cap\">Faire une <strong>facture<\/strong> en bonne et due forme n\u2019aura plus aucun secret pour vous gr\u00e2ce \u00e0 cette <strong>mini-FAQ sur la TVA<\/strong>.<\/p>\n\n\n\n<p>Quel taux de TVA appliquer&nbsp;? Quand, comment, o\u00f9&nbsp;? On vous d\u00e9voile tout&nbsp;!<\/p>\n\n\n\n<h2 class=\"wp-block-heading\"><span class=\"underline--hover\">1. Quel taux de TVA appliquer selon son domaine d\u2019activit\u00e9 ?<\/span><\/h2>\n\n\n\n<p>Les derniers taux de TVA (<a href=\"https:\/\/ipaidthat.io\/mag\/comptabilite\/8-mots-cles-a-connaitre-sur-la-tva\/\">Taxe sur la Valeur Ajout\u00e9e<\/a>) connus et valables en France en 2020 sont les suivants&nbsp;:<\/p>\n\n\n\n<h3 class=\"wp-block-heading\">\u00b7 <strong>Taux de TVA de 20 %<\/strong><\/h3>\n\n\n\n<p>Il s\u2019agit du taux de la Taxe sur la Valeur Ajout\u00e9e dit \u00ab&nbsp;normal&nbsp;\u00bb.<\/p>\n\n\n\n<p>Ce taux s&rsquo;applique majoritairement sur les ventes de biens et les prestations de services.<\/p>\n\n\n\n<p>Celui-ci n\u2019a pas toujours \u00e9t\u00e9 de 20 %. En effet, par le pass\u00e9, il \u00e9tait de 19,6 %. Sa derni\u00e8re augmentation date de 2014.<\/p>\n\n\n\n<h3 class=\"wp-block-heading\">\u00b7 <strong>Taux de TVA de 10 %<\/strong><\/h3>\n\n\n\n<p>Il s\u2019agit du taux de TVA dit \u00ab&nbsp;interm\u00e9diaire&nbsp;\u00bb.<\/p>\n\n\n\n<p>Ce taux s\u2019applique \u00e0 certains types de travaux qui visent notamment \u00e0 transformer, am\u00e9liorer et entretenir les habitations.<\/p>\n\n\n\n<p>Il est aussi pratiqu\u00e9 pour les produits et services relatifs aux services d&rsquo;aide \u00e0 la personne, aux prestations d\u2019h\u00e9bergement et de transport, aux produits agricoles et de transport, aux produits agricoles sans transformation, aux m\u00e9dicaments non rembours\u00e9s ou encore aux travaux et r\u00e9parations pour les logements de plus de deux ans.<\/p>\n\n\n\n<p>Le taux de TVA de 10 % a \u00e9t\u00e9 instaur\u00e9 en France en 2011.<\/p>\n\n\n\n<h3 class=\"wp-block-heading\">\u00b7 <strong>Taux de TVA de 5,5 %<\/strong><\/h3>\n\n\n\n<p>La TVA \u00e0 5,5 % est une Taxe sur la Valeur Ajout\u00e9e dite \u00ab&nbsp;r\u00e9duite&nbsp;\u00bb.<\/p>\n\n\n\n<p>Ce taux de TVA s\u2019applique \u00e9galement sur les travaux.<\/p>\n\n\n\n<p>Il peut s\u2019agir de travaux de r\u00e9novation ou d&rsquo;am\u00e9lioration \u00e9nerg\u00e9tique&nbsp;:<\/p>\n\n\n\n<ul class=\"wp-block-list\"><li>Pose,<\/li><li>Installation et entretien de mat\u00e9riaux et \u00e9quipements d&rsquo;\u00e9conomie d&rsquo;\u00e9nergie (chaudi\u00e8re \u00e0 condensation, pompe \u00e0 chaleur autre que \u00ab&nbsp;air\/air&nbsp;\u00bb, isolation thermique, appareil de r\u00e9gulation de chauffage ou de production d&rsquo;\u00e9nergie renouvelable, etc.).<\/li><\/ul>\n\n\n\n<p>Ou des travaux induits, indissociablement li\u00e9s aux travaux d&rsquo;efficacit\u00e9 \u00e9nerg\u00e9tique&nbsp;:<\/p>\n\n\n\n<ul class=\"wp-block-list\"><li>D\u00e9placement de radiateurs ou d\u00e9pose de sols,<\/li><li>Autres travaux de r\u00e9novation ou d&rsquo;ordre esth\u00e9tique.<\/li><\/ul>\n\n\n\n<p>Le taux de TVA r\u00e9duit \u00e0 5,5 % s&rsquo;applique \u00e9galement aux&nbsp;:<\/p>\n\n\n\n<ul class=\"wp-block-list\"><li>Produits alimentaires de premi\u00e8re n\u00e9cessit\u00e9 (eau et boissons sans alcool),<\/li><li>\u00c9quipements pour personnes handicap\u00e9es et restauration scolaire,<\/li><li>Abonnements aux r\u00e9seaux de fourniture d&rsquo;\u00e9nergie comme le gaz et l&rsquo;\u00e9lectricit\u00e9.<\/li><\/ul>\n\n\n\n<hr class=\"wp-block-separator\"\/>\n\n\n\n<p><strong>Information importante li\u00e9e \u00e0 la pand\u00e9mie du coronavirus<\/strong> : la distribution de masques de protection et de gels hydroalcooliques est strictement encadr\u00e9e par la loi. Le taux de TVA qui s\u2019applique sur ces produits est de 5,5 %.<\/p>\n\n\n\n<figure class=\"wp-block-image size-large\"><img decoding=\"async\" src=\"https:\/\/ipaidthat.io\/mag\/wp-content\/uploads\/2021\/01\/TVA-1.png\" alt=\"TVA facture\" class=\"wp-image-5580\"\/><\/figure>\n\n\n\n<hr class=\"wp-block-separator\"\/>\n\n\n\n<h3 class=\"wp-block-heading\">\u00b7 <strong>Taux de TVA \u00e0 2,1 %<\/strong><\/h3>\n\n\n\n<p>Il s\u2019agit d\u2019un taux de TVA tr\u00e8s r\u00e9duit qui concerne notamment les m\u00e9dicaments rembours\u00e9s par la S\u00e9curit\u00e9 sociale, les publications de presse, la billetterie des spectacles vivants et des places de cin\u00e9ma.<\/p>\n\n\n\n<hr class=\"wp-block-separator\"\/>\n\n\n\n<p><strong>Pour plus de d\u00e9tails concernant l\u2019application des diff\u00e9rents taux de TVA,<\/strong> n\u2019h\u00e9sitez pas \u00e0 vous r\u00e9f\u00e9rer au <a href=\"https:\/\/www.service-public.fr\/professionnels-entreprises\/vosdroits\/F23567\">site du Service Public<\/a>.<\/p>\n\n\n\n<hr class=\"wp-block-separator\"\/>\n\n\n\n<h2 class=\"wp-block-heading\"><span class=\"underline--hover\">2. Quand appliquer la TVA ?<\/span><\/h2>\n\n\n\n<p>La Taxe sur la Valeur Ajout\u00e9e est un imp\u00f4t support\u00e9 par le consommateur final.<\/p>\n\n\n\n<p>La majorit\u00e9 des entreprises sont assujetties \u00e0 la TVA. Bien que dans de rares cas, celle-ci puisse ne pas \u00eatre applicable&nbsp;:<\/p>\n\n\n\n<ul class=\"wp-block-list\"><li>Exon\u00e9rations d\u00e9cr\u00e9t\u00e9es par la loi : m\u00e9decins, dentistes\u2026<\/li><li>Exon\u00e9rations optionnelles li\u00e9es \u00e0 la faible activit\u00e9 : les microentrepreneurs par exemple.<\/li><\/ul>\n\n\n\n<h3 class=\"wp-block-heading\">\u00b7 <strong>Microentrepreneur<\/strong><\/h3>\n\n\n\n<p>N\u00e9anmoins, depuis le 1er janvier 2018, la TVA s\u2019applique \u00e9galement pour les microentrepreneurs. D\u00e8s lors que ceux-ci d\u00e9passent les seuils de plafonds de chiffre d\u2019affaires, la TVA doit appara\u00eetre sur les factures.<\/p>\n\n\n\n<p>Une fois les seuils de tol\u00e9rance franchis, le microentrepreneur bascule dans le r\u00e9gime r\u00e9el simplifi\u00e9. Il collecte de fait la TVA et la reverse \u00e0 l\u2019\u00c9tat, comme toute entreprise assujettie.<\/p>\n\n\n\n<p>La TVA est \u00e0 d\u00e9clarer sur le site des imp\u00f4ts, dans l\u2019espace professionnel d\u00e9di\u00e9 \u00e0 cet effet.<\/p>\n\n\n\n<h3 class=\"wp-block-heading\">\u00b7 <strong>D\u00e9bours<\/strong><\/h3>\n\n\n\n<p>Fr\u00e9quemment utilis\u00e9 pour caract\u00e9riser les frais avanc\u00e9s par les auxiliaires de justice comme les avocats ou les greffiers, le d\u00e9bours est couramment employ\u00e9 par les entrepreneurs.<\/p>\n\n\n\n<p>Par d\u00e9finition, les d\u00e9bours sont des frais avanc\u00e9s au nom de, et pour le compte des clients. Ils font l\u2019objet d&rsquo;un remboursement au centime pr\u00e8s. Il peut s\u2019agir, par exemple, de mat\u00e9riel ou de produit. Dans ce cas pr\u00e9cis, la TVA ne sera pas applicable.<\/p>\n\n\n\n<p>N\u00e9anmoins, si la demande de remboursement concerne des <a href=\"https:\/\/ipaidthat.io\/mag\/comptabilite\/remboursement-frais-professionnels-cinq-points\/\">frais de d\u00e9placement<\/a>s assur\u00e9s pour ce client (exemple&nbsp;: billets de train et frais de restauration r\u00e9gl\u00e9s en son propre nom), la TVA est applicable.<\/p>\n\n\n\n<p>La gestion des d\u00e9bours et la refacturation des frais sont des processus complexes et fastidieux. La meilleure pratique est de n\u00e9gocier avec le client la prise en charge directe de ces frais.<\/p>\n\n\n\n<h3 class=\"wp-block-heading\">\u00b7 <strong>Vente \u00e0 l&rsquo;international<\/strong><\/h3>\n\n\n\n<p>Avec la mondialisation, les \u00e9changes internationaux sont de plus en plus nombreux. Et <a href=\"https:\/\/ipaidthat.io\/mag\/fiscalite\/faq-speciale-tva\/\" target=\"_blank\" rel=\"noreferrer noopener\">les r\u00e8gles applicables en mati\u00e8re de TVA<\/a> sont complexes.<\/p>\n\n\n\n<ul class=\"wp-block-list\"><li><strong>Les op\u00e9rations portant sur des biens<\/strong><\/li><\/ul>\n\n\n\n<p>Les op\u00e9rations extracommunautaires d\u00e9signent les ventes et les achats de marchandises avec des Etats non-membres de l\u2019Union europ\u00e9enne.<\/p>\n\n\n\n<p>L\u2019exportation est exon\u00e9r\u00e9e de TVA fran\u00e7aise. Quant \u00e0 l\u2019importation, celle-ci supporte la TVA fran\u00e7aise.<\/p>\n\n\n\n<ul class=\"wp-block-list\"><li><strong>Les op\u00e9rations intracommunautaires<\/strong><\/li><\/ul>\n\n\n\n<p>L\u2019<a href=\"https:\/\/www.eurofiscalis.com\/acquisition-intracommunautaire-definition\/\" target=\"_blank\" rel=\"noreferrer noopener\">op\u00e9ration intracommunautaire<\/a> est celle qui s\u2019effectue entre l\u2019entreprise fran\u00e7aise et celle d\u2019un \u00c9tat membre de l\u2019Union europ\u00e9enne.<\/p>\n\n\n\n<p>L\u2019acquisition intracommunautaire supporte la TVA fran\u00e7aise. Quant \u00e0 la livraison intracommunautaire, celle-ci est exon\u00e9r\u00e9e de TVA pour l\u2019entreprise fran\u00e7aise.<\/p>\n\n\n\n<h2 class=\"wp-block-heading\"><span class=\"underline--hover\">3. Comment calculer la TVA ?<\/span><\/h2>\n\n\n\n<p>Pour calculer le montant de la TVA, il suffit de diviser le prix HT par 100 puis de le multiplier :<\/p>\n\n\n\n<ul class=\"wp-block-list\"><li>Par 20 pour une TVA \u00e0 20 %,<\/li><li>Par 10 pour une TVA \u00e0 10 %,<\/li><li>Par 5,5 pour une TVA \u00e0 5,5 %,<\/li><li>Par 2,1 pour une TVA \u00e0 2,1 %.<\/li><\/ul>\n\n\n\n<h2 class=\"wp-block-heading\"><span class=\"underline--hover\">4. O\u00f9 ajouter la TVA sur ma facture&nbsp;?<\/span><\/h2>\n\n\n\n<p>Le montant de la TVA est \u00e0 ajouter apr\u00e8s le montant hors-taxe factur\u00e9.<\/p>\n\n\n\n<p>Cela se mat\u00e9rialise de la sorte :<\/p>\n\n\n\n<ul class=\"wp-block-list\"><li>Montant factur\u00e9 HT,<\/li><li>TVA applicable,<\/li><li>Montant TTC.<\/li><\/ul>\n\n\n\n<p>Dans le cas o\u00f9 la TVA n\u2019est pas applicable, une mention est stipul\u00e9e sur la facture.<\/p>\n\n\n\n<p>Vous avez d\u2019autres interrogations&nbsp;? N\u2019h\u00e9sitez pas \u00e0 consulter nos pr\u00e9c\u00e9dents billets sur le sujet&nbsp;:<\/p>\n\n\n\n<ul class=\"wp-block-list\"><li><a href=\"https:\/\/ipaidthat.io\/mag\/fiscalite\/faq-speciale-tva\/\" target=\"_blank\" rel=\"noreferrer noopener\">Dossier Sp\u00e9cial TVA<\/a><\/li><\/ul>\n\n\n\n<ul class=\"wp-block-list\"><li><a href=\"https:\/\/ipaidthat.io\/mag\/comptabilite\/8-mots-cles-a-connaitre-sur-la-tva\/\" target=\"_blank\" rel=\"noreferrer noopener\">8 mots-cl\u00e9s \u00e0 conna\u00eetre sur la TVA<\/a><\/li><\/ul>\n\n\n\n<p>\u00c0 bient\u00f4t sur le Mag iPaidThat !<\/p>\n","protected":false},"excerpt":{"rendered":"<p>Faire une facture en bonne et due forme n\u2019aura plus aucun secret pour vous gr\u00e2ce \u00e0 cette mini-FAQ sur la TVA. Quel taux de TVA appliquer&nbsp;? Quand, comment, o\u00f9&nbsp;? On vous d\u00e9voile tout&nbsp;! 1. Quel taux de TVA appliquer selon son domaine d\u2019activit\u00e9 ? Les derniers taux de TVA (Taxe sur la Valeur Ajout\u00e9e) connus [&hellip;]<\/p>\n","protected":false},"author":4,"featured_media":0,"comment_status":"open","ping_status":"open","sticky":false,"template":"","format":"standard","meta":{"footnotes":""},"categories":[5,4],"tags":[],"class_list":["post-5577","post","type-post","status-publish","format-standard","hentry","category-comptabilite","category-featured"],"yoast_head":"<!-- This site is optimized with the Yoast SEO plugin v26.6 - https:\/\/yoast.com\/wordpress\/plugins\/seo\/ -->\n<title>Factures : tout savoir sur la TVA en 4 questions<\/title>\n<meta name=\"description\" content=\"Vous trouverez dans cette mini-FAQ, les questions les plus fr\u00e9quemment pos\u00e9es concernant la TVA. Faites enfin vos factures simplement !\" \/>\n<meta name=\"robots\" content=\"index, follow, max-snippet:-1, max-image-preview:large, max-video-preview:-1\" \/>\n<link rel=\"canonical\" href=\"https:\/\/app.ipaidthat.io\/mag\/featured\/factures-tout-savoir-sur-tva-4-questions\/\" \/>\n<meta property=\"og:locale\" content=\"fr_FR\" \/>\n<meta property=\"og:type\" content=\"article\" \/>\n<meta property=\"og:title\" content=\"Factures : tout savoir sur la TVA en 4 questions\" \/>\n<meta property=\"og:description\" content=\"Vous trouverez dans cette mini-FAQ, les questions les plus fr\u00e9quemment pos\u00e9es concernant la TVA. Faites enfin vos factures simplement !\" \/>\n<meta property=\"og:url\" content=\"https:\/\/app.ipaidthat.io\/mag\/featured\/factures-tout-savoir-sur-tva-4-questions\/\" \/>\n<meta property=\"og:site_name\" content=\"iPaidThat Mag\" \/>\n<meta property=\"article:published_time\" content=\"2021-01-12T09:21:53+00:00\" \/>\n<meta property=\"og:image\" content=\"https:\/\/ipaidthat.io\/mag\/wp-content\/uploads\/2021\/01\/TVA-1.png\" \/>\n<meta name=\"author\" content=\"S\u00e9bastien Claeys\" \/>\n<meta name=\"twitter:card\" content=\"summary_large_image\" \/>\n<meta name=\"twitter:label1\" content=\"\u00c9crit par\" \/>\n\t<meta name=\"twitter:data1\" content=\"S\u00e9bastien Claeys\" \/>\n\t<meta name=\"twitter:label2\" content=\"Dur\u00e9e de lecture estim\u00e9e\" \/>\n\t<meta name=\"twitter:data2\" content=\"5 minutes\" \/>\n<script type=\"application\/ld+json\" class=\"yoast-schema-graph\">{\"@context\":\"https:\/\/schema.org\",\"@graph\":[{\"@type\":\"Article\",\"@id\":\"https:\/\/app.ipaidthat.io\/mag\/featured\/factures-tout-savoir-sur-tva-4-questions\/#article\",\"isPartOf\":{\"@id\":\"https:\/\/app.ipaidthat.io\/mag\/featured\/factures-tout-savoir-sur-tva-4-questions\/\"},\"author\":{\"name\":\"S\u00e9bastien Claeys\",\"@id\":\"https:\/\/app.ipaidthat.io\/mag\/#\/schema\/person\/021144662586a12df79c88913050baaa\"},\"headline\":\"Factures : tout savoir sur la TVA en 4 questions\",\"datePublished\":\"2021-01-12T09:21:53+00:00\",\"mainEntityOfPage\":{\"@id\":\"https:\/\/app.ipaidthat.io\/mag\/featured\/factures-tout-savoir-sur-tva-4-questions\/\"},\"wordCount\":1075,\"commentCount\":0,\"publisher\":{\"@id\":\"https:\/\/app.ipaidthat.io\/mag\/#organization\"},\"image\":{\"@id\":\"https:\/\/app.ipaidthat.io\/mag\/featured\/factures-tout-savoir-sur-tva-4-questions\/#primaryimage\"},\"thumbnailUrl\":\"https:\/\/ipaidthat.io\/mag\/wp-content\/uploads\/2021\/01\/TVA-1.png\",\"articleSection\":[\"Comptabilit\u00e9\",\"Featured\"],\"inLanguage\":\"fr-FR\",\"potentialAction\":[{\"@type\":\"CommentAction\",\"name\":\"Comment\",\"target\":[\"https:\/\/app.ipaidthat.io\/mag\/featured\/factures-tout-savoir-sur-tva-4-questions\/#respond\"]}]},{\"@type\":\"WebPage\",\"@id\":\"https:\/\/app.ipaidthat.io\/mag\/featured\/factures-tout-savoir-sur-tva-4-questions\/\",\"url\":\"https:\/\/app.ipaidthat.io\/mag\/featured\/factures-tout-savoir-sur-tva-4-questions\/\",\"name\":\"Factures : tout savoir sur la TVA en 4 questions\",\"isPartOf\":{\"@id\":\"https:\/\/app.ipaidthat.io\/mag\/#website\"},\"primaryImageOfPage\":{\"@id\":\"https:\/\/app.ipaidthat.io\/mag\/featured\/factures-tout-savoir-sur-tva-4-questions\/#primaryimage\"},\"image\":{\"@id\":\"https:\/\/app.ipaidthat.io\/mag\/featured\/factures-tout-savoir-sur-tva-4-questions\/#primaryimage\"},\"thumbnailUrl\":\"https:\/\/ipaidthat.io\/mag\/wp-content\/uploads\/2021\/01\/TVA-1.png\",\"datePublished\":\"2021-01-12T09:21:53+00:00\",\"description\":\"Vous trouverez dans cette mini-FAQ, les questions les plus fr\u00e9quemment pos\u00e9es concernant la TVA. Faites enfin vos factures simplement !\",\"breadcrumb\":{\"@id\":\"https:\/\/app.ipaidthat.io\/mag\/featured\/factures-tout-savoir-sur-tva-4-questions\/#breadcrumb\"},\"inLanguage\":\"fr-FR\",\"potentialAction\":[{\"@type\":\"ReadAction\",\"target\":[\"https:\/\/app.ipaidthat.io\/mag\/featured\/factures-tout-savoir-sur-tva-4-questions\/\"]}]},{\"@type\":\"ImageObject\",\"inLanguage\":\"fr-FR\",\"@id\":\"https:\/\/app.ipaidthat.io\/mag\/featured\/factures-tout-savoir-sur-tva-4-questions\/#primaryimage\",\"url\":\"https:\/\/ipaidthat.io\/mag\/wp-content\/uploads\/2021\/01\/TVA-1.png\",\"contentUrl\":\"https:\/\/ipaidthat.io\/mag\/wp-content\/uploads\/2021\/01\/TVA-1.png\"},{\"@type\":\"BreadcrumbList\",\"@id\":\"https:\/\/app.ipaidthat.io\/mag\/featured\/factures-tout-savoir-sur-tva-4-questions\/#breadcrumb\",\"itemListElement\":[{\"@type\":\"ListItem\",\"position\":1,\"name\":\"Le Mag\",\"item\":\"https:\/\/app.ipaidthat.io\/mag\/\"},{\"@type\":\"ListItem\",\"position\":2,\"name\":\"Factures : tout savoir sur la TVA en 4 questions\"}]},{\"@type\":\"WebSite\",\"@id\":\"https:\/\/app.ipaidthat.io\/mag\/#website\",\"url\":\"https:\/\/app.ipaidthat.io\/mag\/\",\"name\":\"IPaidThat Mag\",\"description\":\"Une gestion simple, automatis\u00e9e et collaborative\",\"publisher\":{\"@id\":\"https:\/\/app.ipaidthat.io\/mag\/#organization\"},\"potentialAction\":[{\"@type\":\"SearchAction\",\"target\":{\"@type\":\"EntryPoint\",\"urlTemplate\":\"https:\/\/app.ipaidthat.io\/mag\/?s={search_term_string}\"},\"query-input\":{\"@type\":\"PropertyValueSpecification\",\"valueRequired\":true,\"valueName\":\"search_term_string\"}}],\"inLanguage\":\"fr-FR\"},{\"@type\":\"Organization\",\"@id\":\"https:\/\/app.ipaidthat.io\/mag\/#organization\",\"name\":\"IPaidThat Mag\",\"url\":\"https:\/\/app.ipaidthat.io\/mag\/\",\"logo\":{\"@type\":\"ImageObject\",\"inLanguage\":\"fr-FR\",\"@id\":\"https:\/\/app.ipaidthat.io\/mag\/#\/schema\/logo\/image\/\",\"url\":\"https:\/\/app.ipaidthat.io\/mag\/wp-content\/uploads\/2025\/11\/logo-le-mag-blog-ipaidthat.png\",\"contentUrl\":\"https:\/\/app.ipaidthat.io\/mag\/wp-content\/uploads\/2025\/11\/logo-le-mag-blog-ipaidthat.png\",\"width\":1817,\"height\":524,\"caption\":\"IPaidThat Mag\"},\"image\":{\"@id\":\"https:\/\/app.ipaidthat.io\/mag\/#\/schema\/logo\/image\/\"}},{\"@type\":\"Person\",\"@id\":\"https:\/\/app.ipaidthat.io\/mag\/#\/schema\/person\/021144662586a12df79c88913050baaa\",\"name\":\"S\u00e9bastien Claeys\",\"image\":{\"@type\":\"ImageObject\",\"inLanguage\":\"fr-FR\",\"@id\":\"https:\/\/app.ipaidthat.io\/mag\/#\/schema\/person\/image\/\",\"url\":\"https:\/\/app.ipaidthat.io\/mag\/wp-content\/uploads\/2023\/02\/sebastien-clayes-ipaidthat-96x96.png\",\"contentUrl\":\"https:\/\/app.ipaidthat.io\/mag\/wp-content\/uploads\/2023\/02\/sebastien-clayes-ipaidthat-96x96.png\",\"caption\":\"S\u00e9bastien Claeys\"},\"url\":\"https:\/\/app.ipaidthat.io\/mag\/author\/sebastienipaidthat-io\/\"}]}<\/script>\n<!-- \/ Yoast SEO plugin. -->","yoast_head_json":{"title":"Factures : tout savoir sur la TVA en 4 questions","description":"Vous trouverez dans cette mini-FAQ, les questions les plus fr\u00e9quemment pos\u00e9es concernant la TVA. Faites enfin vos factures simplement !","robots":{"index":"index","follow":"follow","max-snippet":"max-snippet:-1","max-image-preview":"max-image-preview:large","max-video-preview":"max-video-preview:-1"},"canonical":"https:\/\/app.ipaidthat.io\/mag\/featured\/factures-tout-savoir-sur-tva-4-questions\/","og_locale":"fr_FR","og_type":"article","og_title":"Factures : tout savoir sur la TVA en 4 questions","og_description":"Vous trouverez dans cette mini-FAQ, les questions les plus fr\u00e9quemment pos\u00e9es concernant la TVA. Faites enfin vos factures simplement !","og_url":"https:\/\/app.ipaidthat.io\/mag\/featured\/factures-tout-savoir-sur-tva-4-questions\/","og_site_name":"iPaidThat Mag","article_published_time":"2021-01-12T09:21:53+00:00","og_image":[{"url":"https:\/\/ipaidthat.io\/mag\/wp-content\/uploads\/2021\/01\/TVA-1.png","type":"","width":"","height":""}],"author":"S\u00e9bastien Claeys","twitter_card":"summary_large_image","twitter_misc":{"\u00c9crit par":"S\u00e9bastien Claeys","Dur\u00e9e de lecture estim\u00e9e":"5 minutes"},"schema":{"@context":"https:\/\/schema.org","@graph":[{"@type":"Article","@id":"https:\/\/app.ipaidthat.io\/mag\/featured\/factures-tout-savoir-sur-tva-4-questions\/#article","isPartOf":{"@id":"https:\/\/app.ipaidthat.io\/mag\/featured\/factures-tout-savoir-sur-tva-4-questions\/"},"author":{"name":"S\u00e9bastien Claeys","@id":"https:\/\/app.ipaidthat.io\/mag\/#\/schema\/person\/021144662586a12df79c88913050baaa"},"headline":"Factures : tout savoir sur la TVA en 4 questions","datePublished":"2021-01-12T09:21:53+00:00","mainEntityOfPage":{"@id":"https:\/\/app.ipaidthat.io\/mag\/featured\/factures-tout-savoir-sur-tva-4-questions\/"},"wordCount":1075,"commentCount":0,"publisher":{"@id":"https:\/\/app.ipaidthat.io\/mag\/#organization"},"image":{"@id":"https:\/\/app.ipaidthat.io\/mag\/featured\/factures-tout-savoir-sur-tva-4-questions\/#primaryimage"},"thumbnailUrl":"https:\/\/ipaidthat.io\/mag\/wp-content\/uploads\/2021\/01\/TVA-1.png","articleSection":["Comptabilit\u00e9","Featured"],"inLanguage":"fr-FR","potentialAction":[{"@type":"CommentAction","name":"Comment","target":["https:\/\/app.ipaidthat.io\/mag\/featured\/factures-tout-savoir-sur-tva-4-questions\/#respond"]}]},{"@type":"WebPage","@id":"https:\/\/app.ipaidthat.io\/mag\/featured\/factures-tout-savoir-sur-tva-4-questions\/","url":"https:\/\/app.ipaidthat.io\/mag\/featured\/factures-tout-savoir-sur-tva-4-questions\/","name":"Factures : tout savoir sur la TVA en 4 questions","isPartOf":{"@id":"https:\/\/app.ipaidthat.io\/mag\/#website"},"primaryImageOfPage":{"@id":"https:\/\/app.ipaidthat.io\/mag\/featured\/factures-tout-savoir-sur-tva-4-questions\/#primaryimage"},"image":{"@id":"https:\/\/app.ipaidthat.io\/mag\/featured\/factures-tout-savoir-sur-tva-4-questions\/#primaryimage"},"thumbnailUrl":"https:\/\/ipaidthat.io\/mag\/wp-content\/uploads\/2021\/01\/TVA-1.png","datePublished":"2021-01-12T09:21:53+00:00","description":"Vous trouverez dans cette mini-FAQ, les questions les plus fr\u00e9quemment pos\u00e9es concernant la TVA. Faites enfin vos factures simplement !","breadcrumb":{"@id":"https:\/\/app.ipaidthat.io\/mag\/featured\/factures-tout-savoir-sur-tva-4-questions\/#breadcrumb"},"inLanguage":"fr-FR","potentialAction":[{"@type":"ReadAction","target":["https:\/\/app.ipaidthat.io\/mag\/featured\/factures-tout-savoir-sur-tva-4-questions\/"]}]},{"@type":"ImageObject","inLanguage":"fr-FR","@id":"https:\/\/app.ipaidthat.io\/mag\/featured\/factures-tout-savoir-sur-tva-4-questions\/#primaryimage","url":"https:\/\/ipaidthat.io\/mag\/wp-content\/uploads\/2021\/01\/TVA-1.png","contentUrl":"https:\/\/ipaidthat.io\/mag\/wp-content\/uploads\/2021\/01\/TVA-1.png"},{"@type":"BreadcrumbList","@id":"https:\/\/app.ipaidthat.io\/mag\/featured\/factures-tout-savoir-sur-tva-4-questions\/#breadcrumb","itemListElement":[{"@type":"ListItem","position":1,"name":"Le Mag","item":"https:\/\/app.ipaidthat.io\/mag\/"},{"@type":"ListItem","position":2,"name":"Factures : tout savoir sur la TVA en 4 questions"}]},{"@type":"WebSite","@id":"https:\/\/app.ipaidthat.io\/mag\/#website","url":"https:\/\/app.ipaidthat.io\/mag\/","name":"IPaidThat Mag","description":"Une gestion simple, automatis\u00e9e et collaborative","publisher":{"@id":"https:\/\/app.ipaidthat.io\/mag\/#organization"},"potentialAction":[{"@type":"SearchAction","target":{"@type":"EntryPoint","urlTemplate":"https:\/\/app.ipaidthat.io\/mag\/?s={search_term_string}"},"query-input":{"@type":"PropertyValueSpecification","valueRequired":true,"valueName":"search_term_string"}}],"inLanguage":"fr-FR"},{"@type":"Organization","@id":"https:\/\/app.ipaidthat.io\/mag\/#organization","name":"IPaidThat Mag","url":"https:\/\/app.ipaidthat.io\/mag\/","logo":{"@type":"ImageObject","inLanguage":"fr-FR","@id":"https:\/\/app.ipaidthat.io\/mag\/#\/schema\/logo\/image\/","url":"https:\/\/app.ipaidthat.io\/mag\/wp-content\/uploads\/2025\/11\/logo-le-mag-blog-ipaidthat.png","contentUrl":"https:\/\/app.ipaidthat.io\/mag\/wp-content\/uploads\/2025\/11\/logo-le-mag-blog-ipaidthat.png","width":1817,"height":524,"caption":"IPaidThat Mag"},"image":{"@id":"https:\/\/app.ipaidthat.io\/mag\/#\/schema\/logo\/image\/"}},{"@type":"Person","@id":"https:\/\/app.ipaidthat.io\/mag\/#\/schema\/person\/021144662586a12df79c88913050baaa","name":"S\u00e9bastien Claeys","image":{"@type":"ImageObject","inLanguage":"fr-FR","@id":"https:\/\/app.ipaidthat.io\/mag\/#\/schema\/person\/image\/","url":"https:\/\/app.ipaidthat.io\/mag\/wp-content\/uploads\/2023\/02\/sebastien-clayes-ipaidthat-96x96.png","contentUrl":"https:\/\/app.ipaidthat.io\/mag\/wp-content\/uploads\/2023\/02\/sebastien-clayes-ipaidthat-96x96.png","caption":"S\u00e9bastien Claeys"},"url":"https:\/\/app.ipaidthat.io\/mag\/author\/sebastienipaidthat-io\/"}]}},"_links":{"self":[{"href":"https:\/\/app.ipaidthat.io\/mag\/wp-json\/wp\/v2\/posts\/5577","targetHints":{"allow":["GET"]}}],"collection":[{"href":"https:\/\/app.ipaidthat.io\/mag\/wp-json\/wp\/v2\/posts"}],"about":[{"href":"https:\/\/app.ipaidthat.io\/mag\/wp-json\/wp\/v2\/types\/post"}],"author":[{"embeddable":true,"href":"https:\/\/app.ipaidthat.io\/mag\/wp-json\/wp\/v2\/users\/4"}],"replies":[{"embeddable":true,"href":"https:\/\/app.ipaidthat.io\/mag\/wp-json\/wp\/v2\/comments?post=5577"}],"version-history":[{"count":0,"href":"https:\/\/app.ipaidthat.io\/mag\/wp-json\/wp\/v2\/posts\/5577\/revisions"}],"wp:attachment":[{"href":"https:\/\/app.ipaidthat.io\/mag\/wp-json\/wp\/v2\/media?parent=5577"}],"wp:term":[{"taxonomy":"category","embeddable":true,"href":"https:\/\/app.ipaidthat.io\/mag\/wp-json\/wp\/v2\/categories?post=5577"},{"taxonomy":"post_tag","embeddable":true,"href":"https:\/\/app.ipaidthat.io\/mag\/wp-json\/wp\/v2\/tags?post=5577"}],"curies":[{"name":"wp","href":"https:\/\/api.w.org\/{rel}","templated":true}]}}