{"id":4246,"date":"2020-05-28T13:55:07","date_gmt":"2020-05-28T11:55:07","guid":{"rendered":"https:\/\/ipaidthat.io\/mag\/?p=4246"},"modified":"2020-05-28T13:55:07","modified_gmt":"2020-05-28T11:55:07","slug":"comment-rembourser-frais-deplacement-professionnel","status":"publish","type":"post","link":"https:\/\/app.ipaidthat.io\/mag\/featured\/comment-rembourser-frais-deplacement-professionnel\/","title":{"rendered":"Comment rembourser des frais de d\u00e9placement professionnel ?"},"content":{"rendered":"\n<p class=\"has-drop-cap justification_texte\">Il est tr\u00e8s fr\u00e9quent, pour le bon fonctionnement de l\u2019entreprise, que les salari\u00e9s ou dirigeants de soci\u00e9t\u00e9 avancent un certain nombre de <a href=\"https:\/\/ipaidthat.io\/mag\/comptabilite\/comment-traiter-remboursement-frais-professionnels\/\">frais professionnels<\/a>. <strong>La prise en charge des frais de d\u00e9placement<\/strong>, que ce soit par le biais de son v\u00e9hicule personnel ou via les transports en commun, est cependant tr\u00e8s encadr\u00e9e. Dans ce billet, vous allez d\u00e9couvrir un ensemble de bonnes pratiques pour comprendre exactement quels frais sont remboursables par l\u2019employeur et sur quelle base.<\/p>\n\n\n\n<figure class=\"wp-block-image size-large\"><img decoding=\"async\" src=\"https:\/\/ipaidthat.io\/mag\/wp-content\/uploads\/2020\/05\/Remboursement-deban.png\" alt=\"Remboursement frais professionnels\" class=\"wp-image-4284\"\/><\/figure>\n\n\n\n<h2 class=\"wp-block-heading\"><span class=\"underline--hover\">Comment fonctionne le remboursement des frais de d\u00e9placement professionnel kilom\u00e9triques&nbsp;avec un v\u00e9hicule personnel ?<\/span><\/h2>\n\n\n\n<p class=\"justification_texte\">Pour mener \u00e0 bien leurs missions de travail, certains salari\u00e9s ou dirigeants d\u2019entreprise ont utilis\u00e9 leur <strong>v\u00e9hicule personnel<\/strong>. Afin de calculer le <strong>remboursement des sommes engag\u00e9es<\/strong>, le fisc a d\u00e9fini un bar\u00e8me kilom\u00e9trique qui varie chaque ann\u00e9e (fin f\u00e9vrier- d\u00e9but mars) et d\u00e9pend de deux crit\u00e8res :<\/p>\n\n\n\n<ul class=\"justification_texte wp-block-list\"><li>Le nombre de kilom\u00e8tres parcourus \u00e0 titre professionnel,<\/li><li>La puissance fiscale du v\u00e9hicule.<\/li><\/ul>\n\n\n\n<p class=\"justification_texte\">Ces indemnit\u00e9s kilom\u00e9triques prennent en compte l\u2019ensemble des frais relatifs \u00e0 l\u2019usage d\u2019un v\u00e9hicule personnel comme la consommation de carburant, l\u2019amortissement du v\u00e9hicule, les frais de r\u00e9paration et d\u2019entretien, les d\u00e9penses de pneumatiques, les primes d\u2019assurance.<\/p>\n\n\n\n<p class=\"justification_texte\">Il convient cependant de noter que les indemnit\u00e9s kilom\u00e9triques ne prennent pas en charge les trajets entre le domicile et le travail, les frais de p\u00e9age et de stationnement ou encore les frais de transport de type bus, avion, train, taxi. L\u2019ensemble de ces frais seront trait\u00e9s diff\u00e9remment.<\/p>\n\n\n\n<p class=\"justification_texte\">Toutefois, qu\u2019il s\u2019agisse du remboursement des indemnit\u00e9s kilom\u00e9triques ou des frais annexes, l\u2019ensemble de ces frais entrera dans le cadre de la <a href=\"https:\/\/ipaidthat.io\/fr\/notes-de-frais\/?utm_source=mag&amp;utm_campaign=menu&amp;utm_content=menu\">gestion des notes de frais<\/a>.<\/p>\n\n\n\n<h3 class=\"wp-block-heading\"><strong>Autre information importante pour le dirigeant d\u2019entreprise.<\/strong><\/h3>\n\n\n\n<p class=\"justification_texte\">Le bar\u00e8me kilom\u00e9trique peut prendre la forme d\u2019une <strong>allocation forfaitaire<\/strong> prise en charge par l\u2019employeur. Par cons\u00e9quent, les indemnit\u00e9s kilom\u00e9triques sont exon\u00e9r\u00e9es de cotisations sociales. Toutefois, si l\u2019entreprise effectue des remboursements kilom\u00e9triques <strong>au-del\u00e0 des seuils<\/strong> fix\u00e9s par le bar\u00e8me officiel, l\u2019URSSAF consid\u00e8re qu\u2019il s\u2019agit d\u2019<strong>avantages en nature<\/strong>. L\u2019employeur se doit de faire appara\u00eetre ces frais professionnels sur le bulletin de salaire du salari\u00e9. Ils seront donc <strong>soumis \u00e0 l\u2019imp\u00f4t sur le revenu et aux cotisations sociales<\/strong>.<\/p>\n\n\n\n<div class=\"wp-block-group is-layout-flow wp-block-group-is-layout-flow\">\n<p><strong>Pour conna\u00eetre le bar\u00e8me fiscal des indemnit\u00e9s kilom\u00e9triques pour les voitures, les deux roues de cylindr\u00e9e inf\u00e9rieure \u00e0 50 cm3 ou les motos, <a href=\"https:\/\/www.urssaf.fr\/portail\/home\/taux-et-baremes\/indemnites-kilometriques\/voiture.html\" target=\"_blank\" rel=\"noreferrer noopener\">rendez-vous sur le site de l\u2019URSSAF<\/a>.<\/strong><\/p>\n<\/div>\n\n\n\n[tdm_block_call_to_action title_text=\u00a0\u00bbRCVDMyVBOWNvdXZyZXolMjBsYSUyMHNvbHV0aW9uJTIwaVBhaWRUaGF0JTIwcG91ciUyMHNpbXBsaWZpZXIlMjBldCUyMGF1dG9tYXRpc2VyJTIwdm90cmUlMjBjb21wdGFiaWxpdCVDMyVBOSUyMCE=\u00a0\u00bb title_tag=\u00a0\u00bbh3&Prime; title_size=\u00a0\u00bbtdm-title-sm\u00a0\u00bb button_text=\u00a0\u00bbiPaidThat\u00a0\u00bb button_url=\u00a0\u00bbhttps:\/\/ipaidthat.io\/fr\/?utm_source=mag&amp;utm_campaign=menu&amp;utm_content=menu\u00a0\u00bb button_tdicon=\u00a0\u00bbtdc-font-fa tdc-font-fa-chevron-right\u00a0\u00bb button_size=\u00a0\u00bbtdm-btn-sm\u00a0\u00bb content_align_vertical=\u00a0\u00bbcontent-vert-center\u00a0\u00bb tds_title=\u00a0\u00bbtds_title1&Prime; tds_button=\u00a0\u00bbtds_button8&Prime; tds_button8-background_color=\u00a0\u00bb#ff3c3c\u00a0\u00bb tds_button8-background_hover_color=\u00a0\u00bb#dd3333&Prime; tds_button8-icon_color=\u00a0\u00bb#ffffff\u00a0\u00bb tds_button8-shadow_shadow_color=\u00a0\u00bb#b5b5b5&Prime; tds_title1-title_color=\u00a0\u00bb#ff3c3c\u00a0\u00bb button_icon_space=\u00a0\u00bb8&Prime; button_width=\u00a0\u00bb100&Prime; tdc_css=\u00a0\u00bbeyJhbGwiOnsiZGlzcGxheSI6IiJ9fQ==\u00a0\u00bb tds_call_to_action=\u00a0\u00bbtds_call_to_action2&Prime; content_align_horizontal=\u00a0\u00bbcontent-horiz-left\u00a0\u00bb tds_title1-f_title_font_size=\u00a0\u00bb16&Prime;]\n\n\n\n<h2 class=\"wp-block-heading\"><span class=\"underline--hover\">Quels autres types de frais de transport sont pris en charge&nbsp;par l\u2019employeur ?<\/span><\/h2>\n\n\n\n<p>L\u2019employeur peut \u00e9galement prendre en charge d\u2019<strong>autres types de frais de transport<\/strong>. Ceux-ci concernent notamment les titres d\u2019abonnements souscrits par les salari\u00e9s pour leurs d\u00e9placements domicile-travail. Ces d\u00e9placements doivent avoir lieu en transports publics ou par le biais d\u2019un service de location de v\u00e9los.<\/p>\n\n\n\n<p>Les salari\u00e9s doivent n\u00e9anmoins remplir deux conditions pour obtenir une prise en charge de la part de l\u2019employeur :<\/p>\n\n\n\n<ul class=\"wp-block-list\"><li>Utiliser r\u00e9ellement les transports en commun ou les services publics de location de v\u00e9los,<\/li><li>Avoir achet\u00e9 des titres d\u2019abonnement.<\/li><\/ul>\n\n\n\n<p>Les <strong>titres d\u2019abonnement aux transports en commun<\/strong> qui ouvrent droit \u00e0 une prise en charge sont&nbsp;:<\/p>\n\n\n\n<ul class=\"wp-block-list\"><li>Les abonnements multimodaux, annuels, mensuels, hebdomadaires ou \u00e0 renouvellement tacite d\u00e9livr\u00e9s par la SNCF,<\/li><li>Les cartes et abonnements mensuels, hebdomadaires ou \u00e0 renouvellement tacite d\u00e9livr\u00e9s par la RATP, la SNCF&#8230;<\/li><li>Les abonnements \u00e0 un service public de location de v\u00e9los.<\/li><\/ul>\n\n\n\n<h3 class=\"wp-block-heading\"><strong>Un remboursement: quand et comment ? <\/strong><\/h3>\n\n\n\n<p>L&#8217;employeur prend en charge 50 % du co\u00fbt engag\u00e9 par le salari\u00e9.<\/p>\n\n\n\n<p>Le remboursement a lieu au plus tard \u00e0 la fin du mois qui suit celui pour lequel ils ont \u00e9t\u00e9 valid\u00e9s. Si les titres sont annuels, leur montant est r\u00e9parti mensuellement pendant la p\u00e9riode concern\u00e9e.<\/p>\n\n\n\n<p>De plus, \u00e0 compter du 1er janvier 2020, les employeurs peuvent \u00e9galement (sans obligation) contribuer \u00e0 promouvoir les <strong>d\u00e9placements domicile-travail dits \u00ab&nbsp;\u00e0 mobilit\u00e9 douce&nbsp;\u00bb ou \u00ab&nbsp;alternatifs&nbsp;\u00bb<\/strong>.<\/p>\n\n\n\n<p>Il s\u2019agit notamment des moyens de transport suivants :<\/p>\n\n\n\n<ul class=\"wp-block-list\"><li>L\u2019utilisation d&rsquo;un v\u00e9lo personnel \u00e9lectrique ou non,<\/li><li>Le covoiturage en tant que conducteur ou passager,<\/li><li>Les services de mobilit\u00e9 partag\u00e9e,<\/li><li>La location ou la mise \u00e0 disposition en libre-service de cyclomoteurs, de motocyclettes, de v\u00e9los \u00e9lectriques, de trottinettes, de gyropodes,<\/li><li>Les services d\u2019autopartage de type&nbsp;: v\u00e9hicules \u00e9lectriques, hybrides rechargeables ou \u00e0 hydrog\u00e8ne.<\/li><\/ul>\n\n\n\n<p>Le nouveau dispositif \u00ab&nbsp;<strong>forfait mobilit\u00e9 durable&nbsp;<\/strong>\u00bb remplace l&rsquo;indemnit\u00e9 kilom\u00e9trique v\u00e9lo mise en place en 2016. Il permet aux salari\u00e9s de b\u00e9n\u00e9ficier d\u2019une indemnit\u00e9 annuelle allant jusqu\u2019\u00e0 400 euros pour l\u2019utilisation de ces modes de transport.<\/p>\n\n\n\n<p>Au-del\u00e0 des frais de d\u00e9placement professionnels, les employ\u00e9s et dirigeants d\u2019entreprise engagent d\u2019autres frais professionnels. Ces frais feront alors l\u2019objet d\u2019un autre mode de traitement. <\/p>\n\n\n\n<p><strong>Si vous entrez dans ce cas de figure, \u00e9quipez-vous sans plus attendre de <\/strong><a href=\"https:\/\/ipaidthat.io\/fr\/?utm_source=mag&amp;utm_campaign=texte&amp;utm_content=texte\"><strong>notre outil de conservation des justificatifs papier.<\/strong><\/a><strong> La gestion des frais professionnels est une op\u00e9ration lourde qui n\u00e9cessite une organisation aux petits oignons&nbsp;!<\/strong><\/p>\n","protected":false},"excerpt":{"rendered":"<p>Il est tr\u00e8s fr\u00e9quent, pour le bon fonctionnement de l\u2019entreprise, que les salari\u00e9s ou dirigeants de soci\u00e9t\u00e9 avancent un certain nombre de frais professionnels. La prise en charge des frais de d\u00e9placement, que ce soit par le biais de son v\u00e9hicule personnel ou via les transports en commun, est cependant tr\u00e8s encadr\u00e9e. Dans ce billet, [&hellip;]<\/p>\n","protected":false},"author":4,"featured_media":0,"comment_status":"open","ping_status":"open","sticky":false,"template":"","format":"standard","meta":{"footnotes":""},"categories":[5,4],"tags":[],"class_list":["post-4246","post","type-post","status-publish","format-standard","hentry","category-comptabilite","category-featured"],"yoast_head":"<!-- This site is optimized with the Yoast SEO plugin v26.6 - https:\/\/yoast.com\/wordpress\/plugins\/seo\/ -->\n<title>Comment rembourser des frais de d\u00e9placement professionnel ?<\/title>\n<meta name=\"description\" content=\"La prise en charge des frais de d\u00e9placement professionnel par l\u2019employeur repose sur un ensemble de bar\u00e8mes et de calculs.\" \/>\n<meta name=\"robots\" content=\"index, follow, max-snippet:-1, max-image-preview:large, max-video-preview:-1\" \/>\n<link rel=\"canonical\" href=\"https:\/\/app.ipaidthat.io\/mag\/featured\/comment-rembourser-frais-deplacement-professionnel\/\" \/>\n<meta property=\"og:locale\" content=\"fr_FR\" \/>\n<meta property=\"og:type\" content=\"article\" \/>\n<meta property=\"og:title\" content=\"Comment rembourser des frais de d\u00e9placement professionnel ?\" \/>\n<meta property=\"og:description\" content=\"La prise en charge des frais de d\u00e9placement professionnel par l\u2019employeur repose sur un ensemble de bar\u00e8mes et de calculs.\" \/>\n<meta property=\"og:url\" content=\"https:\/\/app.ipaidthat.io\/mag\/featured\/comment-rembourser-frais-deplacement-professionnel\/\" \/>\n<meta property=\"og:site_name\" content=\"iPaidThat Mag\" \/>\n<meta property=\"article:published_time\" content=\"2020-05-28T11:55:07+00:00\" \/>\n<meta property=\"og:image\" content=\"https:\/\/ipaidthat.io\/mag\/wp-content\/uploads\/2020\/05\/Remboursement-deban.png\" \/>\n<meta name=\"author\" content=\"S\u00e9bastien Claeys\" \/>\n<meta name=\"twitter:card\" content=\"summary_large_image\" \/>\n<meta name=\"twitter:label1\" content=\"\u00c9crit par\" \/>\n\t<meta name=\"twitter:data1\" content=\"S\u00e9bastien Claeys\" \/>\n\t<meta name=\"twitter:label2\" content=\"Dur\u00e9e de lecture estim\u00e9e\" \/>\n\t<meta name=\"twitter:data2\" content=\"5 minutes\" \/>\n<script type=\"application\/ld+json\" class=\"yoast-schema-graph\">{\"@context\":\"https:\/\/schema.org\",\"@graph\":[{\"@type\":\"Article\",\"@id\":\"https:\/\/app.ipaidthat.io\/mag\/featured\/comment-rembourser-frais-deplacement-professionnel\/#article\",\"isPartOf\":{\"@id\":\"https:\/\/app.ipaidthat.io\/mag\/featured\/comment-rembourser-frais-deplacement-professionnel\/\"},\"author\":{\"name\":\"S\u00e9bastien Claeys\",\"@id\":\"https:\/\/app.ipaidthat.io\/mag\/#\/schema\/person\/021144662586a12df79c88913050baaa\"},\"headline\":\"Comment rembourser des frais de d\u00e9placement professionnel ?\",\"datePublished\":\"2020-05-28T11:55:07+00:00\",\"mainEntityOfPage\":{\"@id\":\"https:\/\/app.ipaidthat.io\/mag\/featured\/comment-rembourser-frais-deplacement-professionnel\/\"},\"wordCount\":1011,\"commentCount\":0,\"publisher\":{\"@id\":\"https:\/\/app.ipaidthat.io\/mag\/#organization\"},\"image\":{\"@id\":\"https:\/\/app.ipaidthat.io\/mag\/featured\/comment-rembourser-frais-deplacement-professionnel\/#primaryimage\"},\"thumbnailUrl\":\"https:\/\/ipaidthat.io\/mag\/wp-content\/uploads\/2020\/05\/Remboursement-deban.png\",\"articleSection\":[\"Comptabilit\u00e9\",\"Featured\"],\"inLanguage\":\"fr-FR\",\"potentialAction\":[{\"@type\":\"CommentAction\",\"name\":\"Comment\",\"target\":[\"https:\/\/app.ipaidthat.io\/mag\/featured\/comment-rembourser-frais-deplacement-professionnel\/#respond\"]}]},{\"@type\":\"WebPage\",\"@id\":\"https:\/\/app.ipaidthat.io\/mag\/featured\/comment-rembourser-frais-deplacement-professionnel\/\",\"url\":\"https:\/\/app.ipaidthat.io\/mag\/featured\/comment-rembourser-frais-deplacement-professionnel\/\",\"name\":\"Comment rembourser des frais de d\u00e9placement professionnel ?\",\"isPartOf\":{\"@id\":\"https:\/\/app.ipaidthat.io\/mag\/#website\"},\"primaryImageOfPage\":{\"@id\":\"https:\/\/app.ipaidthat.io\/mag\/featured\/comment-rembourser-frais-deplacement-professionnel\/#primaryimage\"},\"image\":{\"@id\":\"https:\/\/app.ipaidthat.io\/mag\/featured\/comment-rembourser-frais-deplacement-professionnel\/#primaryimage\"},\"thumbnailUrl\":\"https:\/\/ipaidthat.io\/mag\/wp-content\/uploads\/2020\/05\/Remboursement-deban.png\",\"datePublished\":\"2020-05-28T11:55:07+00:00\",\"description\":\"La prise en charge des frais de d\u00e9placement professionnel par l\u2019employeur repose sur un ensemble de bar\u00e8mes et de calculs.\",\"breadcrumb\":{\"@id\":\"https:\/\/app.ipaidthat.io\/mag\/featured\/comment-rembourser-frais-deplacement-professionnel\/#breadcrumb\"},\"inLanguage\":\"fr-FR\",\"potentialAction\":[{\"@type\":\"ReadAction\",\"target\":[\"https:\/\/app.ipaidthat.io\/mag\/featured\/comment-rembourser-frais-deplacement-professionnel\/\"]}]},{\"@type\":\"ImageObject\",\"inLanguage\":\"fr-FR\",\"@id\":\"https:\/\/app.ipaidthat.io\/mag\/featured\/comment-rembourser-frais-deplacement-professionnel\/#primaryimage\",\"url\":\"https:\/\/ipaidthat.io\/mag\/wp-content\/uploads\/2020\/05\/Remboursement-deban.png\",\"contentUrl\":\"https:\/\/ipaidthat.io\/mag\/wp-content\/uploads\/2020\/05\/Remboursement-deban.png\"},{\"@type\":\"BreadcrumbList\",\"@id\":\"https:\/\/app.ipaidthat.io\/mag\/featured\/comment-rembourser-frais-deplacement-professionnel\/#breadcrumb\",\"itemListElement\":[{\"@type\":\"ListItem\",\"position\":1,\"name\":\"Le Mag\",\"item\":\"https:\/\/app.ipaidthat.io\/mag\/\"},{\"@type\":\"ListItem\",\"position\":2,\"name\":\"Comment rembourser des frais de d\u00e9placement professionnel ?\"}]},{\"@type\":\"WebSite\",\"@id\":\"https:\/\/app.ipaidthat.io\/mag\/#website\",\"url\":\"https:\/\/app.ipaidthat.io\/mag\/\",\"name\":\"IPaidThat Mag\",\"description\":\"Une gestion simple, automatis\u00e9e et collaborative\",\"publisher\":{\"@id\":\"https:\/\/app.ipaidthat.io\/mag\/#organization\"},\"potentialAction\":[{\"@type\":\"SearchAction\",\"target\":{\"@type\":\"EntryPoint\",\"urlTemplate\":\"https:\/\/app.ipaidthat.io\/mag\/?s={search_term_string}\"},\"query-input\":{\"@type\":\"PropertyValueSpecification\",\"valueRequired\":true,\"valueName\":\"search_term_string\"}}],\"inLanguage\":\"fr-FR\"},{\"@type\":\"Organization\",\"@id\":\"https:\/\/app.ipaidthat.io\/mag\/#organization\",\"name\":\"IPaidThat Mag\",\"url\":\"https:\/\/app.ipaidthat.io\/mag\/\",\"logo\":{\"@type\":\"ImageObject\",\"inLanguage\":\"fr-FR\",\"@id\":\"https:\/\/app.ipaidthat.io\/mag\/#\/schema\/logo\/image\/\",\"url\":\"https:\/\/app.ipaidthat.io\/mag\/wp-content\/uploads\/2025\/11\/logo-le-mag-blog-ipaidthat.png\",\"contentUrl\":\"https:\/\/app.ipaidthat.io\/mag\/wp-content\/uploads\/2025\/11\/logo-le-mag-blog-ipaidthat.png\",\"width\":1817,\"height\":524,\"caption\":\"IPaidThat Mag\"},\"image\":{\"@id\":\"https:\/\/app.ipaidthat.io\/mag\/#\/schema\/logo\/image\/\"}},{\"@type\":\"Person\",\"@id\":\"https:\/\/app.ipaidthat.io\/mag\/#\/schema\/person\/021144662586a12df79c88913050baaa\",\"name\":\"S\u00e9bastien Claeys\",\"image\":{\"@type\":\"ImageObject\",\"inLanguage\":\"fr-FR\",\"@id\":\"https:\/\/app.ipaidthat.io\/mag\/#\/schema\/person\/image\/\",\"url\":\"https:\/\/app.ipaidthat.io\/mag\/wp-content\/uploads\/2023\/02\/sebastien-clayes-ipaidthat-96x96.png\",\"contentUrl\":\"https:\/\/app.ipaidthat.io\/mag\/wp-content\/uploads\/2023\/02\/sebastien-clayes-ipaidthat-96x96.png\",\"caption\":\"S\u00e9bastien Claeys\"},\"url\":\"https:\/\/app.ipaidthat.io\/mag\/author\/sebastienipaidthat-io\/\"}]}<\/script>\n<!-- \/ Yoast SEO plugin. -->","yoast_head_json":{"title":"Comment rembourser des frais de d\u00e9placement professionnel ?","description":"La prise en charge des frais de d\u00e9placement professionnel par l\u2019employeur repose sur un ensemble de bar\u00e8mes et de calculs.","robots":{"index":"index","follow":"follow","max-snippet":"max-snippet:-1","max-image-preview":"max-image-preview:large","max-video-preview":"max-video-preview:-1"},"canonical":"https:\/\/app.ipaidthat.io\/mag\/featured\/comment-rembourser-frais-deplacement-professionnel\/","og_locale":"fr_FR","og_type":"article","og_title":"Comment rembourser des frais de d\u00e9placement professionnel ?","og_description":"La prise en charge des frais de d\u00e9placement professionnel par l\u2019employeur repose sur un ensemble de bar\u00e8mes et de calculs.","og_url":"https:\/\/app.ipaidthat.io\/mag\/featured\/comment-rembourser-frais-deplacement-professionnel\/","og_site_name":"iPaidThat Mag","article_published_time":"2020-05-28T11:55:07+00:00","og_image":[{"url":"https:\/\/ipaidthat.io\/mag\/wp-content\/uploads\/2020\/05\/Remboursement-deban.png","type":"","width":"","height":""}],"author":"S\u00e9bastien Claeys","twitter_card":"summary_large_image","twitter_misc":{"\u00c9crit par":"S\u00e9bastien Claeys","Dur\u00e9e de lecture estim\u00e9e":"5 minutes"},"schema":{"@context":"https:\/\/schema.org","@graph":[{"@type":"Article","@id":"https:\/\/app.ipaidthat.io\/mag\/featured\/comment-rembourser-frais-deplacement-professionnel\/#article","isPartOf":{"@id":"https:\/\/app.ipaidthat.io\/mag\/featured\/comment-rembourser-frais-deplacement-professionnel\/"},"author":{"name":"S\u00e9bastien Claeys","@id":"https:\/\/app.ipaidthat.io\/mag\/#\/schema\/person\/021144662586a12df79c88913050baaa"},"headline":"Comment rembourser des frais de d\u00e9placement professionnel ?","datePublished":"2020-05-28T11:55:07+00:00","mainEntityOfPage":{"@id":"https:\/\/app.ipaidthat.io\/mag\/featured\/comment-rembourser-frais-deplacement-professionnel\/"},"wordCount":1011,"commentCount":0,"publisher":{"@id":"https:\/\/app.ipaidthat.io\/mag\/#organization"},"image":{"@id":"https:\/\/app.ipaidthat.io\/mag\/featured\/comment-rembourser-frais-deplacement-professionnel\/#primaryimage"},"thumbnailUrl":"https:\/\/ipaidthat.io\/mag\/wp-content\/uploads\/2020\/05\/Remboursement-deban.png","articleSection":["Comptabilit\u00e9","Featured"],"inLanguage":"fr-FR","potentialAction":[{"@type":"CommentAction","name":"Comment","target":["https:\/\/app.ipaidthat.io\/mag\/featured\/comment-rembourser-frais-deplacement-professionnel\/#respond"]}]},{"@type":"WebPage","@id":"https:\/\/app.ipaidthat.io\/mag\/featured\/comment-rembourser-frais-deplacement-professionnel\/","url":"https:\/\/app.ipaidthat.io\/mag\/featured\/comment-rembourser-frais-deplacement-professionnel\/","name":"Comment rembourser des frais de d\u00e9placement professionnel ?","isPartOf":{"@id":"https:\/\/app.ipaidthat.io\/mag\/#website"},"primaryImageOfPage":{"@id":"https:\/\/app.ipaidthat.io\/mag\/featured\/comment-rembourser-frais-deplacement-professionnel\/#primaryimage"},"image":{"@id":"https:\/\/app.ipaidthat.io\/mag\/featured\/comment-rembourser-frais-deplacement-professionnel\/#primaryimage"},"thumbnailUrl":"https:\/\/ipaidthat.io\/mag\/wp-content\/uploads\/2020\/05\/Remboursement-deban.png","datePublished":"2020-05-28T11:55:07+00:00","description":"La prise en charge des frais de d\u00e9placement professionnel par l\u2019employeur repose sur un ensemble de bar\u00e8mes et de calculs.","breadcrumb":{"@id":"https:\/\/app.ipaidthat.io\/mag\/featured\/comment-rembourser-frais-deplacement-professionnel\/#breadcrumb"},"inLanguage":"fr-FR","potentialAction":[{"@type":"ReadAction","target":["https:\/\/app.ipaidthat.io\/mag\/featured\/comment-rembourser-frais-deplacement-professionnel\/"]}]},{"@type":"ImageObject","inLanguage":"fr-FR","@id":"https:\/\/app.ipaidthat.io\/mag\/featured\/comment-rembourser-frais-deplacement-professionnel\/#primaryimage","url":"https:\/\/ipaidthat.io\/mag\/wp-content\/uploads\/2020\/05\/Remboursement-deban.png","contentUrl":"https:\/\/ipaidthat.io\/mag\/wp-content\/uploads\/2020\/05\/Remboursement-deban.png"},{"@type":"BreadcrumbList","@id":"https:\/\/app.ipaidthat.io\/mag\/featured\/comment-rembourser-frais-deplacement-professionnel\/#breadcrumb","itemListElement":[{"@type":"ListItem","position":1,"name":"Le Mag","item":"https:\/\/app.ipaidthat.io\/mag\/"},{"@type":"ListItem","position":2,"name":"Comment rembourser des frais de d\u00e9placement professionnel ?"}]},{"@type":"WebSite","@id":"https:\/\/app.ipaidthat.io\/mag\/#website","url":"https:\/\/app.ipaidthat.io\/mag\/","name":"IPaidThat Mag","description":"Une gestion simple, automatis\u00e9e et collaborative","publisher":{"@id":"https:\/\/app.ipaidthat.io\/mag\/#organization"},"potentialAction":[{"@type":"SearchAction","target":{"@type":"EntryPoint","urlTemplate":"https:\/\/app.ipaidthat.io\/mag\/?s={search_term_string}"},"query-input":{"@type":"PropertyValueSpecification","valueRequired":true,"valueName":"search_term_string"}}],"inLanguage":"fr-FR"},{"@type":"Organization","@id":"https:\/\/app.ipaidthat.io\/mag\/#organization","name":"IPaidThat Mag","url":"https:\/\/app.ipaidthat.io\/mag\/","logo":{"@type":"ImageObject","inLanguage":"fr-FR","@id":"https:\/\/app.ipaidthat.io\/mag\/#\/schema\/logo\/image\/","url":"https:\/\/app.ipaidthat.io\/mag\/wp-content\/uploads\/2025\/11\/logo-le-mag-blog-ipaidthat.png","contentUrl":"https:\/\/app.ipaidthat.io\/mag\/wp-content\/uploads\/2025\/11\/logo-le-mag-blog-ipaidthat.png","width":1817,"height":524,"caption":"IPaidThat Mag"},"image":{"@id":"https:\/\/app.ipaidthat.io\/mag\/#\/schema\/logo\/image\/"}},{"@type":"Person","@id":"https:\/\/app.ipaidthat.io\/mag\/#\/schema\/person\/021144662586a12df79c88913050baaa","name":"S\u00e9bastien Claeys","image":{"@type":"ImageObject","inLanguage":"fr-FR","@id":"https:\/\/app.ipaidthat.io\/mag\/#\/schema\/person\/image\/","url":"https:\/\/app.ipaidthat.io\/mag\/wp-content\/uploads\/2023\/02\/sebastien-clayes-ipaidthat-96x96.png","contentUrl":"https:\/\/app.ipaidthat.io\/mag\/wp-content\/uploads\/2023\/02\/sebastien-clayes-ipaidthat-96x96.png","caption":"S\u00e9bastien Claeys"},"url":"https:\/\/app.ipaidthat.io\/mag\/author\/sebastienipaidthat-io\/"}]}},"_links":{"self":[{"href":"https:\/\/app.ipaidthat.io\/mag\/wp-json\/wp\/v2\/posts\/4246","targetHints":{"allow":["GET"]}}],"collection":[{"href":"https:\/\/app.ipaidthat.io\/mag\/wp-json\/wp\/v2\/posts"}],"about":[{"href":"https:\/\/app.ipaidthat.io\/mag\/wp-json\/wp\/v2\/types\/post"}],"author":[{"embeddable":true,"href":"https:\/\/app.ipaidthat.io\/mag\/wp-json\/wp\/v2\/users\/4"}],"replies":[{"embeddable":true,"href":"https:\/\/app.ipaidthat.io\/mag\/wp-json\/wp\/v2\/comments?post=4246"}],"version-history":[{"count":0,"href":"https:\/\/app.ipaidthat.io\/mag\/wp-json\/wp\/v2\/posts\/4246\/revisions"}],"wp:attachment":[{"href":"https:\/\/app.ipaidthat.io\/mag\/wp-json\/wp\/v2\/media?parent=4246"}],"wp:term":[{"taxonomy":"category","embeddable":true,"href":"https:\/\/app.ipaidthat.io\/mag\/wp-json\/wp\/v2\/categories?post=4246"},{"taxonomy":"post_tag","embeddable":true,"href":"https:\/\/app.ipaidthat.io\/mag\/wp-json\/wp\/v2\/tags?post=4246"}],"curies":[{"name":"wp","href":"https:\/\/api.w.org\/{rel}","templated":true}]}}