{"id":3728,"date":"2020-03-24T11:53:15","date_gmt":"2020-03-24T10:53:15","guid":{"rendered":"https:\/\/ipaidthat.io\/mag\/?p=3728"},"modified":"2020-03-24T11:53:15","modified_gmt":"2020-03-24T10:53:15","slug":"covid-19-5-mesures-soutien-entreprises","status":"publish","type":"post","link":"https:\/\/app.ipaidthat.io\/mag\/entrepreneur\/covid-19-5-mesures-soutien-entreprises\/","title":{"rendered":"COVID-19: les 5 mesures de soutien aux entreprises"},"content":{"rendered":"\n<p class=\"justification_texte\">Le <strong>gouvernement fran\u00e7ais<\/strong> a d\u00e9fini un ensemble de mesures et financements pour <strong>prot\u00e9ger les entreprises<\/strong> pendant cette p\u00e9riode de perturbation caus\u00e9e par le <strong>coronavirus COVID-19<\/strong>. Pour faire face \u00e0 ce d\u00e9fi majeur sans pr\u00e9c\u00e9dent pour le monde entier, Bruno Le Maire a d\u00e9clar\u00e9 le mercredi 18 mars que le gouvernement allait d\u00e9ployer toute son \u00e9nergie pour soutenir financi\u00e8rement les salari\u00e9s et les entreprises. Soutien aux PME, assistance aux entreprises et entrepreneurs via des programmes de pr\u00eats, aides aux entreprises pour payer leurs imp\u00f4ts. D\u00e9couvrez toutes les <strong>mesures, aides financi\u00e8res, et mobilisations exceptionnelles<\/strong> auxquelles vous pourriez avoir droit.<\/p>\n\n\n\n<br><h2><span class=\"underline--hover\">1. Le report d\u2019\u00e9ch\u00e9ances sociales et\/ou fiscales suite au COVID-19<\/span><\/h2>\n\n\n\n<p class=\"justification_texte\">Bruno\nLe Maire a annonc\u00e9 que le paiement des charges fiscales et sociales du premier\ntrimestre 2020 sera d\u00e9cal\u00e9 et liss\u00e9 sur les prochaines \u00e9ch\u00e9ances \u00e0 venir. Le <strong>report des \u00e9ch\u00e9ances sociales et fiscales<\/strong>\npermettra aux petites entreprises fran\u00e7aises de ne pas crouler sous les dettes.\n<\/p>\n\n\n\n<p class=\"justification_texte\">Ainsi,\nvous pouvez avoir droit \u00e0&nbsp;: <\/p>\n\n\n\n<ul class=\"justification_texte wp-block-list\"><li>Une <strong>modulation\ndu paiement<\/strong> de vos cotisations URSSAF, <\/li><li>Une <strong>remise\nexceptionnelle<\/strong> de majorations et des p\u00e9nalit\u00e9s de retard sur les mois\nconcern\u00e9s.<\/li><\/ul>\n\n\n\n<p class=\"justification_texte\">Les <strong>travailleurs ind\u00e9pendants<\/strong> pourront\nb\u00e9n\u00e9ficier, quant \u00e0 eux, d\u2019un nouvel <strong>\u00e9ch\u00e9ancier\nde paiement<\/strong> plus adapt\u00e9 \u00e0 la sant\u00e9 actuelle de leur entreprise. Ils\npourront \u00e9galement solliciter l\u2019action sociale pour la <strong>prise en charge de l\u2019enti\u00e8ret\u00e9 ou d\u2019une partie de leurs cotisations<\/strong>\nau titre de l\u2019aide aux cotisants en difficult\u00e9. <\/p>\n\n\n\n<p class=\"justification_texte\">Pour\ncela, connectez-vous \u00e0 votre espace d\u00e9di\u00e9 sur le site internet de l\u2019URSSAF sous\nla rubrique \u00ab\u2009D\u00e9clarer une situation exceptionnelle\u2009\u00bb, ou composez le 3957 (12\ncentimes la minute + prix d\u2019un appel).<\/p>\n\n\n\n<p class=\"justification_texte\">Pour les travailleurs ind\u00e9pendants, artisans, commer\u00e7ants, vous pouvez contacter votre <a href=\"https:\/\/www.urssaf.fr\/portail\/home.html\" target=\"_blank\" rel=\"noreferrer noopener\" aria-label=\"URSSAF (s\u2019ouvre dans un nouvel onglet)\">URSSAF<\/a> via le formulaire \u00ab\u2009Vos cotisations\u2009\u00bb et \u00ab\u2009Difficult\u00e9s de paiement\u2009\u00bb, ou composer le 3698 (service gratuit + prix d\u2019un appel).<\/p>\n\n\n\n<p class=\"justification_texte\">L\u2019URSSAF\na assur\u00e9 que toutes les demandes seront <strong>trait\u00e9es\nde fa\u00e7on prioritaire<\/strong>.<\/p>\n\n\n\n<p class=\"justification_texte\">Concernant les \u00e9ch\u00e9ances de l\u2019imp\u00f4t sur les soci\u00e9t\u00e9s (IS) ou de l\u2019imp\u00f4t sur le revenu (IR), les entreprises en difficult\u00e9 pourront b\u00e9n\u00e9ficier d\u2019un report du paiement des \u00e9ch\u00e9ances.<\/p>\n\n\n\n<figure class=\"wp-block-image size-large\"><img decoding=\"async\" src=\"https:\/\/ipaidthat.io\/mag\/wp-content\/uploads\/2020\/03\/5-mesures-de-soutien-aux-entreprises-sans-ban-1024x498.png\" alt=\"Les mesures de soutien\" class=\"wp-image-3736\"\/><\/figure>\n\n\n\n<br><h2><span class=\"underline--hover\">2. L\u2019obtention ou le maintien d\u2019un cr\u00e9dit bancaire via Bpifrance<\/span><\/h2>\n\n\n\n<p class=\"justification_texte\">Pour\nlutter contre les difficult\u00e9s financi\u00e8res li\u00e9es \u00e0 votre tr\u00e9sorerie, Bpifrance a\nannonc\u00e9 garantir des <strong>pr\u00eats de tr\u00e9sorerie\npour les PME<\/strong> impact\u00e9es par la crise du COVID-19. <\/p>\n\n\n\n<p class=\"justification_texte\">\u00c0 cet\neffet, le num\u00e9ro vert 0969.370.240 a \u00e9t\u00e9 mis en place pour soutenir les TPE et\nPME face \u00e0 cette crise.<\/p>\n\n\n\n<p class=\"justification_texte\">Pour plus de d\u00e9tail \u00e0 propos des <strong>pr\u00eats bancaires et remboursement d\u2019emprunts<\/strong>, consultez notre article d\u00e9di\u00e9&nbsp;: <a rel=\"noreferrer noopener\" aria-label=\"Coronavirus: Quelles aides pour les entreprises ?  (s\u2019ouvre dans un nouvel onglet)\" href=\"https:\/\/ipaidthat.io\/mag\/comptabilite\/coronavirus-quelles-aides-entreprises\/\" target=\"_blank\">Coronavirus: Quelles aides pour les entreprises ? <\/a><\/p>\n\n\n\n<br><h2><span class=\"underline--hover\">3. Indemnit\u00e9 forfaitaire de 1.500 euros<\/span><\/h2>\n\n\n\n<p class=\"justification_texte\">Par\nailleurs, le gouvernement fran\u00e7ais a annonc\u00e9 la mise en place d&rsquo;une indemnit\u00e9\nforfaitaire de 1.500 \u20ac pour les entreprises de moins d&rsquo;un million d\u2019euros de\nchiffre d&rsquo;affaires, qui n\u2019auront <strong>pas\nd\u2019autre choix que de fermer leurs portes<\/strong>. Ce fond d\u00e9di\u00e9 concerne \u00e9galement\nles entreprises dont le revenu a baiss\u00e9 d&rsquo;au moins 70 %. <\/p>\n\n\n\n<p class=\"justification_texte\"><a href=\"https:\/\/www.lesechos.fr\/economie-france\/social\/coronavirus-un-fonds-de-solidarite-de-2-milliards-pour-les-tpe-ou-les-independants-1186133\" target=\"_blank\" rel=\"noreferrer noopener\" aria-label=\" (s\u2019ouvre dans un nouvel onglet)\">Selon les estimations de Bercy<\/a>, cela concernerait environ 600.000 entreprises. <\/p>\n\n\n\n<p class=\"justification_texte\">Un fonds de solidarit\u00e9 de 1 milliard y sera allou\u00e9 sur la p\u00e9riode de mars, voir avril si n\u00e9cessaire.<\/p>\n\n\n\n<br><h2><span class=\"underline--hover\">4. Gel de loyer<\/span><\/h2>\n\n\n\n<p class=\"justification_texte\">Emmanuel\nMacron a \u00e9galement indiqu\u00e9 dans son discours du lundi 16 mars, r\u00e9fl\u00e9chir \u00e0 un\ndispositif fiscal qui permettrait d\u2019<strong>annuler\nou de reporter les \u00e9ch\u00e9ances de loyer<\/strong> des commer\u00e7ants. Cette mesure sera\ntemporaire, le temps de surmonter la chute d\u2019activit\u00e9 li\u00e9e au confinement. <\/p>\n\n\n\n<p class=\"justification_texte\"><strong>Par ailleurs, les factures d\u2019eau, de gaz et d\u2019\u00e9lectricit\u00e9 peuvent \u00eatre suspendues, mais \u00e0 l&rsquo;heure actuelle, vos fournisseurs n&rsquo;ont pas l&rsquo;obligation de le faire. <\/strong><\/p>\n\n\n\n<p class=\"justification_texte\">Le gel des loyers est encore en cours de n\u00e9gociation avec les plus grands bailleurs.<\/p>\n\n\n\n<br><h2><span class=\"underline--hover\">5.&nbsp;Le ch\u00f4mage partiel<\/span><\/h2>\n\n\n\n<p class=\"justification_texte\">Afin de\nprot\u00e9ger au maximum les salari\u00e9s, le dispositif du ch\u00f4mage partiel sera\nmassivement \u00e9largi. Emmanuel Macron souhaite qu\u2019aucun Fran\u00e7ais ne soit laiss\u00e9\nsans ressources&nbsp;!<\/p>\n\n\n\n<p class=\"justification_texte\">Ainsi,\nle gouvernement pr\u00e9voit un financement de <strong>5,5\nmilliards d\u2019euros pour le ch\u00f4mage partiel<\/strong>. Ceci correspondrait donc \u00e0 une\nprise en charge moyenne de 13,9 euros par heure ch\u00f4m\u00e9e. L\u2019\u00c9tat prendra en\ncharge 9,30 \u20ac. Le solde sera \u00e0 la charge de l\u2019Un\u00e9dic.<\/p>\n\n\n\n<p class=\"justification_texte\">Le 18 mars 2020 cela concernait &nbsp;21.000 entreprises et 400.000 salari\u00e9s, selon la Ministre du Travail, <a rel=\"noreferrer noopener\" aria-label=\" (s\u2019ouvre dans un nouvel onglet)\" href=\"https:\/\/www.sudouest.fr\/2020\/03\/18\/coronavirus-le-chomage-partiel-representera-15-des-heures-travaillees-sur-deux-mois-7342881-10861.php\" target=\"_blank\">Muriel P\u00e9nicaud<\/a>.<\/p>\n\n\n\n<p class=\"justification_texte\"><strong>Bruno Le Maire a annonc\u00e9 que toutes ces mesures seront co\u00fbteuses pour l&rsquo;\u00c9tat, mais n\u00e9cessaires pour favoriser l\u2019activit\u00e9 \u00e9conomique des entreprises. Pendant cette p\u00e9riode de crise, nous vous conseillons de prendre le temps de faire le point sur l\u2019\u00e9tat de votre tr\u00e9sorerie et sur les \u00e9ventuelles difficult\u00e9s que vous pourriez rencontrer. Nous ne savons pas encore ce que l\u2019avenir nous r\u00e9serve et l\u2019ampleur que le COVID-19 aura sur nos entreprises. Si vous pensez que votre soci\u00e9t\u00e9 devra faire face, dans les semaines \u00e0 venir, \u00e0 des difficult\u00e9s \u00e9conomiques et financi\u00e8res, ayant des r\u00e9percussions sur votre projet, en lien avec le coronavirus, <\/strong><a href=\"https:\/\/ipaidthat.io\/fr\/\"><strong>iPaidThat peut vous \u00eatre d\u2019une aide pr\u00e9cieuse<\/strong><\/a><strong>.<\/strong><\/p>\n","protected":false},"excerpt":{"rendered":"<p>Le gouvernement fran\u00e7ais a d\u00e9fini un ensemble de mesures et financements pour prot\u00e9ger les entreprises pendant cette p\u00e9riode de perturbation caus\u00e9e par le coronavirus COVID-19. Pour faire face \u00e0 ce d\u00e9fi majeur sans pr\u00e9c\u00e9dent pour le monde entier, Bruno Le Maire a d\u00e9clar\u00e9 le mercredi 18 mars que le gouvernement allait d\u00e9ployer toute son \u00e9nergie [&hellip;]<\/p>\n","protected":false},"author":4,"featured_media":0,"comment_status":"open","ping_status":"open","sticky":false,"template":"","format":"standard","meta":{"footnotes":""},"categories":[2,4],"tags":[],"class_list":["post-3728","post","type-post","status-publish","format-standard","hentry","category-entrepreneur","category-featured"],"yoast_head":"<!-- This site is optimized with the Yoast SEO plugin v26.6 - https:\/\/yoast.com\/wordpress\/plugins\/seo\/ -->\n<title>COVID-19: les 5 mesures de soutien aux entreprises<\/title>\n<meta name=\"description\" content=\"Le gouvernement a mis en place des mesures de soutien pour les entreprises suite au Covid-19. Quels sont vos droits et d\u00e9marches pour les obtenir ?\" \/>\n<meta name=\"robots\" content=\"index, follow, max-snippet:-1, max-image-preview:large, max-video-preview:-1\" \/>\n<link rel=\"canonical\" href=\"https:\/\/app.ipaidthat.io\/mag\/entrepreneur\/covid-19-5-mesures-soutien-entreprises\/\" \/>\n<meta property=\"og:locale\" content=\"fr_FR\" \/>\n<meta property=\"og:type\" content=\"article\" \/>\n<meta property=\"og:title\" content=\"COVID-19: les 5 mesures de soutien aux entreprises\" \/>\n<meta property=\"og:description\" content=\"Le gouvernement a mis en place des mesures de soutien pour les entreprises suite au Covid-19. Quels sont vos droits et d\u00e9marches pour les obtenir ?\" \/>\n<meta property=\"og:url\" content=\"https:\/\/app.ipaidthat.io\/mag\/entrepreneur\/covid-19-5-mesures-soutien-entreprises\/\" \/>\n<meta property=\"og:site_name\" content=\"iPaidThat Mag\" \/>\n<meta property=\"article:published_time\" content=\"2020-03-24T10:53:15+00:00\" \/>\n<meta property=\"og:image\" content=\"https:\/\/ipaidthat.io\/mag\/wp-content\/uploads\/2020\/03\/5-mesures-de-soutien-aux-entreprises-sans-ban-1024x498.png\" \/>\n<meta name=\"author\" content=\"S\u00e9bastien Claeys\" \/>\n<meta name=\"twitter:card\" content=\"summary_large_image\" \/>\n<meta name=\"twitter:label1\" content=\"\u00c9crit par\" \/>\n\t<meta name=\"twitter:data1\" content=\"S\u00e9bastien Claeys\" \/>\n\t<meta name=\"twitter:label2\" content=\"Dur\u00e9e de lecture estim\u00e9e\" \/>\n\t<meta name=\"twitter:data2\" content=\"4 minutes\" \/>\n<script type=\"application\/ld+json\" class=\"yoast-schema-graph\">{\"@context\":\"https:\/\/schema.org\",\"@graph\":[{\"@type\":\"Article\",\"@id\":\"https:\/\/app.ipaidthat.io\/mag\/entrepreneur\/covid-19-5-mesures-soutien-entreprises\/#article\",\"isPartOf\":{\"@id\":\"https:\/\/app.ipaidthat.io\/mag\/entrepreneur\/covid-19-5-mesures-soutien-entreprises\/\"},\"author\":{\"name\":\"S\u00e9bastien Claeys\",\"@id\":\"https:\/\/app.ipaidthat.io\/mag\/#\/schema\/person\/021144662586a12df79c88913050baaa\"},\"headline\":\"COVID-19: les 5 mesures de soutien aux entreprises\",\"datePublished\":\"2020-03-24T10:53:15+00:00\",\"mainEntityOfPage\":{\"@id\":\"https:\/\/app.ipaidthat.io\/mag\/entrepreneur\/covid-19-5-mesures-soutien-entreprises\/\"},\"wordCount\":883,\"commentCount\":0,\"publisher\":{\"@id\":\"https:\/\/app.ipaidthat.io\/mag\/#organization\"},\"image\":{\"@id\":\"https:\/\/app.ipaidthat.io\/mag\/entrepreneur\/covid-19-5-mesures-soutien-entreprises\/#primaryimage\"},\"thumbnailUrl\":\"https:\/\/ipaidthat.io\/mag\/wp-content\/uploads\/2020\/03\/5-mesures-de-soutien-aux-entreprises-sans-ban-1024x498.png\",\"articleSection\":[\"Entrepreneur\",\"Featured\"],\"inLanguage\":\"fr-FR\",\"potentialAction\":[{\"@type\":\"CommentAction\",\"name\":\"Comment\",\"target\":[\"https:\/\/app.ipaidthat.io\/mag\/entrepreneur\/covid-19-5-mesures-soutien-entreprises\/#respond\"]}]},{\"@type\":\"WebPage\",\"@id\":\"https:\/\/app.ipaidthat.io\/mag\/entrepreneur\/covid-19-5-mesures-soutien-entreprises\/\",\"url\":\"https:\/\/app.ipaidthat.io\/mag\/entrepreneur\/covid-19-5-mesures-soutien-entreprises\/\",\"name\":\"COVID-19: les 5 mesures de soutien aux entreprises\",\"isPartOf\":{\"@id\":\"https:\/\/app.ipaidthat.io\/mag\/#website\"},\"primaryImageOfPage\":{\"@id\":\"https:\/\/app.ipaidthat.io\/mag\/entrepreneur\/covid-19-5-mesures-soutien-entreprises\/#primaryimage\"},\"image\":{\"@id\":\"https:\/\/app.ipaidthat.io\/mag\/entrepreneur\/covid-19-5-mesures-soutien-entreprises\/#primaryimage\"},\"thumbnailUrl\":\"https:\/\/ipaidthat.io\/mag\/wp-content\/uploads\/2020\/03\/5-mesures-de-soutien-aux-entreprises-sans-ban-1024x498.png\",\"datePublished\":\"2020-03-24T10:53:15+00:00\",\"description\":\"Le gouvernement a mis en place des mesures de soutien pour les entreprises suite au Covid-19. Quels sont vos droits et d\u00e9marches pour les obtenir ?\",\"breadcrumb\":{\"@id\":\"https:\/\/app.ipaidthat.io\/mag\/entrepreneur\/covid-19-5-mesures-soutien-entreprises\/#breadcrumb\"},\"inLanguage\":\"fr-FR\",\"potentialAction\":[{\"@type\":\"ReadAction\",\"target\":[\"https:\/\/app.ipaidthat.io\/mag\/entrepreneur\/covid-19-5-mesures-soutien-entreprises\/\"]}]},{\"@type\":\"ImageObject\",\"inLanguage\":\"fr-FR\",\"@id\":\"https:\/\/app.ipaidthat.io\/mag\/entrepreneur\/covid-19-5-mesures-soutien-entreprises\/#primaryimage\",\"url\":\"https:\/\/ipaidthat.io\/mag\/wp-content\/uploads\/2020\/03\/5-mesures-de-soutien-aux-entreprises-sans-ban-1024x498.png\",\"contentUrl\":\"https:\/\/ipaidthat.io\/mag\/wp-content\/uploads\/2020\/03\/5-mesures-de-soutien-aux-entreprises-sans-ban-1024x498.png\"},{\"@type\":\"BreadcrumbList\",\"@id\":\"https:\/\/app.ipaidthat.io\/mag\/entrepreneur\/covid-19-5-mesures-soutien-entreprises\/#breadcrumb\",\"itemListElement\":[{\"@type\":\"ListItem\",\"position\":1,\"name\":\"Le Mag\",\"item\":\"https:\/\/app.ipaidthat.io\/mag\/\"},{\"@type\":\"ListItem\",\"position\":2,\"name\":\"Entrepreneur\",\"item\":\"https:\/\/app.ipaidthat.io\/mag\/category\/entrepreneur\/\"},{\"@type\":\"ListItem\",\"position\":3,\"name\":\"COVID-19: les 5 mesures de soutien aux entreprises\"}]},{\"@type\":\"WebSite\",\"@id\":\"https:\/\/app.ipaidthat.io\/mag\/#website\",\"url\":\"https:\/\/app.ipaidthat.io\/mag\/\",\"name\":\"IPaidThat Mag\",\"description\":\"Une gestion simple, automatis\u00e9e et collaborative\",\"publisher\":{\"@id\":\"https:\/\/app.ipaidthat.io\/mag\/#organization\"},\"potentialAction\":[{\"@type\":\"SearchAction\",\"target\":{\"@type\":\"EntryPoint\",\"urlTemplate\":\"https:\/\/app.ipaidthat.io\/mag\/?s={search_term_string}\"},\"query-input\":{\"@type\":\"PropertyValueSpecification\",\"valueRequired\":true,\"valueName\":\"search_term_string\"}}],\"inLanguage\":\"fr-FR\"},{\"@type\":\"Organization\",\"@id\":\"https:\/\/app.ipaidthat.io\/mag\/#organization\",\"name\":\"IPaidThat Mag\",\"url\":\"https:\/\/app.ipaidthat.io\/mag\/\",\"logo\":{\"@type\":\"ImageObject\",\"inLanguage\":\"fr-FR\",\"@id\":\"https:\/\/app.ipaidthat.io\/mag\/#\/schema\/logo\/image\/\",\"url\":\"https:\/\/app.ipaidthat.io\/mag\/wp-content\/uploads\/2025\/11\/logo-le-mag-blog-ipaidthat.png\",\"contentUrl\":\"https:\/\/app.ipaidthat.io\/mag\/wp-content\/uploads\/2025\/11\/logo-le-mag-blog-ipaidthat.png\",\"width\":1817,\"height\":524,\"caption\":\"IPaidThat Mag\"},\"image\":{\"@id\":\"https:\/\/app.ipaidthat.io\/mag\/#\/schema\/logo\/image\/\"}},{\"@type\":\"Person\",\"@id\":\"https:\/\/app.ipaidthat.io\/mag\/#\/schema\/person\/021144662586a12df79c88913050baaa\",\"name\":\"S\u00e9bastien Claeys\",\"image\":{\"@type\":\"ImageObject\",\"inLanguage\":\"fr-FR\",\"@id\":\"https:\/\/app.ipaidthat.io\/mag\/#\/schema\/person\/image\/\",\"url\":\"https:\/\/app.ipaidthat.io\/mag\/wp-content\/uploads\/2023\/02\/sebastien-clayes-ipaidthat-96x96.png\",\"contentUrl\":\"https:\/\/app.ipaidthat.io\/mag\/wp-content\/uploads\/2023\/02\/sebastien-clayes-ipaidthat-96x96.png\",\"caption\":\"S\u00e9bastien Claeys\"},\"url\":\"https:\/\/app.ipaidthat.io\/mag\/author\/sebastienipaidthat-io\/\"}]}<\/script>\n<!-- \/ Yoast SEO plugin. -->","yoast_head_json":{"title":"COVID-19: les 5 mesures de soutien aux entreprises","description":"Le gouvernement a mis en place des mesures de soutien pour les entreprises suite au Covid-19. Quels sont vos droits et d\u00e9marches pour les obtenir ?","robots":{"index":"index","follow":"follow","max-snippet":"max-snippet:-1","max-image-preview":"max-image-preview:large","max-video-preview":"max-video-preview:-1"},"canonical":"https:\/\/app.ipaidthat.io\/mag\/entrepreneur\/covid-19-5-mesures-soutien-entreprises\/","og_locale":"fr_FR","og_type":"article","og_title":"COVID-19: les 5 mesures de soutien aux entreprises","og_description":"Le gouvernement a mis en place des mesures de soutien pour les entreprises suite au Covid-19. Quels sont vos droits et d\u00e9marches pour les obtenir ?","og_url":"https:\/\/app.ipaidthat.io\/mag\/entrepreneur\/covid-19-5-mesures-soutien-entreprises\/","og_site_name":"iPaidThat Mag","article_published_time":"2020-03-24T10:53:15+00:00","og_image":[{"url":"https:\/\/ipaidthat.io\/mag\/wp-content\/uploads\/2020\/03\/5-mesures-de-soutien-aux-entreprises-sans-ban-1024x498.png","type":"","width":"","height":""}],"author":"S\u00e9bastien Claeys","twitter_card":"summary_large_image","twitter_misc":{"\u00c9crit par":"S\u00e9bastien Claeys","Dur\u00e9e de lecture estim\u00e9e":"4 minutes"},"schema":{"@context":"https:\/\/schema.org","@graph":[{"@type":"Article","@id":"https:\/\/app.ipaidthat.io\/mag\/entrepreneur\/covid-19-5-mesures-soutien-entreprises\/#article","isPartOf":{"@id":"https:\/\/app.ipaidthat.io\/mag\/entrepreneur\/covid-19-5-mesures-soutien-entreprises\/"},"author":{"name":"S\u00e9bastien Claeys","@id":"https:\/\/app.ipaidthat.io\/mag\/#\/schema\/person\/021144662586a12df79c88913050baaa"},"headline":"COVID-19: les 5 mesures de soutien aux entreprises","datePublished":"2020-03-24T10:53:15+00:00","mainEntityOfPage":{"@id":"https:\/\/app.ipaidthat.io\/mag\/entrepreneur\/covid-19-5-mesures-soutien-entreprises\/"},"wordCount":883,"commentCount":0,"publisher":{"@id":"https:\/\/app.ipaidthat.io\/mag\/#organization"},"image":{"@id":"https:\/\/app.ipaidthat.io\/mag\/entrepreneur\/covid-19-5-mesures-soutien-entreprises\/#primaryimage"},"thumbnailUrl":"https:\/\/ipaidthat.io\/mag\/wp-content\/uploads\/2020\/03\/5-mesures-de-soutien-aux-entreprises-sans-ban-1024x498.png","articleSection":["Entrepreneur","Featured"],"inLanguage":"fr-FR","potentialAction":[{"@type":"CommentAction","name":"Comment","target":["https:\/\/app.ipaidthat.io\/mag\/entrepreneur\/covid-19-5-mesures-soutien-entreprises\/#respond"]}]},{"@type":"WebPage","@id":"https:\/\/app.ipaidthat.io\/mag\/entrepreneur\/covid-19-5-mesures-soutien-entreprises\/","url":"https:\/\/app.ipaidthat.io\/mag\/entrepreneur\/covid-19-5-mesures-soutien-entreprises\/","name":"COVID-19: les 5 mesures de soutien aux entreprises","isPartOf":{"@id":"https:\/\/app.ipaidthat.io\/mag\/#website"},"primaryImageOfPage":{"@id":"https:\/\/app.ipaidthat.io\/mag\/entrepreneur\/covid-19-5-mesures-soutien-entreprises\/#primaryimage"},"image":{"@id":"https:\/\/app.ipaidthat.io\/mag\/entrepreneur\/covid-19-5-mesures-soutien-entreprises\/#primaryimage"},"thumbnailUrl":"https:\/\/ipaidthat.io\/mag\/wp-content\/uploads\/2020\/03\/5-mesures-de-soutien-aux-entreprises-sans-ban-1024x498.png","datePublished":"2020-03-24T10:53:15+00:00","description":"Le gouvernement a mis en place des mesures de soutien pour les entreprises suite au Covid-19. Quels sont vos droits et d\u00e9marches pour les obtenir ?","breadcrumb":{"@id":"https:\/\/app.ipaidthat.io\/mag\/entrepreneur\/covid-19-5-mesures-soutien-entreprises\/#breadcrumb"},"inLanguage":"fr-FR","potentialAction":[{"@type":"ReadAction","target":["https:\/\/app.ipaidthat.io\/mag\/entrepreneur\/covid-19-5-mesures-soutien-entreprises\/"]}]},{"@type":"ImageObject","inLanguage":"fr-FR","@id":"https:\/\/app.ipaidthat.io\/mag\/entrepreneur\/covid-19-5-mesures-soutien-entreprises\/#primaryimage","url":"https:\/\/ipaidthat.io\/mag\/wp-content\/uploads\/2020\/03\/5-mesures-de-soutien-aux-entreprises-sans-ban-1024x498.png","contentUrl":"https:\/\/ipaidthat.io\/mag\/wp-content\/uploads\/2020\/03\/5-mesures-de-soutien-aux-entreprises-sans-ban-1024x498.png"},{"@type":"BreadcrumbList","@id":"https:\/\/app.ipaidthat.io\/mag\/entrepreneur\/covid-19-5-mesures-soutien-entreprises\/#breadcrumb","itemListElement":[{"@type":"ListItem","position":1,"name":"Le Mag","item":"https:\/\/app.ipaidthat.io\/mag\/"},{"@type":"ListItem","position":2,"name":"Entrepreneur","item":"https:\/\/app.ipaidthat.io\/mag\/category\/entrepreneur\/"},{"@type":"ListItem","position":3,"name":"COVID-19: les 5 mesures de soutien aux entreprises"}]},{"@type":"WebSite","@id":"https:\/\/app.ipaidthat.io\/mag\/#website","url":"https:\/\/app.ipaidthat.io\/mag\/","name":"IPaidThat Mag","description":"Une gestion simple, automatis\u00e9e et collaborative","publisher":{"@id":"https:\/\/app.ipaidthat.io\/mag\/#organization"},"potentialAction":[{"@type":"SearchAction","target":{"@type":"EntryPoint","urlTemplate":"https:\/\/app.ipaidthat.io\/mag\/?s={search_term_string}"},"query-input":{"@type":"PropertyValueSpecification","valueRequired":true,"valueName":"search_term_string"}}],"inLanguage":"fr-FR"},{"@type":"Organization","@id":"https:\/\/app.ipaidthat.io\/mag\/#organization","name":"IPaidThat Mag","url":"https:\/\/app.ipaidthat.io\/mag\/","logo":{"@type":"ImageObject","inLanguage":"fr-FR","@id":"https:\/\/app.ipaidthat.io\/mag\/#\/schema\/logo\/image\/","url":"https:\/\/app.ipaidthat.io\/mag\/wp-content\/uploads\/2025\/11\/logo-le-mag-blog-ipaidthat.png","contentUrl":"https:\/\/app.ipaidthat.io\/mag\/wp-content\/uploads\/2025\/11\/logo-le-mag-blog-ipaidthat.png","width":1817,"height":524,"caption":"IPaidThat Mag"},"image":{"@id":"https:\/\/app.ipaidthat.io\/mag\/#\/schema\/logo\/image\/"}},{"@type":"Person","@id":"https:\/\/app.ipaidthat.io\/mag\/#\/schema\/person\/021144662586a12df79c88913050baaa","name":"S\u00e9bastien Claeys","image":{"@type":"ImageObject","inLanguage":"fr-FR","@id":"https:\/\/app.ipaidthat.io\/mag\/#\/schema\/person\/image\/","url":"https:\/\/app.ipaidthat.io\/mag\/wp-content\/uploads\/2023\/02\/sebastien-clayes-ipaidthat-96x96.png","contentUrl":"https:\/\/app.ipaidthat.io\/mag\/wp-content\/uploads\/2023\/02\/sebastien-clayes-ipaidthat-96x96.png","caption":"S\u00e9bastien Claeys"},"url":"https:\/\/app.ipaidthat.io\/mag\/author\/sebastienipaidthat-io\/"}]}},"_links":{"self":[{"href":"https:\/\/app.ipaidthat.io\/mag\/wp-json\/wp\/v2\/posts\/3728","targetHints":{"allow":["GET"]}}],"collection":[{"href":"https:\/\/app.ipaidthat.io\/mag\/wp-json\/wp\/v2\/posts"}],"about":[{"href":"https:\/\/app.ipaidthat.io\/mag\/wp-json\/wp\/v2\/types\/post"}],"author":[{"embeddable":true,"href":"https:\/\/app.ipaidthat.io\/mag\/wp-json\/wp\/v2\/users\/4"}],"replies":[{"embeddable":true,"href":"https:\/\/app.ipaidthat.io\/mag\/wp-json\/wp\/v2\/comments?post=3728"}],"version-history":[{"count":0,"href":"https:\/\/app.ipaidthat.io\/mag\/wp-json\/wp\/v2\/posts\/3728\/revisions"}],"wp:attachment":[{"href":"https:\/\/app.ipaidthat.io\/mag\/wp-json\/wp\/v2\/media?parent=3728"}],"wp:term":[{"taxonomy":"category","embeddable":true,"href":"https:\/\/app.ipaidthat.io\/mag\/wp-json\/wp\/v2\/categories?post=3728"},{"taxonomy":"post_tag","embeddable":true,"href":"https:\/\/app.ipaidthat.io\/mag\/wp-json\/wp\/v2\/tags?post=3728"}],"curies":[{"name":"wp","href":"https:\/\/api.w.org\/{rel}","templated":true}]}}