{"id":3599,"date":"2020-03-06T17:13:11","date_gmt":"2020-03-06T16:13:11","guid":{"rendered":"https:\/\/ipaidthat.io\/mag\/?p=3599"},"modified":"2020-03-06T17:13:11","modified_gmt":"2020-03-06T16:13:11","slug":"journee-internationale-des-droits-des-femmes-portraits-5","status":"publish","type":"post","link":"https:\/\/app.ipaidthat.io\/mag\/nos-actualites\/journee-internationale-des-droits-des-femmes-portraits-5\/","title":{"rendered":"Journ\u00e9e internationale des droits des femmes: portraits #5"},"content":{"rendered":"\n<p class=\"justification_texte\">Pour le dernier article de la semaine, nous avons rendez-vous avec Anne-Sophie, directrice g\u00e9n\u00e9rale d&rsquo;iPaidThat. Elle nous \u00e9claire sur la situation des femmes et les raisons sous-jacentes qui sont \u00e0 l&rsquo;origine de ces in\u00e9galit\u00e9s.<\/p>\n\n\n\n<h2 class=\"has-text-align-left wp-block-heading\">Anne-Sophie, COO<\/h2>\n\n\n\n<div class=\"wp-block-image\"><figure class=\"aligncenter size-large is-resized\"><img fetchpriority=\"high\" decoding=\"async\" src=\"https:\/\/ipaidthat.io\/mag\/wp-content\/uploads\/2020\/03\/Asl-ipt.png\" alt=\"Anne-sophie iPaidThat\" class=\"wp-image-3602\" width=\"369\" height=\"355\"\/><figcaption>COO audacieuse et exp\u00e9riment\u00e9e<\/figcaption><\/figure><\/div>\n\n\n\n<h3><span class=\"underline--hover\">Quel a \u00e9t\u00e9 ton parcours ? <\/span><\/h3>\n\n\n\n<p class=\"justification_texte\">A l&rsquo;origine, je viens d&rsquo;une formation de droit. Je me suis ensuite sp\u00e9cialis\u00e9e dans la gestion de fortune. Face \u00e0 l&rsquo;essor du digital, j&rsquo;ai d\u00e9cid\u00e9 de me tourner vers le e-commerce. Apr\u00e8s plusieurs aventures entrepreneuriales fructueuses, j&rsquo;ai fini par rejoindre iPaidThat. Avec du recul, je me rend compte que ce choix n&rsquo;a rien d&rsquo;anodin. En effet, en officiant dans une fintech, j&rsquo;allie plusieurs comp\u00e9tences que j&rsquo;ai d\u00e9j\u00e0 convoqu\u00e9es dans le pass\u00e9. <\/p>\n\n\n\n<h3><span class=\"underline--hover\">Quel constat fais-tu sur le respect des droits des femmes dans le monde professionnel ?<\/span><\/h3>\n\n\n\n<p class=\"justification_texte\">Le constat est \u00e9vident: il y a moins de femmes que d&rsquo;hommes \u00e0 des postes cl\u00e9s, et cette diff\u00e9rence est significative. Selon moi, ces in\u00e9galit\u00e9s sont dues \u00e0 un facteur qui est <strong>per\u00e7u <\/strong>comme un handicap: la maternit\u00e9 et ce qu&rsquo;elle implique. <\/p>\n\n\n\n<p class=\"justification_texte\">On parle souvent des discriminations li\u00e9es \u00e0 la grossesse lors du recrutement d&rsquo;une femme, mais c&rsquo;est la maternit\u00e9 en-elle m\u00eame qui effraie. Les femmes doivent souvent g\u00e9rer plusieurs choses de front, surtout quand elles ont une famille. Quand un investisseur ou un recruteur cherche \u00e0 confier un r\u00f4le important, ces facteurs le poussent \u00e0 mettre les femmes de cot\u00e9. C&rsquo;est l&rsquo;une des raisons pour lesquelles, \u00e0 poste \u00e9gale, un homme sera bien souvent pr\u00e9f\u00e9r\u00e9 \u00e0 une femme. Mes coll\u00e8gues en ont parl\u00e9 et je le r\u00e9p\u00e8te, les diff\u00e9rences de salaire sont aussi une cons\u00e9quence honteuse de ces pr\u00e9jug\u00e9s. <\/p>\n\n\n\n<p class=\"justification_texte\"><a rel=\"noreferrer noopener\" aria-label=\"Chez iPaidThat (s\u2019ouvre dans un nouvel onglet)\" href=\"https:\/\/ipaidthat.io\/fr\/\" target=\"_blank\">Chez iPaidThat<\/a>, on m&rsquo;a accord\u00e9 une tr\u00e8s grande libert\u00e9 de d\u00e9cision et d&rsquo;ex\u00e9cution depuis le d\u00e9but. Apr\u00e8s avoir \u00e9t\u00e9 \u00ab\u00a0Responsable Marketing\u00a0\u00bb, je chapeaute maintenant toute la partie op\u00e9rationnelle de la bo\u00eete. Une femme \u00ab\u00a0Directrice G\u00e9n\u00e9rale\u00a0\u00bb dans une fintech, c&rsquo;est assez rare pour \u00eatre remarqu\u00e9 !<\/p>\n\n\n\n<h3><span class=\"underline--hover\">Tu penses que les choses vont s&rsquo;arranger ?<\/span><\/h3>\n\n\n\n<p class=\"justification_texte\">Oui, les choses changent et je le remarque au quotidien. Nous participons \u00e0 beaucoup de salons et l&rsquo;\u00e9volution est visible. Les femmes sont de plus en plus pr\u00e9sentes \u00e0 des postes importants. <\/p>\n\n\n\n<p class=\"justification_texte\">Plus globalement, toutes ces individualit\u00e9s qui se sont battus pour gagner leurs places commencent \u00e0 se structurer. Des organisations comme <a aria-label=\"Woman in Tech (s\u2019ouvre dans un nouvel onglet)\" rel=\"noreferrer noopener\" href=\"http:\/\/www.womenintechnologyfrance.com\/\" target=\"_blank\">Women in Tech<\/a> ou Women in Fintech font un bon travail. <\/p>\n\n\n\n<p class=\"justification_texte\">En ce qui concerne la mani\u00e8re de percevoir les femmes, il faut \u00e9duquer les esprits et faire changer les mentalit\u00e9s. L&rsquo;\u00e9ducation des futures g\u00e9n\u00e9rations est primordiale. Depuis que j&rsquo;occupe le poste de manager j&rsquo;essaye de faire ma part. Sans mettre les hommes \u00e0 part, j&rsquo;essaye de m&rsquo;entourer de jeunes femmes talentueuses et de les aider \u00e0 \u00e9voluer. <\/p>\n\n\n\n<p class=\"justification_texte\">Un bon manager ne devrait jamais faire de la r\u00e9tention de connaissances, l&rsquo;id\u00e9e est plut\u00f4t de transmettre son savoir. J&rsquo;aimerais pouvoir aider toutes les femmes avec lesquelles je travaille \u00e0 franchir des paliers. Je sais qu&rsquo;elles reprendront le flambeau et qu&rsquo;elles occuperont les postes cl\u00e9s de demain. <\/p>\n\n\n\n<hr class=\"wp-block-separator\"\/>\n\n\n\n<p class=\"justification_texte\"><a href=\"https:\/\/www.unwomen.org\/fr\/news\/in-focus\/international-womens-day\" target=\"_blank\" rel=\"noreferrer noopener\" aria-label=\"Le 8 mars prochain, la Journ\u00e9e internationale des droits des femmes nous rappellera que l'\u00e9galit\u00e9 est le combat de tous.  (s\u2019ouvre dans un nouvel onglet)\">Le 8 mars prochain, la Journ\u00e9e internationale des droits des femmes nous rappellera que l&rsquo;\u00e9galit\u00e9 est le combat de tous. <\/a><\/p>\n","protected":false},"excerpt":{"rendered":"<p>Pour le dernier article de la semaine, nous avons rendez-vous avec Anne-Sophie, directrice g\u00e9n\u00e9rale d&rsquo;iPaidThat. Elle nous \u00e9claire sur la situation des femmes et les raisons sous-jacentes qui sont \u00e0 l&rsquo;origine de ces in\u00e9galit\u00e9s. Anne-Sophie, COO Quel a \u00e9t\u00e9 ton parcours ? A l&rsquo;origine, je viens d&rsquo;une formation de droit. Je me suis ensuite sp\u00e9cialis\u00e9e [&hellip;]<\/p>\n","protected":false},"author":4,"featured_media":0,"comment_status":"open","ping_status":"open","sticky":false,"template":"","format":"standard","meta":{"footnotes":""},"categories":[4,3],"tags":[],"class_list":["post-3599","post","type-post","status-publish","format-standard","hentry","category-featured","category-nos-actualites"],"yoast_head":"<!-- This site is optimized with the Yoast SEO plugin v26.6 - https:\/\/yoast.com\/wordpress\/plugins\/seo\/ -->\n<title>Journ\u00e9e internationale des droits des femmes: portraits #5<\/title>\n<meta name=\"description\" content=\"\u00c0 l&#039;occasion de la journ\u00e9e internationale des droits des femmes, iPaidThat vous partage le portrait captivant de....\" \/>\n<meta name=\"robots\" content=\"index, follow, max-snippet:-1, max-image-preview:large, max-video-preview:-1\" \/>\n<link rel=\"canonical\" href=\"https:\/\/app.ipaidthat.io\/mag\/nos-actualites\/journee-internationale-des-droits-des-femmes-portraits-5\/\" \/>\n<meta property=\"og:locale\" content=\"fr_FR\" \/>\n<meta property=\"og:type\" content=\"article\" \/>\n<meta property=\"og:title\" content=\"Journ\u00e9e internationale des droits des femmes: portraits #5\" \/>\n<meta property=\"og:description\" content=\"\u00c0 l&#039;occasion de la journ\u00e9e internationale des droits des femmes, iPaidThat vous partage le portrait captivant de....\" \/>\n<meta property=\"og:url\" content=\"https:\/\/app.ipaidthat.io\/mag\/nos-actualites\/journee-internationale-des-droits-des-femmes-portraits-5\/\" \/>\n<meta property=\"og:site_name\" content=\"iPaidThat Mag\" \/>\n<meta property=\"article:published_time\" content=\"2020-03-06T16:13:11+00:00\" \/>\n<meta property=\"og:image\" content=\"https:\/\/ipaidthat.io\/mag\/wp-content\/uploads\/2020\/03\/Asl-ipt.png\" \/>\n<meta name=\"author\" content=\"S\u00e9bastien Claeys\" \/>\n<meta name=\"twitter:card\" content=\"summary_large_image\" \/>\n<meta name=\"twitter:label1\" content=\"\u00c9crit par\" \/>\n\t<meta name=\"twitter:data1\" content=\"S\u00e9bastien Claeys\" \/>\n\t<meta name=\"twitter:label2\" content=\"Dur\u00e9e de lecture estim\u00e9e\" \/>\n\t<meta name=\"twitter:data2\" content=\"3 minutes\" \/>\n<script type=\"application\/ld+json\" class=\"yoast-schema-graph\">{\"@context\":\"https:\/\/schema.org\",\"@graph\":[{\"@type\":\"Article\",\"@id\":\"https:\/\/app.ipaidthat.io\/mag\/nos-actualites\/journee-internationale-des-droits-des-femmes-portraits-5\/#article\",\"isPartOf\":{\"@id\":\"https:\/\/app.ipaidthat.io\/mag\/nos-actualites\/journee-internationale-des-droits-des-femmes-portraits-5\/\"},\"author\":{\"name\":\"S\u00e9bastien Claeys\",\"@id\":\"https:\/\/app.ipaidthat.io\/mag\/#\/schema\/person\/021144662586a12df79c88913050baaa\"},\"headline\":\"Journ\u00e9e internationale des droits des femmes: portraits #5\",\"datePublished\":\"2020-03-06T16:13:11+00:00\",\"mainEntityOfPage\":{\"@id\":\"https:\/\/app.ipaidthat.io\/mag\/nos-actualites\/journee-internationale-des-droits-des-femmes-portraits-5\/\"},\"wordCount\":583,\"commentCount\":0,\"publisher\":{\"@id\":\"https:\/\/app.ipaidthat.io\/mag\/#organization\"},\"image\":{\"@id\":\"https:\/\/app.ipaidthat.io\/mag\/nos-actualites\/journee-internationale-des-droits-des-femmes-portraits-5\/#primaryimage\"},\"thumbnailUrl\":\"https:\/\/ipaidthat.io\/mag\/wp-content\/uploads\/2020\/03\/Asl-ipt.png\",\"articleSection\":[\"Featured\",\"Nos Actualit\u00e9s\"],\"inLanguage\":\"fr-FR\",\"potentialAction\":[{\"@type\":\"CommentAction\",\"name\":\"Comment\",\"target\":[\"https:\/\/app.ipaidthat.io\/mag\/nos-actualites\/journee-internationale-des-droits-des-femmes-portraits-5\/#respond\"]}]},{\"@type\":\"WebPage\",\"@id\":\"https:\/\/app.ipaidthat.io\/mag\/nos-actualites\/journee-internationale-des-droits-des-femmes-portraits-5\/\",\"url\":\"https:\/\/app.ipaidthat.io\/mag\/nos-actualites\/journee-internationale-des-droits-des-femmes-portraits-5\/\",\"name\":\"Journ\u00e9e internationale des droits des femmes: portraits #5\",\"isPartOf\":{\"@id\":\"https:\/\/app.ipaidthat.io\/mag\/#website\"},\"primaryImageOfPage\":{\"@id\":\"https:\/\/app.ipaidthat.io\/mag\/nos-actualites\/journee-internationale-des-droits-des-femmes-portraits-5\/#primaryimage\"},\"image\":{\"@id\":\"https:\/\/app.ipaidthat.io\/mag\/nos-actualites\/journee-internationale-des-droits-des-femmes-portraits-5\/#primaryimage\"},\"thumbnailUrl\":\"https:\/\/ipaidthat.io\/mag\/wp-content\/uploads\/2020\/03\/Asl-ipt.png\",\"datePublished\":\"2020-03-06T16:13:11+00:00\",\"description\":\"\u00c0 l'occasion de la journ\u00e9e internationale des droits des femmes, iPaidThat vous partage le portrait captivant de....\",\"breadcrumb\":{\"@id\":\"https:\/\/app.ipaidthat.io\/mag\/nos-actualites\/journee-internationale-des-droits-des-femmes-portraits-5\/#breadcrumb\"},\"inLanguage\":\"fr-FR\",\"potentialAction\":[{\"@type\":\"ReadAction\",\"target\":[\"https:\/\/app.ipaidthat.io\/mag\/nos-actualites\/journee-internationale-des-droits-des-femmes-portraits-5\/\"]}]},{\"@type\":\"ImageObject\",\"inLanguage\":\"fr-FR\",\"@id\":\"https:\/\/app.ipaidthat.io\/mag\/nos-actualites\/journee-internationale-des-droits-des-femmes-portraits-5\/#primaryimage\",\"url\":\"https:\/\/ipaidthat.io\/mag\/wp-content\/uploads\/2020\/03\/Asl-ipt.png\",\"contentUrl\":\"https:\/\/ipaidthat.io\/mag\/wp-content\/uploads\/2020\/03\/Asl-ipt.png\"},{\"@type\":\"BreadcrumbList\",\"@id\":\"https:\/\/app.ipaidthat.io\/mag\/nos-actualites\/journee-internationale-des-droits-des-femmes-portraits-5\/#breadcrumb\",\"itemListElement\":[{\"@type\":\"ListItem\",\"position\":1,\"name\":\"Le Mag\",\"item\":\"https:\/\/app.ipaidthat.io\/mag\/\"},{\"@type\":\"ListItem\",\"position\":2,\"name\":\"Featured\",\"item\":\"https:\/\/app.ipaidthat.io\/mag\/category\/featured\/\"},{\"@type\":\"ListItem\",\"position\":3,\"name\":\"Journ\u00e9e internationale des droits des femmes: portraits #5\"}]},{\"@type\":\"WebSite\",\"@id\":\"https:\/\/app.ipaidthat.io\/mag\/#website\",\"url\":\"https:\/\/app.ipaidthat.io\/mag\/\",\"name\":\"IPaidThat Mag\",\"description\":\"Une gestion simple, automatis\u00e9e et collaborative\",\"publisher\":{\"@id\":\"https:\/\/app.ipaidthat.io\/mag\/#organization\"},\"potentialAction\":[{\"@type\":\"SearchAction\",\"target\":{\"@type\":\"EntryPoint\",\"urlTemplate\":\"https:\/\/app.ipaidthat.io\/mag\/?s={search_term_string}\"},\"query-input\":{\"@type\":\"PropertyValueSpecification\",\"valueRequired\":true,\"valueName\":\"search_term_string\"}}],\"inLanguage\":\"fr-FR\"},{\"@type\":\"Organization\",\"@id\":\"https:\/\/app.ipaidthat.io\/mag\/#organization\",\"name\":\"IPaidThat Mag\",\"url\":\"https:\/\/app.ipaidthat.io\/mag\/\",\"logo\":{\"@type\":\"ImageObject\",\"inLanguage\":\"fr-FR\",\"@id\":\"https:\/\/app.ipaidthat.io\/mag\/#\/schema\/logo\/image\/\",\"url\":\"https:\/\/app.ipaidthat.io\/mag\/wp-content\/uploads\/2025\/11\/logo-le-mag-blog-ipaidthat.png\",\"contentUrl\":\"https:\/\/app.ipaidthat.io\/mag\/wp-content\/uploads\/2025\/11\/logo-le-mag-blog-ipaidthat.png\",\"width\":1817,\"height\":524,\"caption\":\"IPaidThat Mag\"},\"image\":{\"@id\":\"https:\/\/app.ipaidthat.io\/mag\/#\/schema\/logo\/image\/\"}},{\"@type\":\"Person\",\"@id\":\"https:\/\/app.ipaidthat.io\/mag\/#\/schema\/person\/021144662586a12df79c88913050baaa\",\"name\":\"S\u00e9bastien Claeys\",\"image\":{\"@type\":\"ImageObject\",\"inLanguage\":\"fr-FR\",\"@id\":\"https:\/\/app.ipaidthat.io\/mag\/#\/schema\/person\/image\/\",\"url\":\"https:\/\/app.ipaidthat.io\/mag\/wp-content\/uploads\/2023\/02\/sebastien-clayes-ipaidthat-96x96.png\",\"contentUrl\":\"https:\/\/app.ipaidthat.io\/mag\/wp-content\/uploads\/2023\/02\/sebastien-clayes-ipaidthat-96x96.png\",\"caption\":\"S\u00e9bastien Claeys\"},\"url\":\"https:\/\/app.ipaidthat.io\/mag\/author\/sebastienipaidthat-io\/\"}]}<\/script>\n<!-- \/ Yoast SEO plugin. -->","yoast_head_json":{"title":"Journ\u00e9e internationale des droits des femmes: portraits #5","description":"\u00c0 l'occasion de la journ\u00e9e internationale des droits des femmes, iPaidThat vous partage le portrait captivant de....","robots":{"index":"index","follow":"follow","max-snippet":"max-snippet:-1","max-image-preview":"max-image-preview:large","max-video-preview":"max-video-preview:-1"},"canonical":"https:\/\/app.ipaidthat.io\/mag\/nos-actualites\/journee-internationale-des-droits-des-femmes-portraits-5\/","og_locale":"fr_FR","og_type":"article","og_title":"Journ\u00e9e internationale des droits des femmes: portraits #5","og_description":"\u00c0 l'occasion de la journ\u00e9e internationale des droits des femmes, iPaidThat vous partage le portrait captivant de....","og_url":"https:\/\/app.ipaidthat.io\/mag\/nos-actualites\/journee-internationale-des-droits-des-femmes-portraits-5\/","og_site_name":"iPaidThat Mag","article_published_time":"2020-03-06T16:13:11+00:00","og_image":[{"url":"https:\/\/ipaidthat.io\/mag\/wp-content\/uploads\/2020\/03\/Asl-ipt.png","type":"","width":"","height":""}],"author":"S\u00e9bastien Claeys","twitter_card":"summary_large_image","twitter_misc":{"\u00c9crit par":"S\u00e9bastien Claeys","Dur\u00e9e de lecture estim\u00e9e":"3 minutes"},"schema":{"@context":"https:\/\/schema.org","@graph":[{"@type":"Article","@id":"https:\/\/app.ipaidthat.io\/mag\/nos-actualites\/journee-internationale-des-droits-des-femmes-portraits-5\/#article","isPartOf":{"@id":"https:\/\/app.ipaidthat.io\/mag\/nos-actualites\/journee-internationale-des-droits-des-femmes-portraits-5\/"},"author":{"name":"S\u00e9bastien Claeys","@id":"https:\/\/app.ipaidthat.io\/mag\/#\/schema\/person\/021144662586a12df79c88913050baaa"},"headline":"Journ\u00e9e internationale des droits des femmes: portraits #5","datePublished":"2020-03-06T16:13:11+00:00","mainEntityOfPage":{"@id":"https:\/\/app.ipaidthat.io\/mag\/nos-actualites\/journee-internationale-des-droits-des-femmes-portraits-5\/"},"wordCount":583,"commentCount":0,"publisher":{"@id":"https:\/\/app.ipaidthat.io\/mag\/#organization"},"image":{"@id":"https:\/\/app.ipaidthat.io\/mag\/nos-actualites\/journee-internationale-des-droits-des-femmes-portraits-5\/#primaryimage"},"thumbnailUrl":"https:\/\/ipaidthat.io\/mag\/wp-content\/uploads\/2020\/03\/Asl-ipt.png","articleSection":["Featured","Nos Actualit\u00e9s"],"inLanguage":"fr-FR","potentialAction":[{"@type":"CommentAction","name":"Comment","target":["https:\/\/app.ipaidthat.io\/mag\/nos-actualites\/journee-internationale-des-droits-des-femmes-portraits-5\/#respond"]}]},{"@type":"WebPage","@id":"https:\/\/app.ipaidthat.io\/mag\/nos-actualites\/journee-internationale-des-droits-des-femmes-portraits-5\/","url":"https:\/\/app.ipaidthat.io\/mag\/nos-actualites\/journee-internationale-des-droits-des-femmes-portraits-5\/","name":"Journ\u00e9e internationale des droits des femmes: portraits #5","isPartOf":{"@id":"https:\/\/app.ipaidthat.io\/mag\/#website"},"primaryImageOfPage":{"@id":"https:\/\/app.ipaidthat.io\/mag\/nos-actualites\/journee-internationale-des-droits-des-femmes-portraits-5\/#primaryimage"},"image":{"@id":"https:\/\/app.ipaidthat.io\/mag\/nos-actualites\/journee-internationale-des-droits-des-femmes-portraits-5\/#primaryimage"},"thumbnailUrl":"https:\/\/ipaidthat.io\/mag\/wp-content\/uploads\/2020\/03\/Asl-ipt.png","datePublished":"2020-03-06T16:13:11+00:00","description":"\u00c0 l'occasion de la journ\u00e9e internationale des droits des femmes, iPaidThat vous partage le portrait captivant de....","breadcrumb":{"@id":"https:\/\/app.ipaidthat.io\/mag\/nos-actualites\/journee-internationale-des-droits-des-femmes-portraits-5\/#breadcrumb"},"inLanguage":"fr-FR","potentialAction":[{"@type":"ReadAction","target":["https:\/\/app.ipaidthat.io\/mag\/nos-actualites\/journee-internationale-des-droits-des-femmes-portraits-5\/"]}]},{"@type":"ImageObject","inLanguage":"fr-FR","@id":"https:\/\/app.ipaidthat.io\/mag\/nos-actualites\/journee-internationale-des-droits-des-femmes-portraits-5\/#primaryimage","url":"https:\/\/ipaidthat.io\/mag\/wp-content\/uploads\/2020\/03\/Asl-ipt.png","contentUrl":"https:\/\/ipaidthat.io\/mag\/wp-content\/uploads\/2020\/03\/Asl-ipt.png"},{"@type":"BreadcrumbList","@id":"https:\/\/app.ipaidthat.io\/mag\/nos-actualites\/journee-internationale-des-droits-des-femmes-portraits-5\/#breadcrumb","itemListElement":[{"@type":"ListItem","position":1,"name":"Le Mag","item":"https:\/\/app.ipaidthat.io\/mag\/"},{"@type":"ListItem","position":2,"name":"Featured","item":"https:\/\/app.ipaidthat.io\/mag\/category\/featured\/"},{"@type":"ListItem","position":3,"name":"Journ\u00e9e internationale des droits des femmes: portraits #5"}]},{"@type":"WebSite","@id":"https:\/\/app.ipaidthat.io\/mag\/#website","url":"https:\/\/app.ipaidthat.io\/mag\/","name":"IPaidThat Mag","description":"Une gestion simple, automatis\u00e9e et collaborative","publisher":{"@id":"https:\/\/app.ipaidthat.io\/mag\/#organization"},"potentialAction":[{"@type":"SearchAction","target":{"@type":"EntryPoint","urlTemplate":"https:\/\/app.ipaidthat.io\/mag\/?s={search_term_string}"},"query-input":{"@type":"PropertyValueSpecification","valueRequired":true,"valueName":"search_term_string"}}],"inLanguage":"fr-FR"},{"@type":"Organization","@id":"https:\/\/app.ipaidthat.io\/mag\/#organization","name":"IPaidThat Mag","url":"https:\/\/app.ipaidthat.io\/mag\/","logo":{"@type":"ImageObject","inLanguage":"fr-FR","@id":"https:\/\/app.ipaidthat.io\/mag\/#\/schema\/logo\/image\/","url":"https:\/\/app.ipaidthat.io\/mag\/wp-content\/uploads\/2025\/11\/logo-le-mag-blog-ipaidthat.png","contentUrl":"https:\/\/app.ipaidthat.io\/mag\/wp-content\/uploads\/2025\/11\/logo-le-mag-blog-ipaidthat.png","width":1817,"height":524,"caption":"IPaidThat Mag"},"image":{"@id":"https:\/\/app.ipaidthat.io\/mag\/#\/schema\/logo\/image\/"}},{"@type":"Person","@id":"https:\/\/app.ipaidthat.io\/mag\/#\/schema\/person\/021144662586a12df79c88913050baaa","name":"S\u00e9bastien Claeys","image":{"@type":"ImageObject","inLanguage":"fr-FR","@id":"https:\/\/app.ipaidthat.io\/mag\/#\/schema\/person\/image\/","url":"https:\/\/app.ipaidthat.io\/mag\/wp-content\/uploads\/2023\/02\/sebastien-clayes-ipaidthat-96x96.png","contentUrl":"https:\/\/app.ipaidthat.io\/mag\/wp-content\/uploads\/2023\/02\/sebastien-clayes-ipaidthat-96x96.png","caption":"S\u00e9bastien Claeys"},"url":"https:\/\/app.ipaidthat.io\/mag\/author\/sebastienipaidthat-io\/"}]}},"_links":{"self":[{"href":"https:\/\/app.ipaidthat.io\/mag\/wp-json\/wp\/v2\/posts\/3599","targetHints":{"allow":["GET"]}}],"collection":[{"href":"https:\/\/app.ipaidthat.io\/mag\/wp-json\/wp\/v2\/posts"}],"about":[{"href":"https:\/\/app.ipaidthat.io\/mag\/wp-json\/wp\/v2\/types\/post"}],"author":[{"embeddable":true,"href":"https:\/\/app.ipaidthat.io\/mag\/wp-json\/wp\/v2\/users\/4"}],"replies":[{"embeddable":true,"href":"https:\/\/app.ipaidthat.io\/mag\/wp-json\/wp\/v2\/comments?post=3599"}],"version-history":[{"count":0,"href":"https:\/\/app.ipaidthat.io\/mag\/wp-json\/wp\/v2\/posts\/3599\/revisions"}],"wp:attachment":[{"href":"https:\/\/app.ipaidthat.io\/mag\/wp-json\/wp\/v2\/media?parent=3599"}],"wp:term":[{"taxonomy":"category","embeddable":true,"href":"https:\/\/app.ipaidthat.io\/mag\/wp-json\/wp\/v2\/categories?post=3599"},{"taxonomy":"post_tag","embeddable":true,"href":"https:\/\/app.ipaidthat.io\/mag\/wp-json\/wp\/v2\/tags?post=3599"}],"curies":[{"name":"wp","href":"https:\/\/api.w.org\/{rel}","templated":true}]}}