{"id":3565,"date":"2020-03-04T18:17:02","date_gmt":"2020-03-04T17:17:02","guid":{"rendered":"https:\/\/ipaidthat.io\/mag\/?p=3565"},"modified":"2020-03-04T18:17:02","modified_gmt":"2020-03-04T17:17:02","slug":"journee-internationale-des-droits-des-femmes-portraits-3","status":"publish","type":"post","link":"https:\/\/app.ipaidthat.io\/mag\/nos-actualites\/journee-internationale-des-droits-des-femmes-portraits-3\/","title":{"rendered":"Journ\u00e9e internationale des droits des femmes: portraits #3"},"content":{"rendered":"\n<p class=\"justification_texte\">L&rsquo;article d&rsquo;hier nous a permis d&rsquo;en savoir plus sur Rita et son parcours. Elle a pu nous apporter un regard ext\u00e9rieur sur l&rsquo;\u00e9galit\u00e9 homme-femme en France, et nous en apprendre plus sur la situation dans d&rsquo;autres pays. C&rsquo;est maintenant au tour de Laur\u00e8ne, \u00ab\u00a0BizDev\u00a0\u00bb chez iPaidThat de nous faire part de son ressenti sur ces questions. <\/p>\n\n\n\n<h2 class=\"wp-block-heading\"><strong>Laur\u00e8ne, Business Developer <\/strong><\/h2>\n\n\n\n<figure class=\"wp-block-image aligncenter size-large is-resized\"><img decoding=\"async\" src=\"https:\/\/ipaidthat.io\/mag\/wp-content\/uploads\/2020\/03\/Laur\u00e8ne-ipt.png\" alt=\"Laur\u00e8ne iPaidThat\n\" class=\"wp-image-3567\" style=\"width:314px;height:314px\"\/><figcaption class=\"wp-element-caption\"> Laur\u00e8ne, bizdev de talent aux id\u00e9es innovantes <\/figcaption><\/figure>\n\n\n\n<h3><span class=\"underline--hover\">Quel a \u00e9t\u00e9 ton parcours ? <\/span><\/h3>\n\n\n\n<p class=\"justification_texte\">J&rsquo;ai commenc\u00e9 par une formation de web-marketing en 3 ans. Apr\u00e8s ce cursus j&rsquo;ai int\u00e9gr\u00e9 l&rsquo;EM Grenoble en master \u00ab\u00a0Syst\u00e8me d&rsquo;informations et num\u00e9rique\u00a0\u00bb. J&rsquo;ai eu la chance de pouvoir faire un \u00e9change de 6 mois avec HEC Montr\u00e9al, cette exp\u00e9rience m&rsquo;a beaucoup apport\u00e9. <\/p>\n\n\n\n<p class=\"justification_texte\">En ce qui concerne mon parcours professionnel, j&rsquo;ai surtout fait des stages avant de rejoindre iPaidThat. D&rsquo;abord en agence de com puis dans une start-up de tourisme m\u00e9dical. <\/p>\n\n\n\n<p class=\"justification_texte\">Depuis mon arriv\u00e9e chez iPaidThat, je m&rsquo;occupe d&rsquo;amener les cabinets comptables et leurs clients \u00e0 utiliser iPaidThat. Cela repr\u00e9sente une r\u00e9elle mission d&rsquo;accompagnement depuis la signature jusqu&rsquo;\u00e0 la prise en main compl\u00e8te du produit. Je pense qu&rsquo;il est important que l&rsquo;expert-comptable se sente assez \u00e0 l&rsquo;aise pour inviter le plus de clients possible \u00e0 utiliser iPaidThat. C&rsquo;est une responsabilit\u00e9 que je suis contente d&rsquo;assumer car les experts-comptables sont tr\u00e8s importants pour notre activit\u00e9. J&rsquo;organise aussi des \u00e9v\u00e9nements promotionnels avec Rita. <\/p>\n\n\n\n<h3><span class=\"underline--hover\">Quel constat fais-tu sur le respect des droits des femmes dans le monde professionnel ?<\/span><\/h3>\n\n\n\n<p class=\"justification_texte\">Pour \u00eatre honn\u00eate, je n&rsquo;ai pas vraiment constat\u00e9 un d\u00e9s\u00e9quilibre homme-femme dans mes diff\u00e9rentes exp\u00e9riences. Lors de mes deux stages, mes responsables \u00e9taient des femmes et elles avaient beaucoup de poids dans l&rsquo;entreprise. C&rsquo;est aussi le cas chez iPaidThat avec Anne-Sophie qui est directrice g\u00e9n\u00e9rale. <\/p>\n\n\n\n<p class=\"justification_texte\">En revanche, il suffit de se renseigner un peu pour voir qu&rsquo;il existe plus largement des in\u00e9galit\u00e9s profondes entre hommes et femmes. Je pense, par exemple, aux diff\u00e9rences de salaires pour le m\u00eame poste entre les deux sexes qui sont scandaleuses. Dans mon activit\u00e9, il y a parfois une diff\u00e9rence de traitement dans le rapport avec les clients. J&rsquo;ai l&rsquo;impression que je suis moins prise au s\u00e9rieux que mes coll\u00e8gues lorsque je parle de comptabilit\u00e9. <\/p>\n\n\n\n<p class=\"justification_texte\">Cette perception de la femme est largement influenc\u00e9e par des ann\u00e9es d&rsquo;in\u00e9galit\u00e9s et de faits de soci\u00e9t\u00e9 qui ont biais\u00e9 l&rsquo;image des femmes. Je reste n\u00e9anmoins \u00e9quilibr\u00e9, il existe aujourd&rsquo;hui de nombreuses femmes qui r\u00e9ussissent \u00e0 tr\u00e8s bien sans sortir. Il ne faudrait pas dresser un tableau trop sombre. Globalement, tout le monde voudrait \u00e9voluer dans une soci\u00e9t\u00e9 plus \u00e9galitaire et c&rsquo;est le but vers lequel nous devons tendre.<\/p>\n\n\n\n<h3><span class=\"underline--hover\">Tu penses que les choses vont s&rsquo;arranger ?<\/span><\/h3>\n\n\n\n<p class=\"justification_texte\">Oui, j&rsquo;en suis sur. Les mentalit\u00e9s vont \u00e9voluer et de plus en plus de femmes vont occuper des postes importants. Dans de nombreuses startups, <a aria-label=\"notamment chez iPaidThat (s\u2019ouvre dans un nouvel onglet)\" href=\"https:\/\/ipaidthat.io\/fr\/?utm_source=mag&amp;utm_campaign=texte&amp;utm_content=texte\" target=\"_blank\" rel=\"noreferrer noopener\">notamment chez iPaidThat<\/a>, le rapport de force est \u00e9galitaire. Il n&rsquo;y a pas d&rsquo;ascendants des hommes de la bo\u00eete sur nous et nos id\u00e9es sont aussi importantes que les leurs. Pour toutes ces raisons, je ne vois pas les choses stagner pendant encore 10 ans, le changement a \u00e9t\u00e9 initi\u00e9, il se poursuit et d&rsquo;ici 5 ou 6 ans, les choses devraient \u00eatre bien plus \u00e9quitables.<\/p>\n\n\n\n<p>Pour en savoir plus, rendez-vous sur <a href=\"https:\/\/www.unwomen.org\/fr\">www.unwomen.org<\/a>. <\/p>\n","protected":false},"excerpt":{"rendered":"<p>L&rsquo;article d&rsquo;hier nous a permis d&rsquo;en savoir plus sur Rita et son parcours. Elle a pu nous apporter un regard ext\u00e9rieur sur l&rsquo;\u00e9galit\u00e9 homme-femme en France, et nous en apprendre plus sur la situation dans d&rsquo;autres pays. C&rsquo;est maintenant au tour de Laur\u00e8ne, \u00ab\u00a0BizDev\u00a0\u00bb chez iPaidThat de nous faire part de son ressenti sur ces [&hellip;]<\/p>\n","protected":false},"author":4,"featured_media":0,"comment_status":"open","ping_status":"open","sticky":false,"template":"","format":"standard","meta":{"footnotes":""},"categories":[4,3],"tags":[],"class_list":["post-3565","post","type-post","status-publish","format-standard","hentry","category-featured","category-nos-actualites"],"yoast_head":"<!-- This site is optimized with the Yoast SEO plugin v26.6 - https:\/\/yoast.com\/wordpress\/plugins\/seo\/ -->\n<title>Journ\u00e9e internationale des droits des femmes: portraits #3<\/title>\n<meta name=\"description\" content=\"Le 8 mars aura lieu la journ\u00e9e internationale des droits des femmes. A cette occasion, d\u00e9couvrez le portrait de 5 professionnelles talentueuses.\" \/>\n<meta name=\"robots\" content=\"index, follow, max-snippet:-1, max-image-preview:large, max-video-preview:-1\" \/>\n<link rel=\"canonical\" href=\"https:\/\/app.ipaidthat.io\/mag\/nos-actualites\/journee-internationale-des-droits-des-femmes-portraits-3\/\" \/>\n<meta property=\"og:locale\" content=\"fr_FR\" \/>\n<meta property=\"og:type\" content=\"article\" \/>\n<meta property=\"og:title\" content=\"Journ\u00e9e internationale des droits des femmes: portraits #3\" \/>\n<meta property=\"og:description\" content=\"Le 8 mars aura lieu la journ\u00e9e internationale des droits des femmes. A cette occasion, d\u00e9couvrez le portrait de 5 professionnelles talentueuses.\" \/>\n<meta property=\"og:url\" content=\"https:\/\/app.ipaidthat.io\/mag\/nos-actualites\/journee-internationale-des-droits-des-femmes-portraits-3\/\" \/>\n<meta property=\"og:site_name\" content=\"iPaidThat Mag\" \/>\n<meta property=\"article:published_time\" content=\"2020-03-04T17:17:02+00:00\" \/>\n<meta name=\"author\" content=\"S\u00e9bastien Claeys\" \/>\n<meta name=\"twitter:card\" content=\"summary_large_image\" \/>\n<meta name=\"twitter:label1\" content=\"\u00c9crit par\" \/>\n\t<meta name=\"twitter:data1\" content=\"S\u00e9bastien Claeys\" \/>\n\t<meta name=\"twitter:label2\" content=\"Dur\u00e9e de lecture estim\u00e9e\" \/>\n\t<meta name=\"twitter:data2\" content=\"3 minutes\" \/>\n<script type=\"application\/ld+json\" class=\"yoast-schema-graph\">{\"@context\":\"https:\/\/schema.org\",\"@graph\":[{\"@type\":\"Article\",\"@id\":\"https:\/\/app.ipaidthat.io\/mag\/nos-actualites\/journee-internationale-des-droits-des-femmes-portraits-3\/#article\",\"isPartOf\":{\"@id\":\"https:\/\/app.ipaidthat.io\/mag\/nos-actualites\/journee-internationale-des-droits-des-femmes-portraits-3\/\"},\"author\":{\"name\":\"S\u00e9bastien Claeys\",\"@id\":\"https:\/\/app.ipaidthat.io\/mag\/#\/schema\/person\/021144662586a12df79c88913050baaa\"},\"headline\":\"Journ\u00e9e internationale des droits des femmes: portraits #3\",\"datePublished\":\"2020-03-04T17:17:02+00:00\",\"mainEntityOfPage\":{\"@id\":\"https:\/\/app.ipaidthat.io\/mag\/nos-actualites\/journee-internationale-des-droits-des-femmes-portraits-3\/\"},\"wordCount\":612,\"commentCount\":0,\"publisher\":{\"@id\":\"https:\/\/app.ipaidthat.io\/mag\/#organization\"},\"articleSection\":[\"Featured\",\"Nos Actualit\u00e9s\"],\"inLanguage\":\"fr-FR\",\"potentialAction\":[{\"@type\":\"CommentAction\",\"name\":\"Comment\",\"target\":[\"https:\/\/app.ipaidthat.io\/mag\/nos-actualites\/journee-internationale-des-droits-des-femmes-portraits-3\/#respond\"]}]},{\"@type\":\"WebPage\",\"@id\":\"https:\/\/app.ipaidthat.io\/mag\/nos-actualites\/journee-internationale-des-droits-des-femmes-portraits-3\/\",\"url\":\"https:\/\/app.ipaidthat.io\/mag\/nos-actualites\/journee-internationale-des-droits-des-femmes-portraits-3\/\",\"name\":\"Journ\u00e9e internationale des droits des femmes: portraits #3\",\"isPartOf\":{\"@id\":\"https:\/\/app.ipaidthat.io\/mag\/#website\"},\"datePublished\":\"2020-03-04T17:17:02+00:00\",\"description\":\"Le 8 mars aura lieu la journ\u00e9e internationale des droits des femmes. A cette occasion, d\u00e9couvrez le portrait de 5 professionnelles talentueuses.\",\"breadcrumb\":{\"@id\":\"https:\/\/app.ipaidthat.io\/mag\/nos-actualites\/journee-internationale-des-droits-des-femmes-portraits-3\/#breadcrumb\"},\"inLanguage\":\"fr-FR\",\"potentialAction\":[{\"@type\":\"ReadAction\",\"target\":[\"https:\/\/app.ipaidthat.io\/mag\/nos-actualites\/journee-internationale-des-droits-des-femmes-portraits-3\/\"]}]},{\"@type\":\"BreadcrumbList\",\"@id\":\"https:\/\/app.ipaidthat.io\/mag\/nos-actualites\/journee-internationale-des-droits-des-femmes-portraits-3\/#breadcrumb\",\"itemListElement\":[{\"@type\":\"ListItem\",\"position\":1,\"name\":\"Le Mag\",\"item\":\"https:\/\/app.ipaidthat.io\/mag\/\"},{\"@type\":\"ListItem\",\"position\":2,\"name\":\"Featured\",\"item\":\"https:\/\/app.ipaidthat.io\/mag\/category\/featured\/\"},{\"@type\":\"ListItem\",\"position\":3,\"name\":\"Journ\u00e9e internationale des droits des femmes: portraits #3\"}]},{\"@type\":\"WebSite\",\"@id\":\"https:\/\/app.ipaidthat.io\/mag\/#website\",\"url\":\"https:\/\/app.ipaidthat.io\/mag\/\",\"name\":\"IPaidThat Mag\",\"description\":\"Une gestion simple, automatis\u00e9e et collaborative\",\"publisher\":{\"@id\":\"https:\/\/app.ipaidthat.io\/mag\/#organization\"},\"potentialAction\":[{\"@type\":\"SearchAction\",\"target\":{\"@type\":\"EntryPoint\",\"urlTemplate\":\"https:\/\/app.ipaidthat.io\/mag\/?s={search_term_string}\"},\"query-input\":{\"@type\":\"PropertyValueSpecification\",\"valueRequired\":true,\"valueName\":\"search_term_string\"}}],\"inLanguage\":\"fr-FR\"},{\"@type\":\"Organization\",\"@id\":\"https:\/\/app.ipaidthat.io\/mag\/#organization\",\"name\":\"IPaidThat Mag\",\"url\":\"https:\/\/app.ipaidthat.io\/mag\/\",\"logo\":{\"@type\":\"ImageObject\",\"inLanguage\":\"fr-FR\",\"@id\":\"https:\/\/app.ipaidthat.io\/mag\/#\/schema\/logo\/image\/\",\"url\":\"https:\/\/app.ipaidthat.io\/mag\/wp-content\/uploads\/2025\/11\/logo-le-mag-blog-ipaidthat.png\",\"contentUrl\":\"https:\/\/app.ipaidthat.io\/mag\/wp-content\/uploads\/2025\/11\/logo-le-mag-blog-ipaidthat.png\",\"width\":1817,\"height\":524,\"caption\":\"IPaidThat Mag\"},\"image\":{\"@id\":\"https:\/\/app.ipaidthat.io\/mag\/#\/schema\/logo\/image\/\"}},{\"@type\":\"Person\",\"@id\":\"https:\/\/app.ipaidthat.io\/mag\/#\/schema\/person\/021144662586a12df79c88913050baaa\",\"name\":\"S\u00e9bastien Claeys\",\"image\":{\"@type\":\"ImageObject\",\"inLanguage\":\"fr-FR\",\"@id\":\"https:\/\/app.ipaidthat.io\/mag\/#\/schema\/person\/image\/\",\"url\":\"https:\/\/app.ipaidthat.io\/mag\/wp-content\/uploads\/2023\/02\/sebastien-clayes-ipaidthat-96x96.png\",\"contentUrl\":\"https:\/\/app.ipaidthat.io\/mag\/wp-content\/uploads\/2023\/02\/sebastien-clayes-ipaidthat-96x96.png\",\"caption\":\"S\u00e9bastien Claeys\"},\"url\":\"https:\/\/app.ipaidthat.io\/mag\/author\/sebastienipaidthat-io\/\"}]}<\/script>\n<!-- \/ Yoast SEO plugin. -->","yoast_head_json":{"title":"Journ\u00e9e internationale des droits des femmes: portraits #3","description":"Le 8 mars aura lieu la journ\u00e9e internationale des droits des femmes. A cette occasion, d\u00e9couvrez le portrait de 5 professionnelles talentueuses.","robots":{"index":"index","follow":"follow","max-snippet":"max-snippet:-1","max-image-preview":"max-image-preview:large","max-video-preview":"max-video-preview:-1"},"canonical":"https:\/\/app.ipaidthat.io\/mag\/nos-actualites\/journee-internationale-des-droits-des-femmes-portraits-3\/","og_locale":"fr_FR","og_type":"article","og_title":"Journ\u00e9e internationale des droits des femmes: portraits #3","og_description":"Le 8 mars aura lieu la journ\u00e9e internationale des droits des femmes. A cette occasion, d\u00e9couvrez le portrait de 5 professionnelles talentueuses.","og_url":"https:\/\/app.ipaidthat.io\/mag\/nos-actualites\/journee-internationale-des-droits-des-femmes-portraits-3\/","og_site_name":"iPaidThat Mag","article_published_time":"2020-03-04T17:17:02+00:00","author":"S\u00e9bastien Claeys","twitter_card":"summary_large_image","twitter_misc":{"\u00c9crit par":"S\u00e9bastien Claeys","Dur\u00e9e de lecture estim\u00e9e":"3 minutes"},"schema":{"@context":"https:\/\/schema.org","@graph":[{"@type":"Article","@id":"https:\/\/app.ipaidthat.io\/mag\/nos-actualites\/journee-internationale-des-droits-des-femmes-portraits-3\/#article","isPartOf":{"@id":"https:\/\/app.ipaidthat.io\/mag\/nos-actualites\/journee-internationale-des-droits-des-femmes-portraits-3\/"},"author":{"name":"S\u00e9bastien Claeys","@id":"https:\/\/app.ipaidthat.io\/mag\/#\/schema\/person\/021144662586a12df79c88913050baaa"},"headline":"Journ\u00e9e internationale des droits des femmes: portraits #3","datePublished":"2020-03-04T17:17:02+00:00","mainEntityOfPage":{"@id":"https:\/\/app.ipaidthat.io\/mag\/nos-actualites\/journee-internationale-des-droits-des-femmes-portraits-3\/"},"wordCount":612,"commentCount":0,"publisher":{"@id":"https:\/\/app.ipaidthat.io\/mag\/#organization"},"articleSection":["Featured","Nos Actualit\u00e9s"],"inLanguage":"fr-FR","potentialAction":[{"@type":"CommentAction","name":"Comment","target":["https:\/\/app.ipaidthat.io\/mag\/nos-actualites\/journee-internationale-des-droits-des-femmes-portraits-3\/#respond"]}]},{"@type":"WebPage","@id":"https:\/\/app.ipaidthat.io\/mag\/nos-actualites\/journee-internationale-des-droits-des-femmes-portraits-3\/","url":"https:\/\/app.ipaidthat.io\/mag\/nos-actualites\/journee-internationale-des-droits-des-femmes-portraits-3\/","name":"Journ\u00e9e internationale des droits des femmes: portraits #3","isPartOf":{"@id":"https:\/\/app.ipaidthat.io\/mag\/#website"},"datePublished":"2020-03-04T17:17:02+00:00","description":"Le 8 mars aura lieu la journ\u00e9e internationale des droits des femmes. A cette occasion, d\u00e9couvrez le portrait de 5 professionnelles talentueuses.","breadcrumb":{"@id":"https:\/\/app.ipaidthat.io\/mag\/nos-actualites\/journee-internationale-des-droits-des-femmes-portraits-3\/#breadcrumb"},"inLanguage":"fr-FR","potentialAction":[{"@type":"ReadAction","target":["https:\/\/app.ipaidthat.io\/mag\/nos-actualites\/journee-internationale-des-droits-des-femmes-portraits-3\/"]}]},{"@type":"BreadcrumbList","@id":"https:\/\/app.ipaidthat.io\/mag\/nos-actualites\/journee-internationale-des-droits-des-femmes-portraits-3\/#breadcrumb","itemListElement":[{"@type":"ListItem","position":1,"name":"Le Mag","item":"https:\/\/app.ipaidthat.io\/mag\/"},{"@type":"ListItem","position":2,"name":"Featured","item":"https:\/\/app.ipaidthat.io\/mag\/category\/featured\/"},{"@type":"ListItem","position":3,"name":"Journ\u00e9e internationale des droits des femmes: portraits #3"}]},{"@type":"WebSite","@id":"https:\/\/app.ipaidthat.io\/mag\/#website","url":"https:\/\/app.ipaidthat.io\/mag\/","name":"IPaidThat Mag","description":"Une gestion simple, automatis\u00e9e et collaborative","publisher":{"@id":"https:\/\/app.ipaidthat.io\/mag\/#organization"},"potentialAction":[{"@type":"SearchAction","target":{"@type":"EntryPoint","urlTemplate":"https:\/\/app.ipaidthat.io\/mag\/?s={search_term_string}"},"query-input":{"@type":"PropertyValueSpecification","valueRequired":true,"valueName":"search_term_string"}}],"inLanguage":"fr-FR"},{"@type":"Organization","@id":"https:\/\/app.ipaidthat.io\/mag\/#organization","name":"IPaidThat Mag","url":"https:\/\/app.ipaidthat.io\/mag\/","logo":{"@type":"ImageObject","inLanguage":"fr-FR","@id":"https:\/\/app.ipaidthat.io\/mag\/#\/schema\/logo\/image\/","url":"https:\/\/app.ipaidthat.io\/mag\/wp-content\/uploads\/2025\/11\/logo-le-mag-blog-ipaidthat.png","contentUrl":"https:\/\/app.ipaidthat.io\/mag\/wp-content\/uploads\/2025\/11\/logo-le-mag-blog-ipaidthat.png","width":1817,"height":524,"caption":"IPaidThat Mag"},"image":{"@id":"https:\/\/app.ipaidthat.io\/mag\/#\/schema\/logo\/image\/"}},{"@type":"Person","@id":"https:\/\/app.ipaidthat.io\/mag\/#\/schema\/person\/021144662586a12df79c88913050baaa","name":"S\u00e9bastien Claeys","image":{"@type":"ImageObject","inLanguage":"fr-FR","@id":"https:\/\/app.ipaidthat.io\/mag\/#\/schema\/person\/image\/","url":"https:\/\/app.ipaidthat.io\/mag\/wp-content\/uploads\/2023\/02\/sebastien-clayes-ipaidthat-96x96.png","contentUrl":"https:\/\/app.ipaidthat.io\/mag\/wp-content\/uploads\/2023\/02\/sebastien-clayes-ipaidthat-96x96.png","caption":"S\u00e9bastien Claeys"},"url":"https:\/\/app.ipaidthat.io\/mag\/author\/sebastienipaidthat-io\/"}]}},"_links":{"self":[{"href":"https:\/\/app.ipaidthat.io\/mag\/wp-json\/wp\/v2\/posts\/3565","targetHints":{"allow":["GET"]}}],"collection":[{"href":"https:\/\/app.ipaidthat.io\/mag\/wp-json\/wp\/v2\/posts"}],"about":[{"href":"https:\/\/app.ipaidthat.io\/mag\/wp-json\/wp\/v2\/types\/post"}],"author":[{"embeddable":true,"href":"https:\/\/app.ipaidthat.io\/mag\/wp-json\/wp\/v2\/users\/4"}],"replies":[{"embeddable":true,"href":"https:\/\/app.ipaidthat.io\/mag\/wp-json\/wp\/v2\/comments?post=3565"}],"version-history":[{"count":0,"href":"https:\/\/app.ipaidthat.io\/mag\/wp-json\/wp\/v2\/posts\/3565\/revisions"}],"wp:attachment":[{"href":"https:\/\/app.ipaidthat.io\/mag\/wp-json\/wp\/v2\/media?parent=3565"}],"wp:term":[{"taxonomy":"category","embeddable":true,"href":"https:\/\/app.ipaidthat.io\/mag\/wp-json\/wp\/v2\/categories?post=3565"},{"taxonomy":"post_tag","embeddable":true,"href":"https:\/\/app.ipaidthat.io\/mag\/wp-json\/wp\/v2\/tags?post=3565"}],"curies":[{"name":"wp","href":"https:\/\/api.w.org\/{rel}","templated":true}]}}