{"id":3508,"date":"2020-03-03T17:02:44","date_gmt":"2020-03-03T16:02:44","guid":{"rendered":"https:\/\/ipaidthat.io\/mag\/?p=3508"},"modified":"2020-03-03T17:02:44","modified_gmt":"2020-03-03T16:02:44","slug":"journee-internationale-des-droits-des-femmes-portraits-2","status":"publish","type":"post","link":"https:\/\/app.ipaidthat.io\/mag\/nos-actualites\/journee-internationale-des-droits-des-femmes-portraits-2\/","title":{"rendered":"Journ\u00e9e internationale des droits des femmes: portraits #2"},"content":{"rendered":"\n<p>Hier, nous parlions de la place des femmes dans certains secteurs d&rsquo;activit\u00e9 avec Emma, responsable du service client. Notre s\u00e9rie d&rsquo;articles pour la Journ\u00e9e internationale des droits des femmes continue. Aujourd&rsquo;hui, nous vous pr\u00e9sentons Rita, responsable des partenariats chez iPaidThat. <\/p>\n\n\n\n<h2 class=\"wp-block-heading\"><strong>Rita, responsable des partenariats <\/strong><\/h2>\n\n\n\n<div class=\"wp-block-image\"><figure class=\"aligncenter size-large is-resized\"><img fetchpriority=\"high\" decoding=\"async\" src=\"https:\/\/ipaidthat.io\/mag\/wp-content\/uploads\/2020\/02\/Screen-Shot-2020-02-28-at-5.40.22-PM.png\" alt=\"Rita iPaidThat\" class=\"wp-image-3483\" width=\"294\" height=\"331\"\/><figcaption>Rita, la meilleure networkeuse de Paris<\/figcaption><\/figure><\/div>\n\n\n\n<h3><span class=\"underline--hover\">Quel a \u00e9t\u00e9 ton parcours ? <\/span><\/h3>\n\n\n\n<p class=\"justification_texte\">Je suis originaire du Liban o\u00f9 j&rsquo;ai effectu\u00e9 une grande partie de ma scolarit\u00e9. D&rsquo;abord au lyc\u00e9e, puis dans le sup\u00e9rieur avec un Bachelor \u00ab\u00a0Business et Management\u00a0\u00bb. J&rsquo;ai ensuite eu une exp\u00e9rience significative d&rsquo;un an et demi chez Coca-Cola. Ce fut une tr\u00e8s belle exp\u00e9rience. Il \u00e9tait temps pour moi d&rsquo;aller \u00e0 l&rsquo;aventure, j&rsquo;ai donc fait le choix de finir mes \u00e9tudes en France.<\/p>\n\n\n\n<p class=\"justification_texte\">A mon arriv\u00e9e j&rsquo;ai poursuivi mon cursus en master 1 \u00ab\u00a0International Marketing\u00a0\u00bb en parall\u00e8le j&rsquo;ai offici\u00e9 au sein du service \u00ab\u00a0Marketing strat\u00e9gique\u00a0\u00bb dans une agence immobili\u00e8re. Le fait d&rsquo;\u00eatre en contact r\u00e9gulier avec des clients m&rsquo;a grandement aid\u00e9 \u00e0 am\u00e9liorer mon fran\u00e7ais. J&rsquo;\u00e9tudie actuellement le \u00ab\u00a0International Brand Management and Marketing\u00a0\u00bb en MBA, en parall\u00e8le je m&rsquo;occupe des partenariats ainsi que des \u00e9v\u00e9nements chez iPaidThat. J&rsquo;ai choisi iPaidThat car le produit, l&rsquo;\u00e9quipe, et l&rsquo;ambiance de travail m&rsquo;ont beaucoup plu.<\/p>\n\n\n\n<p class=\"justification_texte\">Au quotidien, j&rsquo;organise des partenariats d&rsquo;affiliation et des \u00e9changes de visibilit\u00e9 avec d&rsquo;autres entreprises. Je me charge aussi d&rsquo;organiser divers \u00e9v\u00e9nements: pop-ups, afterworks, petit-d\u00e9jeuner, pour promouvoir iPaidThat aupr\u00e8s du plus grand nombre. Je rejoins aussi l&rsquo;\u00e9quipe commerciale lors des salons, notamment pour \u00e9changer avec les acteurs du milieu et trouver des opportunit\u00e9s de partenariat. <\/p>\n\n\n\n<h3><span class=\"underline--hover\">Quel constat fais-tu sur le respect des droits des femmes dans le monde professionnel ?<\/span><\/h3>\n\n\n\n<p class=\"justification_texte\">J&rsquo;ai souvent constat\u00e9 des in\u00e9galit\u00e9s entre hommes et femmes au Liban et dans le Moyen-Orient en g\u00e9n\u00e9ral. En arrivant en France j&rsquo;ai pu constater que les in\u00e9galit\u00e9s li\u00e9es au sexe sont moins importantes. En mati\u00e8re de salaire notamment ou de pr\u00e9sence des femmes aux postes importants. Je ne sais pas pourquoi ces ph\u00e9nom\u00e8nes sont aussi r\u00e9currents, il semble que les hommes ne nous font pas assez confiance pour prendre des d\u00e9cisions. Cette ambiance de travail n&rsquo;est pas saine, et il est difficile de s&rsquo;y sentir bien.<\/p>\n\n\n\n<p class=\"justification_texte\">Les femmes sont souvent des \u00ab\u00a0hard-workers\u00a0\u00bb, c&rsquo;est un fait. Je ne veux pas dire que les hommes sont fain\u00e9ants, simplement ils sont souvent plus r\u00e9compens\u00e9s pour une charge de travail \u00e9gale et m\u00eame moindre que celle des femmes. Je suis pour une meilleure estime du travail fait par toutes ces femmes qui donnent tous pour leurs entreprises. <\/p>\n\n\n\n<p class=\"justification_texte\">Personnellement, lorsque je n\u00e9gocie des partenariats, mes interlocuteurs masculins ont tendance \u00e0 vouloir parler de sujets personnels, comme mon accent ou mes origines. Pour ma part, je tiens \u00e0 ce que ces entretiens restent professionnels. Je suis d&rsquo;ailleurs persuad\u00e9 que de telles libert\u00e9s ne sont pas prises quand l&rsquo;interlocuteur est un homme. <\/p>\n\n\n\n<p class=\"justification_texte\"><a rel=\"noreferrer noopener\" aria-label=\"Chez iPaidThat (s\u2019ouvre dans un nouvel onglet)\" href=\"https:\/\/ipaidthat.io\/fr\/?utm_source=mag&amp;utm_campaign=texte&amp;utm_content=texte\" target=\"_blank\">Chez iPaidThat<\/a>, il y a une volont\u00e9 r\u00e9elle de respecter la parit\u00e9 dans l&rsquo;\u00e9quipe, m\u00eame si  certains d\u00e9parts ont caus\u00e9 un d\u00e9s\u00e9quilibre. Nos id\u00e9es et nos envies comptent et nous avons la libert\u00e9 de les mettre en place. Nous avons voix au chapitre, au m\u00eame titre que les gar\u00e7ons. <\/p>\n\n\n\n<h3><span class=\"underline--hover\">Tu penses que les choses vont s&rsquo;arranger ?<\/span><\/h3>\n\n\n\n<p class=\"justification_texte\">Oui je pense que les choses iront mieux d&rsquo;ici 5 ans. Nous sommes la nouvelle g\u00e9n\u00e9ration et nous allons trouver des solutions. Nous avons constat\u00e9 les s\u00e9quelles que laissaient ces in\u00e9galit\u00e9s et nous avons, dans la grande majorit\u00e9, envie que les choses changent. De nombreuses femmes ont d\u00e9j\u00e0 initi\u00e9 ce changement et nous souhaitons le poursuivre <\/p>\n\n\n\n<p><a href=\"https:\/\/ipaidthat.io\/mag\/nos-actualites\/journee-internationale-des-droits-des-femmes-portraits-3\/\" target=\"_blank\" rel=\"noreferrer noopener\" aria-label=\" (s\u2019ouvre dans un nouvel onglet)\"><em>L&rsquo;article de demain s&rsquo;int\u00e9ressera \u00e0 Laur\u00e8ne<\/em>, notre talentueuse et cr\u00e9ative bizdev.<\/a><\/p>\n\n\n\n<p class=\"justification_texte\">Retrouvez toute l&rsquo;actualit\u00e9 et les actions de la Journ\u00e9e internationale des droits des femmes du 8 mars <a rel=\"noreferrer noopener\" aria-label=\"ici (s\u2019ouvre dans un nouvel onglet)\" href=\"https:\/\/www.unwomen.org\/fr\/news\/stories\/2019\/12\/announcer-international-womens-day-2020-theme\" target=\"_blank\">ici<\/a>.<\/p>\n","protected":false},"excerpt":{"rendered":"<p>Hier, nous parlions de la place des femmes dans certains secteurs d&rsquo;activit\u00e9 avec Emma, responsable du service client. Notre s\u00e9rie d&rsquo;articles pour la Journ\u00e9e internationale des droits des femmes continue. Aujourd&rsquo;hui, nous vous pr\u00e9sentons Rita, responsable des partenariats chez iPaidThat. Rita, responsable des partenariats Quel a \u00e9t\u00e9 ton parcours ? Je suis originaire du Liban [&hellip;]<\/p>\n","protected":false},"author":4,"featured_media":0,"comment_status":"open","ping_status":"open","sticky":false,"template":"","format":"standard","meta":{"footnotes":""},"categories":[4,3],"tags":[],"class_list":["post-3508","post","type-post","status-publish","format-standard","hentry","category-featured","category-nos-actualites"],"yoast_head":"<!-- This site is optimized with the Yoast SEO plugin v26.6 - https:\/\/yoast.com\/wordpress\/plugins\/seo\/ -->\n<title>Journ\u00e9e internationale des droits des femmes: portraits #2<\/title>\n<meta name=\"description\" content=\"Le 8 mars aura lieu la journ\u00e9e internationale des droits des femmes. A cette occasion, d\u00e9couvrez le portrait de 5 professionnelles talentueuses.\" \/>\n<meta name=\"robots\" content=\"index, follow, max-snippet:-1, max-image-preview:large, max-video-preview:-1\" \/>\n<link rel=\"canonical\" href=\"https:\/\/app.ipaidthat.io\/mag\/nos-actualites\/journee-internationale-des-droits-des-femmes-portraits-2\/\" \/>\n<meta property=\"og:locale\" content=\"fr_FR\" \/>\n<meta property=\"og:type\" content=\"article\" \/>\n<meta property=\"og:title\" content=\"Journ\u00e9e internationale des droits des femmes: portraits #2\" \/>\n<meta property=\"og:description\" content=\"Le 8 mars aura lieu la journ\u00e9e internationale des droits des femmes. A cette occasion, d\u00e9couvrez le portrait de 5 professionnelles talentueuses.\" \/>\n<meta property=\"og:url\" content=\"https:\/\/app.ipaidthat.io\/mag\/nos-actualites\/journee-internationale-des-droits-des-femmes-portraits-2\/\" \/>\n<meta property=\"og:site_name\" content=\"iPaidThat Mag\" \/>\n<meta property=\"article:published_time\" content=\"2020-03-03T16:02:44+00:00\" \/>\n<meta property=\"og:image\" content=\"https:\/\/ipaidthat.io\/mag\/wp-content\/uploads\/2020\/02\/Screen-Shot-2020-02-28-at-5.40.22-PM.png\" \/>\n<meta name=\"author\" content=\"S\u00e9bastien Claeys\" \/>\n<meta name=\"twitter:card\" content=\"summary_large_image\" \/>\n<meta name=\"twitter:label1\" content=\"\u00c9crit par\" \/>\n\t<meta name=\"twitter:data1\" content=\"S\u00e9bastien Claeys\" \/>\n\t<meta name=\"twitter:label2\" content=\"Dur\u00e9e de lecture estim\u00e9e\" \/>\n\t<meta name=\"twitter:data2\" content=\"4 minutes\" \/>\n<script type=\"application\/ld+json\" class=\"yoast-schema-graph\">{\"@context\":\"https:\/\/schema.org\",\"@graph\":[{\"@type\":\"Article\",\"@id\":\"https:\/\/app.ipaidthat.io\/mag\/nos-actualites\/journee-internationale-des-droits-des-femmes-portraits-2\/#article\",\"isPartOf\":{\"@id\":\"https:\/\/app.ipaidthat.io\/mag\/nos-actualites\/journee-internationale-des-droits-des-femmes-portraits-2\/\"},\"author\":{\"name\":\"S\u00e9bastien Claeys\",\"@id\":\"https:\/\/app.ipaidthat.io\/mag\/#\/schema\/person\/021144662586a12df79c88913050baaa\"},\"headline\":\"Journ\u00e9e internationale des droits des femmes: portraits #2\",\"datePublished\":\"2020-03-03T16:02:44+00:00\",\"mainEntityOfPage\":{\"@id\":\"https:\/\/app.ipaidthat.io\/mag\/nos-actualites\/journee-internationale-des-droits-des-femmes-portraits-2\/\"},\"wordCount\":697,\"commentCount\":0,\"publisher\":{\"@id\":\"https:\/\/app.ipaidthat.io\/mag\/#organization\"},\"image\":{\"@id\":\"https:\/\/app.ipaidthat.io\/mag\/nos-actualites\/journee-internationale-des-droits-des-femmes-portraits-2\/#primaryimage\"},\"thumbnailUrl\":\"https:\/\/ipaidthat.io\/mag\/wp-content\/uploads\/2020\/02\/Screen-Shot-2020-02-28-at-5.40.22-PM.png\",\"articleSection\":[\"Featured\",\"Nos Actualit\u00e9s\"],\"inLanguage\":\"fr-FR\",\"potentialAction\":[{\"@type\":\"CommentAction\",\"name\":\"Comment\",\"target\":[\"https:\/\/app.ipaidthat.io\/mag\/nos-actualites\/journee-internationale-des-droits-des-femmes-portraits-2\/#respond\"]}]},{\"@type\":\"WebPage\",\"@id\":\"https:\/\/app.ipaidthat.io\/mag\/nos-actualites\/journee-internationale-des-droits-des-femmes-portraits-2\/\",\"url\":\"https:\/\/app.ipaidthat.io\/mag\/nos-actualites\/journee-internationale-des-droits-des-femmes-portraits-2\/\",\"name\":\"Journ\u00e9e internationale des droits des femmes: portraits #2\",\"isPartOf\":{\"@id\":\"https:\/\/app.ipaidthat.io\/mag\/#website\"},\"primaryImageOfPage\":{\"@id\":\"https:\/\/app.ipaidthat.io\/mag\/nos-actualites\/journee-internationale-des-droits-des-femmes-portraits-2\/#primaryimage\"},\"image\":{\"@id\":\"https:\/\/app.ipaidthat.io\/mag\/nos-actualites\/journee-internationale-des-droits-des-femmes-portraits-2\/#primaryimage\"},\"thumbnailUrl\":\"https:\/\/ipaidthat.io\/mag\/wp-content\/uploads\/2020\/02\/Screen-Shot-2020-02-28-at-5.40.22-PM.png\",\"datePublished\":\"2020-03-03T16:02:44+00:00\",\"description\":\"Le 8 mars aura lieu la journ\u00e9e internationale des droits des femmes. A cette occasion, d\u00e9couvrez le portrait de 5 professionnelles talentueuses.\",\"breadcrumb\":{\"@id\":\"https:\/\/app.ipaidthat.io\/mag\/nos-actualites\/journee-internationale-des-droits-des-femmes-portraits-2\/#breadcrumb\"},\"inLanguage\":\"fr-FR\",\"potentialAction\":[{\"@type\":\"ReadAction\",\"target\":[\"https:\/\/app.ipaidthat.io\/mag\/nos-actualites\/journee-internationale-des-droits-des-femmes-portraits-2\/\"]}]},{\"@type\":\"ImageObject\",\"inLanguage\":\"fr-FR\",\"@id\":\"https:\/\/app.ipaidthat.io\/mag\/nos-actualites\/journee-internationale-des-droits-des-femmes-portraits-2\/#primaryimage\",\"url\":\"https:\/\/ipaidthat.io\/mag\/wp-content\/uploads\/2020\/02\/Screen-Shot-2020-02-28-at-5.40.22-PM.png\",\"contentUrl\":\"https:\/\/ipaidthat.io\/mag\/wp-content\/uploads\/2020\/02\/Screen-Shot-2020-02-28-at-5.40.22-PM.png\"},{\"@type\":\"BreadcrumbList\",\"@id\":\"https:\/\/app.ipaidthat.io\/mag\/nos-actualites\/journee-internationale-des-droits-des-femmes-portraits-2\/#breadcrumb\",\"itemListElement\":[{\"@type\":\"ListItem\",\"position\":1,\"name\":\"Le Mag\",\"item\":\"https:\/\/app.ipaidthat.io\/mag\/\"},{\"@type\":\"ListItem\",\"position\":2,\"name\":\"Featured\",\"item\":\"https:\/\/app.ipaidthat.io\/mag\/category\/featured\/\"},{\"@type\":\"ListItem\",\"position\":3,\"name\":\"Journ\u00e9e internationale des droits des femmes: portraits #2\"}]},{\"@type\":\"WebSite\",\"@id\":\"https:\/\/app.ipaidthat.io\/mag\/#website\",\"url\":\"https:\/\/app.ipaidthat.io\/mag\/\",\"name\":\"IPaidThat Mag\",\"description\":\"Une gestion simple, automatis\u00e9e et collaborative\",\"publisher\":{\"@id\":\"https:\/\/app.ipaidthat.io\/mag\/#organization\"},\"potentialAction\":[{\"@type\":\"SearchAction\",\"target\":{\"@type\":\"EntryPoint\",\"urlTemplate\":\"https:\/\/app.ipaidthat.io\/mag\/?s={search_term_string}\"},\"query-input\":{\"@type\":\"PropertyValueSpecification\",\"valueRequired\":true,\"valueName\":\"search_term_string\"}}],\"inLanguage\":\"fr-FR\"},{\"@type\":\"Organization\",\"@id\":\"https:\/\/app.ipaidthat.io\/mag\/#organization\",\"name\":\"IPaidThat Mag\",\"url\":\"https:\/\/app.ipaidthat.io\/mag\/\",\"logo\":{\"@type\":\"ImageObject\",\"inLanguage\":\"fr-FR\",\"@id\":\"https:\/\/app.ipaidthat.io\/mag\/#\/schema\/logo\/image\/\",\"url\":\"https:\/\/app.ipaidthat.io\/mag\/wp-content\/uploads\/2025\/11\/logo-le-mag-blog-ipaidthat.png\",\"contentUrl\":\"https:\/\/app.ipaidthat.io\/mag\/wp-content\/uploads\/2025\/11\/logo-le-mag-blog-ipaidthat.png\",\"width\":1817,\"height\":524,\"caption\":\"IPaidThat Mag\"},\"image\":{\"@id\":\"https:\/\/app.ipaidthat.io\/mag\/#\/schema\/logo\/image\/\"}},{\"@type\":\"Person\",\"@id\":\"https:\/\/app.ipaidthat.io\/mag\/#\/schema\/person\/021144662586a12df79c88913050baaa\",\"name\":\"S\u00e9bastien Claeys\",\"image\":{\"@type\":\"ImageObject\",\"inLanguage\":\"fr-FR\",\"@id\":\"https:\/\/app.ipaidthat.io\/mag\/#\/schema\/person\/image\/\",\"url\":\"https:\/\/app.ipaidthat.io\/mag\/wp-content\/uploads\/2023\/02\/sebastien-clayes-ipaidthat-96x96.png\",\"contentUrl\":\"https:\/\/app.ipaidthat.io\/mag\/wp-content\/uploads\/2023\/02\/sebastien-clayes-ipaidthat-96x96.png\",\"caption\":\"S\u00e9bastien Claeys\"},\"url\":\"https:\/\/app.ipaidthat.io\/mag\/author\/sebastienipaidthat-io\/\"}]}<\/script>\n<!-- \/ Yoast SEO plugin. -->","yoast_head_json":{"title":"Journ\u00e9e internationale des droits des femmes: portraits #2","description":"Le 8 mars aura lieu la journ\u00e9e internationale des droits des femmes. A cette occasion, d\u00e9couvrez le portrait de 5 professionnelles talentueuses.","robots":{"index":"index","follow":"follow","max-snippet":"max-snippet:-1","max-image-preview":"max-image-preview:large","max-video-preview":"max-video-preview:-1"},"canonical":"https:\/\/app.ipaidthat.io\/mag\/nos-actualites\/journee-internationale-des-droits-des-femmes-portraits-2\/","og_locale":"fr_FR","og_type":"article","og_title":"Journ\u00e9e internationale des droits des femmes: portraits #2","og_description":"Le 8 mars aura lieu la journ\u00e9e internationale des droits des femmes. A cette occasion, d\u00e9couvrez le portrait de 5 professionnelles talentueuses.","og_url":"https:\/\/app.ipaidthat.io\/mag\/nos-actualites\/journee-internationale-des-droits-des-femmes-portraits-2\/","og_site_name":"iPaidThat Mag","article_published_time":"2020-03-03T16:02:44+00:00","og_image":[{"url":"https:\/\/ipaidthat.io\/mag\/wp-content\/uploads\/2020\/02\/Screen-Shot-2020-02-28-at-5.40.22-PM.png","type":"","width":"","height":""}],"author":"S\u00e9bastien Claeys","twitter_card":"summary_large_image","twitter_misc":{"\u00c9crit par":"S\u00e9bastien Claeys","Dur\u00e9e de lecture estim\u00e9e":"4 minutes"},"schema":{"@context":"https:\/\/schema.org","@graph":[{"@type":"Article","@id":"https:\/\/app.ipaidthat.io\/mag\/nos-actualites\/journee-internationale-des-droits-des-femmes-portraits-2\/#article","isPartOf":{"@id":"https:\/\/app.ipaidthat.io\/mag\/nos-actualites\/journee-internationale-des-droits-des-femmes-portraits-2\/"},"author":{"name":"S\u00e9bastien Claeys","@id":"https:\/\/app.ipaidthat.io\/mag\/#\/schema\/person\/021144662586a12df79c88913050baaa"},"headline":"Journ\u00e9e internationale des droits des femmes: portraits #2","datePublished":"2020-03-03T16:02:44+00:00","mainEntityOfPage":{"@id":"https:\/\/app.ipaidthat.io\/mag\/nos-actualites\/journee-internationale-des-droits-des-femmes-portraits-2\/"},"wordCount":697,"commentCount":0,"publisher":{"@id":"https:\/\/app.ipaidthat.io\/mag\/#organization"},"image":{"@id":"https:\/\/app.ipaidthat.io\/mag\/nos-actualites\/journee-internationale-des-droits-des-femmes-portraits-2\/#primaryimage"},"thumbnailUrl":"https:\/\/ipaidthat.io\/mag\/wp-content\/uploads\/2020\/02\/Screen-Shot-2020-02-28-at-5.40.22-PM.png","articleSection":["Featured","Nos Actualit\u00e9s"],"inLanguage":"fr-FR","potentialAction":[{"@type":"CommentAction","name":"Comment","target":["https:\/\/app.ipaidthat.io\/mag\/nos-actualites\/journee-internationale-des-droits-des-femmes-portraits-2\/#respond"]}]},{"@type":"WebPage","@id":"https:\/\/app.ipaidthat.io\/mag\/nos-actualites\/journee-internationale-des-droits-des-femmes-portraits-2\/","url":"https:\/\/app.ipaidthat.io\/mag\/nos-actualites\/journee-internationale-des-droits-des-femmes-portraits-2\/","name":"Journ\u00e9e internationale des droits des femmes: portraits #2","isPartOf":{"@id":"https:\/\/app.ipaidthat.io\/mag\/#website"},"primaryImageOfPage":{"@id":"https:\/\/app.ipaidthat.io\/mag\/nos-actualites\/journee-internationale-des-droits-des-femmes-portraits-2\/#primaryimage"},"image":{"@id":"https:\/\/app.ipaidthat.io\/mag\/nos-actualites\/journee-internationale-des-droits-des-femmes-portraits-2\/#primaryimage"},"thumbnailUrl":"https:\/\/ipaidthat.io\/mag\/wp-content\/uploads\/2020\/02\/Screen-Shot-2020-02-28-at-5.40.22-PM.png","datePublished":"2020-03-03T16:02:44+00:00","description":"Le 8 mars aura lieu la journ\u00e9e internationale des droits des femmes. A cette occasion, d\u00e9couvrez le portrait de 5 professionnelles talentueuses.","breadcrumb":{"@id":"https:\/\/app.ipaidthat.io\/mag\/nos-actualites\/journee-internationale-des-droits-des-femmes-portraits-2\/#breadcrumb"},"inLanguage":"fr-FR","potentialAction":[{"@type":"ReadAction","target":["https:\/\/app.ipaidthat.io\/mag\/nos-actualites\/journee-internationale-des-droits-des-femmes-portraits-2\/"]}]},{"@type":"ImageObject","inLanguage":"fr-FR","@id":"https:\/\/app.ipaidthat.io\/mag\/nos-actualites\/journee-internationale-des-droits-des-femmes-portraits-2\/#primaryimage","url":"https:\/\/ipaidthat.io\/mag\/wp-content\/uploads\/2020\/02\/Screen-Shot-2020-02-28-at-5.40.22-PM.png","contentUrl":"https:\/\/ipaidthat.io\/mag\/wp-content\/uploads\/2020\/02\/Screen-Shot-2020-02-28-at-5.40.22-PM.png"},{"@type":"BreadcrumbList","@id":"https:\/\/app.ipaidthat.io\/mag\/nos-actualites\/journee-internationale-des-droits-des-femmes-portraits-2\/#breadcrumb","itemListElement":[{"@type":"ListItem","position":1,"name":"Le Mag","item":"https:\/\/app.ipaidthat.io\/mag\/"},{"@type":"ListItem","position":2,"name":"Featured","item":"https:\/\/app.ipaidthat.io\/mag\/category\/featured\/"},{"@type":"ListItem","position":3,"name":"Journ\u00e9e internationale des droits des femmes: portraits #2"}]},{"@type":"WebSite","@id":"https:\/\/app.ipaidthat.io\/mag\/#website","url":"https:\/\/app.ipaidthat.io\/mag\/","name":"IPaidThat Mag","description":"Une gestion simple, automatis\u00e9e et collaborative","publisher":{"@id":"https:\/\/app.ipaidthat.io\/mag\/#organization"},"potentialAction":[{"@type":"SearchAction","target":{"@type":"EntryPoint","urlTemplate":"https:\/\/app.ipaidthat.io\/mag\/?s={search_term_string}"},"query-input":{"@type":"PropertyValueSpecification","valueRequired":true,"valueName":"search_term_string"}}],"inLanguage":"fr-FR"},{"@type":"Organization","@id":"https:\/\/app.ipaidthat.io\/mag\/#organization","name":"IPaidThat Mag","url":"https:\/\/app.ipaidthat.io\/mag\/","logo":{"@type":"ImageObject","inLanguage":"fr-FR","@id":"https:\/\/app.ipaidthat.io\/mag\/#\/schema\/logo\/image\/","url":"https:\/\/app.ipaidthat.io\/mag\/wp-content\/uploads\/2025\/11\/logo-le-mag-blog-ipaidthat.png","contentUrl":"https:\/\/app.ipaidthat.io\/mag\/wp-content\/uploads\/2025\/11\/logo-le-mag-blog-ipaidthat.png","width":1817,"height":524,"caption":"IPaidThat Mag"},"image":{"@id":"https:\/\/app.ipaidthat.io\/mag\/#\/schema\/logo\/image\/"}},{"@type":"Person","@id":"https:\/\/app.ipaidthat.io\/mag\/#\/schema\/person\/021144662586a12df79c88913050baaa","name":"S\u00e9bastien Claeys","image":{"@type":"ImageObject","inLanguage":"fr-FR","@id":"https:\/\/app.ipaidthat.io\/mag\/#\/schema\/person\/image\/","url":"https:\/\/app.ipaidthat.io\/mag\/wp-content\/uploads\/2023\/02\/sebastien-clayes-ipaidthat-96x96.png","contentUrl":"https:\/\/app.ipaidthat.io\/mag\/wp-content\/uploads\/2023\/02\/sebastien-clayes-ipaidthat-96x96.png","caption":"S\u00e9bastien Claeys"},"url":"https:\/\/app.ipaidthat.io\/mag\/author\/sebastienipaidthat-io\/"}]}},"_links":{"self":[{"href":"https:\/\/app.ipaidthat.io\/mag\/wp-json\/wp\/v2\/posts\/3508","targetHints":{"allow":["GET"]}}],"collection":[{"href":"https:\/\/app.ipaidthat.io\/mag\/wp-json\/wp\/v2\/posts"}],"about":[{"href":"https:\/\/app.ipaidthat.io\/mag\/wp-json\/wp\/v2\/types\/post"}],"author":[{"embeddable":true,"href":"https:\/\/app.ipaidthat.io\/mag\/wp-json\/wp\/v2\/users\/4"}],"replies":[{"embeddable":true,"href":"https:\/\/app.ipaidthat.io\/mag\/wp-json\/wp\/v2\/comments?post=3508"}],"version-history":[{"count":0,"href":"https:\/\/app.ipaidthat.io\/mag\/wp-json\/wp\/v2\/posts\/3508\/revisions"}],"wp:attachment":[{"href":"https:\/\/app.ipaidthat.io\/mag\/wp-json\/wp\/v2\/media?parent=3508"}],"wp:term":[{"taxonomy":"category","embeddable":true,"href":"https:\/\/app.ipaidthat.io\/mag\/wp-json\/wp\/v2\/categories?post=3508"},{"taxonomy":"post_tag","embeddable":true,"href":"https:\/\/app.ipaidthat.io\/mag\/wp-json\/wp\/v2\/tags?post=3508"}],"curies":[{"name":"wp","href":"https:\/\/api.w.org\/{rel}","templated":true}]}}