{"id":3493,"date":"2020-03-02T16:52:27","date_gmt":"2020-03-02T15:52:27","guid":{"rendered":"https:\/\/ipaidthat.io\/mag\/?p=3493"},"modified":"2020-03-02T16:52:27","modified_gmt":"2020-03-02T15:52:27","slug":"journee-internationale-droits-femmes-portraits","status":"publish","type":"post","link":"https:\/\/app.ipaidthat.io\/mag\/nos-actualites\/journee-internationale-droits-femmes-portraits\/","title":{"rendered":"Journ\u00e9e internationale des droits des femmes: Portraits"},"content":{"rendered":"\n<p class=\"justification_texte\">Le 8 mars prochain aura lieu l&rsquo;\u00e9dition 2020 de la journ\u00e9e internationale des droits des femmes. 43 ans apr\u00e8s son officialisation par les Nations Unies, cette journ\u00e9e est plus importante que jamais. Le site <a rel=\"noreferrer noopener\" aria-label=\" (s\u2019ouvre dans un nouvel onglet)\" href=\"https:\/\/www.unwomen.org\/fr\/digital-library\/multimedia\/2020\/2\/infographic-visualizing-the-data-womens-representation\" target=\"_blank\">ONU Femmes <\/a>permet de prouver, chiffres \u00e0 l&rsquo;appui, que la place des femmes dans la soci\u00e9t\u00e9 est encore trop faible. Ainsi, si quelques am\u00e9liorations se sont faites ressentir ces derni\u00e8res ann\u00e9es, le tableau global n&rsquo;en demeure pas moins consternant:<\/p>\n\n\n\n<ul class=\"wp-block-list\"><li>Moins de 7% de femmes CEO des 500 plus grandes entreprises mondiales<\/li><li>10 femmes cheffes d&rsquo;\u00e9tats dans le monde <\/li><li>Sur 900 laur\u00e9ats du Prix Nobel, seulement 53 sont des femmes<\/li><\/ul>\n\n\n\n<p class=\"justification_texte\">Ces chiffres alarmants sont des indicateurs ind\u00e9niables d&rsquo;une situation qui devrait \u00e9voluer plus vite. De plus, les femmes sont trop souvent victimes de remarques m\u00e9prisantes et sexistes qui ne devraient pas avoir leur place. \u00ab\u00a0G\u00e9n\u00e9ration \u00e9galit\u00e9\u00a0\u00bb, le th\u00e8me de la journ\u00e9e du 8 mars, insiste sur le fait qu&rsquo;il est grand temps de s&rsquo;unir pour mettre fin \u00e0 ces in\u00e9galit\u00e9s. Chez iPaidThat, nous avons d\u00e9cid\u00e9 de vous pr\u00e9senter les professionnelles sans qui nous ne pourrions pas avancer. Ces femmes talentueuses fournissent un travail de qualit\u00e9 \u00e0 des postes cl\u00e9s. Venez les rencontrer tous les jours jusqu&rsquo;au 8 mars sur le Mag IPaidThat.<\/p>\n\n\n\n<h2 class=\"wp-block-heading\"><strong>Emma, responsable du service client<\/strong><\/h2>\n\n\n\n<figure class=\"wp-block-image size-large\"><img decoding=\"async\" src=\"https:\/\/ipaidthat.io\/mag\/wp-content\/uploads\/2020\/03\/Emma-ipt.png\" alt=\"Emma iPaidThat\" class=\"wp-image-3497\"\/><figcaption>Emma est capable de r\u00e9soudre tous les probl\u00e8mes <\/figcaption><\/figure>\n\n\n\n<h3><span class=\"underline--hover\">Quel a \u00e9t\u00e9 ton parcours ? <\/span><\/h3>\n\n\n\n<p class=\"justification_texte\">J&rsquo;ai d&rsquo;abord fait une licence dans le domaine de la gestion, du management et de la relation client\u00e8le. Apr\u00e8s l&rsquo;obtention de ce dipl\u00f4me, j&rsquo;ai eu plusieurs boulots dans la restauration o\u00f9 je m&rsquo;occupais du service et de la gestion de l&rsquo;\u00e9tablissement. J&rsquo;ai continu\u00e9 \u00e0 d\u00e9velopper mes comp\u00e9tences en \u00e9tant manager dans un fast-food. Je devais souvent g\u00e9rer de petits litiges avec les clients. Apr\u00e8s mon d\u00e9part de cette enseigne, j&rsquo;ai eu la responsabilit\u00e9 de m&rsquo;occuper du service client d&rsquo;un r\u00e9seau de pressing. Les litiges que je devais g\u00e9rer \u00e9taient bien plus importants et ma capacit\u00e9 \u00e0 \u00eatre diplomate a \u00e9t\u00e9 d\u00e9terminante. Pour retrouver un rapport plus paisible avec le client, j&rsquo;ai rejoint iPaidThat.<\/p>\n\n\n\n<h3><span class=\"underline--hover\"> Quelles sont tes missions au sein d&rsquo;iPaidThat ?<\/span><\/h3>\n\n\n\n<p class=\"justification_texte\">Pour r\u00e9sumer, je suis garante de la satisfaction du client. Ce qui est int\u00e9ressant, c&rsquo;est que \u00e7a ne s&rsquo;arr\u00eate pas \u00e0 r\u00e9gler d&rsquo;\u00e9ventuels probl\u00e8mes. J&rsquo;aide chaque client \u00e0 prendre en main l&rsquo;outil, notamment en m&rsquo;assurant que les FAQ, webinars et tout autres types d&rsquo;accompagnements sont bien en place. <em>(Emma est surement celle qui conna\u00eet le mieux le produit de toute la bo\u00eete, Ndlr)<\/em><\/p>\n\n\n\n<h3><span class=\"underline--hover\">Quel constat fais-tu sur le respect des droits des femmes dans le monde professionnel ?<\/span><\/h3>\n\n\n\n<p class=\"justification_texte\">En restauration, o\u00f9 j&rsquo;ai fait mes armes, le milieu est tr\u00e8s masculin. En tant que femme, on doit souvent prouver sa valeur, montrer que l&rsquo;on est capable et qu&rsquo;on ne se plaint pas. Ce sont des choses qu&rsquo;on demande beaucoup moins aux hommes. Il faut aussi savoir composer avec les remarques sexistes des coll\u00e8gues sur les femmes en g\u00e9n\u00e9ral, et ce n&rsquo;est jamais plaisant. <\/p>\n\n\n\n<p class=\"justification_texte\">Dans la restauration rapide, il y plus d&rsquo;hommes aux postes cl\u00e9s. Cela cr\u00e9e un contexte ou les femmes qui ont des responsabilit\u00e9s se sentent oblig\u00e9es d&rsquo;\u00eatre plus dures pour se faire accepter. L&rsquo;ambiance g\u00e9n\u00e9rale n&rsquo;\u00e9tait donc pas \u00e0 la bienveillance. <\/p>\n\n\n\n<p class=\"justification_texte\">Cela contraste beaucoup avec mon exp\u00e9rience dans la cha\u00eene de pressing. Les enseignes appartenaient \u00e0 deux hommes, mais ils avaient confi\u00e9 la gestion quotidienne de l&rsquo;entreprise \u00e0 ma coll\u00e8gue et moi-m\u00eame, deux femmes. C&rsquo;est dans ce contexte plus serein que j&rsquo;ai pu trouver ma place et m&rsquo;\u00e9panouir dans mon travail. <\/p>\n\n\n\n<p class=\"justification_texte\"><a href=\"https:\/\/ipaidthat.io\/fr\/?utm_source=mag&amp;utm_campaign=texte&amp;utm_content=texte\" target=\"_blank\" rel=\"noreferrer noopener\" aria-label=\"iPaidThat  (s\u2019ouvre dans un nouvel onglet)\">iPaidThat <\/a>m&rsquo;offre le m\u00eame style de contexte, je ne ressens aucune diff\u00e9rence de traitement entre hommes et femmes.<\/p>\n\n\n\n<h3><span class=\"underline--hover\">Tu penses que les choses vont s&rsquo;arranger ?<\/span><\/h3>\n\n\n\n<p class=\"justification_texte\">Je suis une optimiste, donc oui j&rsquo;y crois. Je pense que les femmes vont devoir s&rsquo;imposer et continuer \u00e0 se battre. Plus globalement, je sais que nous aspirons tous \u00e0 une soci\u00e9t\u00e9 plus \u00e9galitaire, tant les hommes que les femmes. Par exemple, l&rsquo;allongement du cong\u00e9 paternit\u00e9 est une bonne chose. L&rsquo;\u00e9galit\u00e9 devrait \u00eatre l&rsquo;affaire de tout le monde.<\/p>\n\n\n\n<p class=\"justification_texte\"><em><a href=\"https:\/\/ipaidthat.io\/mag\/nos-actualites\/journee-internationale-des-droits-des-femmes-portraits-2\/\" target=\"_blank\" rel=\"noreferrer noopener\" aria-label=\"Demain, vous avez rendez-vous avec Rita, l'as du networking ! (s\u2019ouvre dans un nouvel onglet)\">Demain, vous avez rendez-vous avec Rita, l&rsquo;as du networking !<\/a><\/em><\/p>\n","protected":false},"excerpt":{"rendered":"<p>Le 8 mars prochain aura lieu l&rsquo;\u00e9dition 2020 de la journ\u00e9e internationale des droits des femmes. 43 ans apr\u00e8s son officialisation par les Nations Unies, cette journ\u00e9e est plus importante que jamais. Le site ONU Femmes permet de prouver, chiffres \u00e0 l&rsquo;appui, que la place des femmes dans la soci\u00e9t\u00e9 est encore trop faible. Ainsi, [&hellip;]<\/p>\n","protected":false},"author":4,"featured_media":0,"comment_status":"open","ping_status":"open","sticky":false,"template":"","format":"standard","meta":{"footnotes":""},"categories":[4,3],"tags":[],"class_list":["post-3493","post","type-post","status-publish","format-standard","hentry","category-featured","category-nos-actualites"],"yoast_head":"<!-- This site is optimized with the Yoast SEO plugin v26.6 - https:\/\/yoast.com\/wordpress\/plugins\/seo\/ -->\n<title>Journ\u00e9e internationale des droits des femmes: Portraits<\/title>\n<meta name=\"description\" content=\"Le 8 mars aura lieu la journ\u00e9e internationale des droits des femmes. A cette occasion, d\u00e9couvrez le portrait de 5 professionnelles talentueuses.\" \/>\n<meta name=\"robots\" content=\"index, follow, max-snippet:-1, max-image-preview:large, max-video-preview:-1\" \/>\n<link rel=\"canonical\" href=\"https:\/\/app.ipaidthat.io\/mag\/nos-actualites\/journee-internationale-droits-femmes-portraits\/\" \/>\n<meta property=\"og:locale\" content=\"fr_FR\" \/>\n<meta property=\"og:type\" content=\"article\" \/>\n<meta property=\"og:title\" content=\"Journ\u00e9e internationale des droits des femmes: Portraits\" \/>\n<meta property=\"og:description\" content=\"Le 8 mars aura lieu la journ\u00e9e internationale des droits des femmes. A cette occasion, d\u00e9couvrez le portrait de 5 professionnelles talentueuses.\" \/>\n<meta property=\"og:url\" content=\"https:\/\/app.ipaidthat.io\/mag\/nos-actualites\/journee-internationale-droits-femmes-portraits\/\" \/>\n<meta property=\"og:site_name\" content=\"iPaidThat Mag\" \/>\n<meta property=\"article:published_time\" content=\"2020-03-02T15:52:27+00:00\" \/>\n<meta property=\"og:image\" content=\"https:\/\/ipaidthat.io\/mag\/wp-content\/uploads\/2020\/03\/Emma-ipt.png\" \/>\n<meta name=\"author\" content=\"S\u00e9bastien Claeys\" \/>\n<meta name=\"twitter:card\" content=\"summary_large_image\" \/>\n<meta name=\"twitter:label1\" content=\"\u00c9crit par\" \/>\n\t<meta name=\"twitter:data1\" content=\"S\u00e9bastien Claeys\" \/>\n\t<meta name=\"twitter:label2\" content=\"Dur\u00e9e de lecture estim\u00e9e\" \/>\n\t<meta name=\"twitter:data2\" content=\"4 minutes\" \/>\n<script type=\"application\/ld+json\" class=\"yoast-schema-graph\">{\"@context\":\"https:\/\/schema.org\",\"@graph\":[{\"@type\":\"Article\",\"@id\":\"https:\/\/app.ipaidthat.io\/mag\/nos-actualites\/journee-internationale-droits-femmes-portraits\/#article\",\"isPartOf\":{\"@id\":\"https:\/\/app.ipaidthat.io\/mag\/nos-actualites\/journee-internationale-droits-femmes-portraits\/\"},\"author\":{\"name\":\"S\u00e9bastien Claeys\",\"@id\":\"https:\/\/app.ipaidthat.io\/mag\/#\/schema\/person\/021144662586a12df79c88913050baaa\"},\"headline\":\"Journ\u00e9e internationale des droits des femmes: Portraits\",\"datePublished\":\"2020-03-02T15:52:27+00:00\",\"mainEntityOfPage\":{\"@id\":\"https:\/\/app.ipaidthat.io\/mag\/nos-actualites\/journee-internationale-droits-femmes-portraits\/\"},\"wordCount\":756,\"commentCount\":0,\"publisher\":{\"@id\":\"https:\/\/app.ipaidthat.io\/mag\/#organization\"},\"image\":{\"@id\":\"https:\/\/app.ipaidthat.io\/mag\/nos-actualites\/journee-internationale-droits-femmes-portraits\/#primaryimage\"},\"thumbnailUrl\":\"https:\/\/ipaidthat.io\/mag\/wp-content\/uploads\/2020\/03\/Emma-ipt.png\",\"articleSection\":[\"Featured\",\"Nos Actualit\u00e9s\"],\"inLanguage\":\"fr-FR\",\"potentialAction\":[{\"@type\":\"CommentAction\",\"name\":\"Comment\",\"target\":[\"https:\/\/app.ipaidthat.io\/mag\/nos-actualites\/journee-internationale-droits-femmes-portraits\/#respond\"]}]},{\"@type\":\"WebPage\",\"@id\":\"https:\/\/app.ipaidthat.io\/mag\/nos-actualites\/journee-internationale-droits-femmes-portraits\/\",\"url\":\"https:\/\/app.ipaidthat.io\/mag\/nos-actualites\/journee-internationale-droits-femmes-portraits\/\",\"name\":\"Journ\u00e9e internationale des droits des femmes: Portraits\",\"isPartOf\":{\"@id\":\"https:\/\/app.ipaidthat.io\/mag\/#website\"},\"primaryImageOfPage\":{\"@id\":\"https:\/\/app.ipaidthat.io\/mag\/nos-actualites\/journee-internationale-droits-femmes-portraits\/#primaryimage\"},\"image\":{\"@id\":\"https:\/\/app.ipaidthat.io\/mag\/nos-actualites\/journee-internationale-droits-femmes-portraits\/#primaryimage\"},\"thumbnailUrl\":\"https:\/\/ipaidthat.io\/mag\/wp-content\/uploads\/2020\/03\/Emma-ipt.png\",\"datePublished\":\"2020-03-02T15:52:27+00:00\",\"description\":\"Le 8 mars aura lieu la journ\u00e9e internationale des droits des femmes. A cette occasion, d\u00e9couvrez le portrait de 5 professionnelles talentueuses.\",\"breadcrumb\":{\"@id\":\"https:\/\/app.ipaidthat.io\/mag\/nos-actualites\/journee-internationale-droits-femmes-portraits\/#breadcrumb\"},\"inLanguage\":\"fr-FR\",\"potentialAction\":[{\"@type\":\"ReadAction\",\"target\":[\"https:\/\/app.ipaidthat.io\/mag\/nos-actualites\/journee-internationale-droits-femmes-portraits\/\"]}]},{\"@type\":\"ImageObject\",\"inLanguage\":\"fr-FR\",\"@id\":\"https:\/\/app.ipaidthat.io\/mag\/nos-actualites\/journee-internationale-droits-femmes-portraits\/#primaryimage\",\"url\":\"https:\/\/ipaidthat.io\/mag\/wp-content\/uploads\/2020\/03\/Emma-ipt.png\",\"contentUrl\":\"https:\/\/ipaidthat.io\/mag\/wp-content\/uploads\/2020\/03\/Emma-ipt.png\"},{\"@type\":\"BreadcrumbList\",\"@id\":\"https:\/\/app.ipaidthat.io\/mag\/nos-actualites\/journee-internationale-droits-femmes-portraits\/#breadcrumb\",\"itemListElement\":[{\"@type\":\"ListItem\",\"position\":1,\"name\":\"Le Mag\",\"item\":\"https:\/\/app.ipaidthat.io\/mag\/\"},{\"@type\":\"ListItem\",\"position\":2,\"name\":\"Featured\",\"item\":\"https:\/\/app.ipaidthat.io\/mag\/category\/featured\/\"},{\"@type\":\"ListItem\",\"position\":3,\"name\":\"Journ\u00e9e internationale des droits des femmes: Portraits\"}]},{\"@type\":\"WebSite\",\"@id\":\"https:\/\/app.ipaidthat.io\/mag\/#website\",\"url\":\"https:\/\/app.ipaidthat.io\/mag\/\",\"name\":\"IPaidThat Mag\",\"description\":\"Une gestion simple, automatis\u00e9e et collaborative\",\"publisher\":{\"@id\":\"https:\/\/app.ipaidthat.io\/mag\/#organization\"},\"potentialAction\":[{\"@type\":\"SearchAction\",\"target\":{\"@type\":\"EntryPoint\",\"urlTemplate\":\"https:\/\/app.ipaidthat.io\/mag\/?s={search_term_string}\"},\"query-input\":{\"@type\":\"PropertyValueSpecification\",\"valueRequired\":true,\"valueName\":\"search_term_string\"}}],\"inLanguage\":\"fr-FR\"},{\"@type\":\"Organization\",\"@id\":\"https:\/\/app.ipaidthat.io\/mag\/#organization\",\"name\":\"IPaidThat Mag\",\"url\":\"https:\/\/app.ipaidthat.io\/mag\/\",\"logo\":{\"@type\":\"ImageObject\",\"inLanguage\":\"fr-FR\",\"@id\":\"https:\/\/app.ipaidthat.io\/mag\/#\/schema\/logo\/image\/\",\"url\":\"https:\/\/app.ipaidthat.io\/mag\/wp-content\/uploads\/2025\/11\/logo-le-mag-blog-ipaidthat.png\",\"contentUrl\":\"https:\/\/app.ipaidthat.io\/mag\/wp-content\/uploads\/2025\/11\/logo-le-mag-blog-ipaidthat.png\",\"width\":1817,\"height\":524,\"caption\":\"IPaidThat Mag\"},\"image\":{\"@id\":\"https:\/\/app.ipaidthat.io\/mag\/#\/schema\/logo\/image\/\"}},{\"@type\":\"Person\",\"@id\":\"https:\/\/app.ipaidthat.io\/mag\/#\/schema\/person\/021144662586a12df79c88913050baaa\",\"name\":\"S\u00e9bastien Claeys\",\"image\":{\"@type\":\"ImageObject\",\"inLanguage\":\"fr-FR\",\"@id\":\"https:\/\/app.ipaidthat.io\/mag\/#\/schema\/person\/image\/\",\"url\":\"https:\/\/app.ipaidthat.io\/mag\/wp-content\/uploads\/2023\/02\/sebastien-clayes-ipaidthat-96x96.png\",\"contentUrl\":\"https:\/\/app.ipaidthat.io\/mag\/wp-content\/uploads\/2023\/02\/sebastien-clayes-ipaidthat-96x96.png\",\"caption\":\"S\u00e9bastien Claeys\"},\"url\":\"https:\/\/app.ipaidthat.io\/mag\/author\/sebastienipaidthat-io\/\"}]}<\/script>\n<!-- \/ Yoast SEO plugin. -->","yoast_head_json":{"title":"Journ\u00e9e internationale des droits des femmes: Portraits","description":"Le 8 mars aura lieu la journ\u00e9e internationale des droits des femmes. A cette occasion, d\u00e9couvrez le portrait de 5 professionnelles talentueuses.","robots":{"index":"index","follow":"follow","max-snippet":"max-snippet:-1","max-image-preview":"max-image-preview:large","max-video-preview":"max-video-preview:-1"},"canonical":"https:\/\/app.ipaidthat.io\/mag\/nos-actualites\/journee-internationale-droits-femmes-portraits\/","og_locale":"fr_FR","og_type":"article","og_title":"Journ\u00e9e internationale des droits des femmes: Portraits","og_description":"Le 8 mars aura lieu la journ\u00e9e internationale des droits des femmes. A cette occasion, d\u00e9couvrez le portrait de 5 professionnelles talentueuses.","og_url":"https:\/\/app.ipaidthat.io\/mag\/nos-actualites\/journee-internationale-droits-femmes-portraits\/","og_site_name":"iPaidThat Mag","article_published_time":"2020-03-02T15:52:27+00:00","og_image":[{"url":"https:\/\/ipaidthat.io\/mag\/wp-content\/uploads\/2020\/03\/Emma-ipt.png","type":"","width":"","height":""}],"author":"S\u00e9bastien Claeys","twitter_card":"summary_large_image","twitter_misc":{"\u00c9crit par":"S\u00e9bastien Claeys","Dur\u00e9e de lecture estim\u00e9e":"4 minutes"},"schema":{"@context":"https:\/\/schema.org","@graph":[{"@type":"Article","@id":"https:\/\/app.ipaidthat.io\/mag\/nos-actualites\/journee-internationale-droits-femmes-portraits\/#article","isPartOf":{"@id":"https:\/\/app.ipaidthat.io\/mag\/nos-actualites\/journee-internationale-droits-femmes-portraits\/"},"author":{"name":"S\u00e9bastien Claeys","@id":"https:\/\/app.ipaidthat.io\/mag\/#\/schema\/person\/021144662586a12df79c88913050baaa"},"headline":"Journ\u00e9e internationale des droits des femmes: Portraits","datePublished":"2020-03-02T15:52:27+00:00","mainEntityOfPage":{"@id":"https:\/\/app.ipaidthat.io\/mag\/nos-actualites\/journee-internationale-droits-femmes-portraits\/"},"wordCount":756,"commentCount":0,"publisher":{"@id":"https:\/\/app.ipaidthat.io\/mag\/#organization"},"image":{"@id":"https:\/\/app.ipaidthat.io\/mag\/nos-actualites\/journee-internationale-droits-femmes-portraits\/#primaryimage"},"thumbnailUrl":"https:\/\/ipaidthat.io\/mag\/wp-content\/uploads\/2020\/03\/Emma-ipt.png","articleSection":["Featured","Nos Actualit\u00e9s"],"inLanguage":"fr-FR","potentialAction":[{"@type":"CommentAction","name":"Comment","target":["https:\/\/app.ipaidthat.io\/mag\/nos-actualites\/journee-internationale-droits-femmes-portraits\/#respond"]}]},{"@type":"WebPage","@id":"https:\/\/app.ipaidthat.io\/mag\/nos-actualites\/journee-internationale-droits-femmes-portraits\/","url":"https:\/\/app.ipaidthat.io\/mag\/nos-actualites\/journee-internationale-droits-femmes-portraits\/","name":"Journ\u00e9e internationale des droits des femmes: Portraits","isPartOf":{"@id":"https:\/\/app.ipaidthat.io\/mag\/#website"},"primaryImageOfPage":{"@id":"https:\/\/app.ipaidthat.io\/mag\/nos-actualites\/journee-internationale-droits-femmes-portraits\/#primaryimage"},"image":{"@id":"https:\/\/app.ipaidthat.io\/mag\/nos-actualites\/journee-internationale-droits-femmes-portraits\/#primaryimage"},"thumbnailUrl":"https:\/\/ipaidthat.io\/mag\/wp-content\/uploads\/2020\/03\/Emma-ipt.png","datePublished":"2020-03-02T15:52:27+00:00","description":"Le 8 mars aura lieu la journ\u00e9e internationale des droits des femmes. A cette occasion, d\u00e9couvrez le portrait de 5 professionnelles talentueuses.","breadcrumb":{"@id":"https:\/\/app.ipaidthat.io\/mag\/nos-actualites\/journee-internationale-droits-femmes-portraits\/#breadcrumb"},"inLanguage":"fr-FR","potentialAction":[{"@type":"ReadAction","target":["https:\/\/app.ipaidthat.io\/mag\/nos-actualites\/journee-internationale-droits-femmes-portraits\/"]}]},{"@type":"ImageObject","inLanguage":"fr-FR","@id":"https:\/\/app.ipaidthat.io\/mag\/nos-actualites\/journee-internationale-droits-femmes-portraits\/#primaryimage","url":"https:\/\/ipaidthat.io\/mag\/wp-content\/uploads\/2020\/03\/Emma-ipt.png","contentUrl":"https:\/\/ipaidthat.io\/mag\/wp-content\/uploads\/2020\/03\/Emma-ipt.png"},{"@type":"BreadcrumbList","@id":"https:\/\/app.ipaidthat.io\/mag\/nos-actualites\/journee-internationale-droits-femmes-portraits\/#breadcrumb","itemListElement":[{"@type":"ListItem","position":1,"name":"Le Mag","item":"https:\/\/app.ipaidthat.io\/mag\/"},{"@type":"ListItem","position":2,"name":"Featured","item":"https:\/\/app.ipaidthat.io\/mag\/category\/featured\/"},{"@type":"ListItem","position":3,"name":"Journ\u00e9e internationale des droits des femmes: Portraits"}]},{"@type":"WebSite","@id":"https:\/\/app.ipaidthat.io\/mag\/#website","url":"https:\/\/app.ipaidthat.io\/mag\/","name":"IPaidThat Mag","description":"Une gestion simple, automatis\u00e9e et collaborative","publisher":{"@id":"https:\/\/app.ipaidthat.io\/mag\/#organization"},"potentialAction":[{"@type":"SearchAction","target":{"@type":"EntryPoint","urlTemplate":"https:\/\/app.ipaidthat.io\/mag\/?s={search_term_string}"},"query-input":{"@type":"PropertyValueSpecification","valueRequired":true,"valueName":"search_term_string"}}],"inLanguage":"fr-FR"},{"@type":"Organization","@id":"https:\/\/app.ipaidthat.io\/mag\/#organization","name":"IPaidThat Mag","url":"https:\/\/app.ipaidthat.io\/mag\/","logo":{"@type":"ImageObject","inLanguage":"fr-FR","@id":"https:\/\/app.ipaidthat.io\/mag\/#\/schema\/logo\/image\/","url":"https:\/\/app.ipaidthat.io\/mag\/wp-content\/uploads\/2025\/11\/logo-le-mag-blog-ipaidthat.png","contentUrl":"https:\/\/app.ipaidthat.io\/mag\/wp-content\/uploads\/2025\/11\/logo-le-mag-blog-ipaidthat.png","width":1817,"height":524,"caption":"IPaidThat Mag"},"image":{"@id":"https:\/\/app.ipaidthat.io\/mag\/#\/schema\/logo\/image\/"}},{"@type":"Person","@id":"https:\/\/app.ipaidthat.io\/mag\/#\/schema\/person\/021144662586a12df79c88913050baaa","name":"S\u00e9bastien Claeys","image":{"@type":"ImageObject","inLanguage":"fr-FR","@id":"https:\/\/app.ipaidthat.io\/mag\/#\/schema\/person\/image\/","url":"https:\/\/app.ipaidthat.io\/mag\/wp-content\/uploads\/2023\/02\/sebastien-clayes-ipaidthat-96x96.png","contentUrl":"https:\/\/app.ipaidthat.io\/mag\/wp-content\/uploads\/2023\/02\/sebastien-clayes-ipaidthat-96x96.png","caption":"S\u00e9bastien Claeys"},"url":"https:\/\/app.ipaidthat.io\/mag\/author\/sebastienipaidthat-io\/"}]}},"_links":{"self":[{"href":"https:\/\/app.ipaidthat.io\/mag\/wp-json\/wp\/v2\/posts\/3493","targetHints":{"allow":["GET"]}}],"collection":[{"href":"https:\/\/app.ipaidthat.io\/mag\/wp-json\/wp\/v2\/posts"}],"about":[{"href":"https:\/\/app.ipaidthat.io\/mag\/wp-json\/wp\/v2\/types\/post"}],"author":[{"embeddable":true,"href":"https:\/\/app.ipaidthat.io\/mag\/wp-json\/wp\/v2\/users\/4"}],"replies":[{"embeddable":true,"href":"https:\/\/app.ipaidthat.io\/mag\/wp-json\/wp\/v2\/comments?post=3493"}],"version-history":[{"count":0,"href":"https:\/\/app.ipaidthat.io\/mag\/wp-json\/wp\/v2\/posts\/3493\/revisions"}],"wp:attachment":[{"href":"https:\/\/app.ipaidthat.io\/mag\/wp-json\/wp\/v2\/media?parent=3493"}],"wp:term":[{"taxonomy":"category","embeddable":true,"href":"https:\/\/app.ipaidthat.io\/mag\/wp-json\/wp\/v2\/categories?post=3493"},{"taxonomy":"post_tag","embeddable":true,"href":"https:\/\/app.ipaidthat.io\/mag\/wp-json\/wp\/v2\/tags?post=3493"}],"curies":[{"name":"wp","href":"https:\/\/api.w.org\/{rel}","templated":true}]}}