{"id":3455,"date":"2020-03-12T17:26:51","date_gmt":"2020-03-12T16:26:51","guid":{"rendered":"https:\/\/ipaidthat.io\/mag\/?p=3455"},"modified":"2020-03-12T17:26:51","modified_gmt":"2020-03-12T16:26:51","slug":"dematerialisation-factures-nouveau-standard-factur-x","status":"publish","type":"post","link":"https:\/\/app.ipaidthat.io\/mag\/featured\/dematerialisation-factures-nouveau-standard-factur-x\/","title":{"rendered":"D\u00e9mat\u00e9rialisation des factures : nouveau standard Factur-X"},"content":{"rendered":"\n<p class=\"justification_texte\">\u00c9mettre une facture n\u2019est pas seulement une demande de paiement, c\u2019est aussi un justificatif commercial, comptable et fiscal qui joue un r\u00f4le \u00e9l\u00e9mentaire en mati\u00e8re de droit et de respect des contraintes. La r\u00e9volution num\u00e9rique responsable de nombreux changements sur les six derni\u00e8res ann\u00e9es a ainsi donn\u00e9 naissance \u00e0 un <strong>nouveau standard&nbsp;de facturation<\/strong> : la <strong>Factur-X<\/strong>. Avez-vous connaissance de ce nouveau standard&nbsp;? Connaissez-vous ce type de facture d\u00e9mat\u00e9rialis\u00e9e&nbsp;? Dans le cas contraire, soyez tr\u00e8s attentif(ve) \u00e0 ce billet&nbsp;!<\/p>\n\n\n\n<p> [tdm_block_call_to_action title_text=\u00a0\u00bbRCVDMyVBOWNvdXZyZXolMjBsYSUyMHNvbHV0aW9uJTIwaVBhaWRUaGF0JTIwcG91ciUyMHNpbXBsaWZpZXIlMjBldCUyMGF1dG9tYXRpc2VyJTIwdm90cmUlMjBjb21wdGFiaWxpdCVDMyVBOSUyMCE=\u00a0\u00bb title_tag=\u00a0\u00bbh3&Prime; title_size=\u00a0\u00bbtdm-title-sm\u00a0\u00bb button_text=\u00a0\u00bbiPaidThat\u00a0\u00bb button_url=\u00a0\u00bbhttps:\/\/ipaidthat.io\/fr\/?utm_source=mag&amp;utm_campaign=menu&amp;utm_content=menu\u00a0\u00bb button_tdicon=\u00a0\u00bbtdc-font-fa tdc-font-fa-chevron-right\u00a0\u00bb button_size=\u00a0\u00bbtdm-btn-sm\u00a0\u00bb content_align_vertical=\u00a0\u00bbcontent-vert-center\u00a0\u00bb tds_title=\u00a0\u00bbtds_title1&Prime; tds_button=\u00a0\u00bbtds_button8&Prime; tds_button8-background_color=\u00a0\u00bb#ff3c3c\u00a0\u00bb tds_button8-background_hover_color=\u00a0\u00bb#dd3333&Prime; tds_button8-icon_color=\u00a0\u00bb#ffffff\u00a0\u00bb tds_button8-shadow_shadow_color=\u00a0\u00bb#b5b5b5&Prime; tds_title1-title_color=\u00a0\u00bb#ff3c3c\u00a0\u00bb button_icon_space=\u00a0\u00bb8&Prime; button_width=\u00a0\u00bb100&Prime; tdc_css=\u00a0\u00bbeyJhbGwiOnsiZGlzcGxheSI6IiJ9fQ==\u00a0\u00bb tds_call_to_action=\u00a0\u00bbtds_call_to_action2&Prime; content_align_horizontal=\u00a0\u00bbcontent-horiz-left\u00a0\u00bb tds_title1-f_title_font_size=\u00a0\u00bb16&Prime;]   <\/p>\n\n\n\n<h2><span class=\"underline--hover\">1. De quoi parle-t-on exactement ? <\/span><\/h2>\n\n\n\n<p class=\"justification_texte\"><strong>La Factur-X est un nouveau standard europ\u00e9en qui r\u00e9pond aux \u00e9volutions l\u00e9gales et techniques issues de l\u2019\u00e9lectronique.<\/strong> N\u00e9e d\u2019un standard franco-allemand, ce mod\u00e8le de facture dit \u00ab&nbsp;\u00e9lectronique mixte&nbsp;\u00bb&nbsp;est compos\u00e9 d\u2019un fichier PDF\/A3 coupl\u00e9 \u00e0 un fichier XML. Le but est donc de favoriser la d\u00e9mat\u00e9rialisation fiscale. <\/p>\n\n\n\n<figure class=\"wp-block-image size-large\"><img decoding=\"async\" src=\"https:\/\/ipaidthat.io\/mag\/wp-content\/uploads\/2020\/02\/factur-x-nouveau-format-de-facture-v2-inner.png\" alt=\"factur-x-nouveau-format-de-facture-v2-inner\" class=\"wp-image-3461\"\/><\/figure>\n\n\n\n<p class=\"justification_texte\">Pour rappel&nbsp;: <strong>un PDF est un format de document informatique, compatible avec tous les logiciels de visualisation,<\/strong> qui permet de rendre le contenu visible pour l\u2019\u0153il humain. Le PDF a pour vocation de garantir l\u2019authenticit\u00e9 de l\u2019origine du document, mais aussi son int\u00e9grit\u00e9. Ce format de document d\u00e9mat\u00e9rialis\u00e9 est tr\u00e8s pris\u00e9 pour la facturation des TPE-PME et permet par ailleurs l\u2019archivage des documents sur le long terme.<\/p>\n\n\n\n<p class=\"justification_texte\">De son c\u00f4t\u00e9, <strong>le XML est un langage informatique qui permet de structurer et de hi\u00e9rarchiser des informations.<\/strong> Il facilite l\u2019\u00e9change et la lecture des donn\u00e9es informatiques sous la forme de balises structur\u00e9es destin\u00e9es aux machines. Ce format standardis\u00e9 met donc en lumi\u00e8re la facture d\u2019origine sous la forme d\u2019un PDF. Cette derni\u00e8re peut alors \u00eatre trait\u00e9e et analys\u00e9e par un syst\u00e8me d\u2019information automatis\u00e9. En parall\u00e8le, le XML permet de mettre en place l\u2019automatisation de certaines t\u00e2ches. <strong>La Factur-X permet<\/strong>, gr\u00e2ce \u00e0 sa souplesse de traitement, <strong>de booster la d\u00e9mat\u00e9rialisation des factures<\/strong>. En effet, par le biais de ce nouveau standard europ\u00e9en, il est possible d\u2019exploiter les donn\u00e9es en clair dans le PDF ou les donn\u00e9es structur\u00e9es du fichier XML pour une meilleure int\u00e9gration automatis\u00e9e. <\/p>\n\n\n\n<h2><span class=\"underline--hover\">2. Pour qui est pr\u00e9conis\u00e9 le nouveau standard de la Factur-X ? <\/span><\/h2>\n\n\n\n<p class=\"justification_texte\">Flashback sur la facturation \u00e9lectronique devenue <strong>obligatoire pour toutes les entreprises du\nsecteur priv\u00e9 et public<\/strong>.<\/p>\n\n\n\n<p class=\"justification_texte\">Depuis, l\u2019ordonnance n\u00b0 2014-697 du 26 juin 2014, les entreprises\ntitulaires d\u2019un march\u00e9 public ont pour obligation d\u2019utiliser le portail public\nde facturation Chorus Pro pour leurs demandes de paiement.<\/p>\n\n\n\n<p class=\"justification_texte\">Juin 2017, la Commission europ\u00e9enne publie la Norme S\u00e9mantique\neurop\u00e9enne EN 16931 qui vise \u00e0 rendre la transition vers la d\u00e9mat\u00e9rialisation\nplus conviviale, adapt\u00e9e et peu co\u00fbteuse pour les besoins des petites et\nmoyennes entreprises.<\/p>\n\n\n\n<h4 class=\"wp-block-heading\">Extrait de la norme&nbsp;: <\/h4>\n\n\n\n<p class=\"has-text-align-center has-very-light-gray-background-color has-background\">\u00ab&nbsp;La pr\u00e9sente Norme europ\u00e9enne d\u00e9finit un <strong>mod\u00e8le s\u00e9mantique de donn\u00e9es<\/strong> pour les \u00e9l\u00e9ments essentiels d&rsquo;une facture \u00e9lectronique. Ce mod\u00e8le s\u00e9mantique comporte uniquement les <strong>\u00e9l\u00e9ments d&rsquo;information essentiels<\/strong> qu&rsquo;une facture \u00e9lectronique doit contenir pour assurer le <strong>respect de la l\u00e9gislation<\/strong> (y compris fiscale) et permettre l&rsquo;<strong>interop\u00e9rabilit\u00e9 du commerce <\/strong>transfrontalier, intersectoriel et national. Le mod\u00e8le s\u00e9mantique <strong>peut \u00eatre utilis\u00e9<\/strong> par des <strong>organisations des secteurs public et priv\u00e9<\/strong> pour la facturation des march\u00e9s publics. Il peut \u00e9galement \u00eatre utilis\u00e9 pour la <strong>facturation entre entreprises du secteur priv\u00e9<\/strong>. Il n&rsquo;a pas \u00e9t\u00e9 sp\u00e9cifiquement con\u00e7u pour la facturation des consommateurs. La pr\u00e9sente Norme europ\u00e9enne remplit au moins les crit\u00e8res suivants : elle est <strong>technologiquement neutre<\/strong> ; elle est <strong>compatible avec les normes internationales<\/strong> applicables en mati\u00e8re de facturation \u00e9lectronique ; \u2026 <strong>conforme aux exigences de protection des donn\u00e9es<\/strong> personnelles\u2026, dans le <strong>respect des principes de confidentialit\u00e9<\/strong> et de protection des donn\u00e9es d\u00e8s la conception, par la minimisation des donn\u00e9es, la limitation de l&rsquo;objet du traitement, le caract\u00e8re n\u00e9cessaire et proportionn\u00e9 du traitement des donn\u00e9es ; \u2026 permet l&rsquo;\u00e9tablissement de syst\u00e8mes de facturation \u00e9lectronique pratiques, conviviaux, flexibles et efficaces en termes de co\u00fbt ; elle tient compte des besoins particuliers des petites et moyennes entreprises&#8230;&nbsp;\u00bb<\/p>\n\n\n\n<p><strong>La\nFactur-X r\u00e9pond donc parfaitement \u00e0 cette norme.<\/strong><\/p>\n\n\n\n<p class=\"justification_texte\">Ainsi, dans la continuit\u00e9 de la transition num\u00e9rique, l\u2019article 153 de la Loi de Finances 2020 oblige toutes les entreprises \u00e0 envoyer des factures \u00e9lectroniques dans le cadre de ses relations professionnelles. Ces entreprises doivent cependant <strong>\u00eatre assujetties \u00e0 la TVA<\/strong>.<\/p>\n\n\n\n<p class=\"justification_texte\">Dor\u00e9navant, et ce, depuis le 1er janvier 2020, toutes les entreprises, peu importe leur taille, sont tenues \u00e0 cette obligation.<\/p>\n\n\n\n<h2><span class=\"underline--hover\">3. Quel est l\u2019int\u00e9r\u00eat majeur de la Factur-X ?<\/span><\/h2>\n\n\n\n<p>La Factur-X comprend de <strong>nombreux\navantages&nbsp;<\/strong>:<\/p>\n\n\n\n<ul class=\"wp-block-list\"><li><strong>Rendre\naccessible la lecture<\/strong> de tout type de document papier&nbsp;sous\nune forme num\u00e9rique, <\/li><\/ul>\n\n\n\n<ul class=\"wp-block-list\"><li>Permettre aux fournisseurs de <strong>cr\u00e9er des factures \u00e0 valeur ajout\u00e9e<\/strong>\ncontenant un maximum d\u2019informations sous forme structur\u00e9e,<\/li><\/ul>\n\n\n\n<ul class=\"wp-block-list\"><li>Laisser aux clients destinataires la\npossibilit\u00e9 d\u2019<strong>utiliser un certain type\nde donn\u00e9es <\/strong>en fonction de ses besoins et de la maturit\u00e9 de son syst\u00e8me\nd\u2019automatisation,<\/li><\/ul>\n\n\n\n<ul class=\"wp-block-list\"><li><a href=\"https:\/\/ipaidthat.io\/mag\/comptabilite\/suivre-reglement-factures-de-vente\/\" target=\"_blank\" rel=\"noreferrer noopener\">Faire des rapprochements automatis\u00e9s<\/a> entre les commandes et les r\u00e9ceptions\u00a0ou les paiements.<\/li><\/ul>\n\n\n\n<p class=\"has-text-align-center justification_texte\"><strong>La Factur-X est donc la nouvelle norme pour passer \u00e0 un syst\u00e8me de facturation 100 % d\u00e9mat\u00e9rialis\u00e9. Une fois inject\u00e9e dans <\/strong><a href=\"https:\/\/ipaidthat.io\/fr\/?utm_medium=blog&amp;utm_source=articles&amp;utm_campaign=mag\"><strong>notre logiciel de traitement des factures<\/strong><\/a><strong>, celle-ci suit un processus de contr\u00f4le, de rapprochement, d\u2019int\u00e9gration comptable, et de validation des paiements. Ceci facilite grandement le quotidien des entrepreneurs. Le tout en respectant les crit\u00e8res techniques impos\u00e9s par les directives europ\u00e9ennes et l\u2019administration fiscale. <\/strong><\/p>\n","protected":false},"excerpt":{"rendered":"<p>\u00c9mettre une facture n\u2019est pas seulement une demande de paiement, c\u2019est aussi un justificatif commercial, comptable et fiscal qui joue un r\u00f4le \u00e9l\u00e9mentaire en mati\u00e8re de droit et de respect des contraintes. La r\u00e9volution num\u00e9rique responsable de nombreux changements sur les six derni\u00e8res ann\u00e9es a ainsi donn\u00e9 naissance \u00e0 un nouveau standard&nbsp;de facturation : la [&hellip;]<\/p>\n","protected":false},"author":4,"featured_media":0,"comment_status":"open","ping_status":"open","sticky":false,"template":"","format":"standard","meta":{"footnotes":""},"categories":[5,4],"tags":[],"class_list":["post-3455","post","type-post","status-publish","format-standard","hentry","category-comptabilite","category-featured"],"yoast_head":"<!-- This site is optimized with the Yoast SEO plugin v26.6 - https:\/\/yoast.com\/wordpress\/plugins\/seo\/ -->\n<title>D\u00e9mat\u00e9rialisation des factures : nouveau standard Factur-X<\/title>\n<meta name=\"description\" content=\"Devenue obligatoire pour toutes les entreprises, la facture \u00e9lectronique doit r\u00e9pondre \u00e0 un nouveau standard. Factur-x : de quoi s\u2019agit-il ?\" \/>\n<meta name=\"robots\" content=\"index, follow, max-snippet:-1, max-image-preview:large, max-video-preview:-1\" \/>\n<link rel=\"canonical\" href=\"https:\/\/app.ipaidthat.io\/mag\/featured\/dematerialisation-factures-nouveau-standard-factur-x\/\" \/>\n<meta property=\"og:locale\" content=\"fr_FR\" \/>\n<meta property=\"og:type\" content=\"article\" \/>\n<meta property=\"og:title\" content=\"D\u00e9mat\u00e9rialisation des factures : nouveau standard Factur-X\" \/>\n<meta property=\"og:description\" content=\"Devenue obligatoire pour toutes les entreprises, la facture \u00e9lectronique doit r\u00e9pondre \u00e0 un nouveau standard. Factur-x : de quoi s\u2019agit-il ?\" \/>\n<meta property=\"og:url\" content=\"https:\/\/app.ipaidthat.io\/mag\/featured\/dematerialisation-factures-nouveau-standard-factur-x\/\" \/>\n<meta property=\"og:site_name\" content=\"iPaidThat Mag\" \/>\n<meta property=\"article:published_time\" content=\"2020-03-12T16:26:51+00:00\" \/>\n<meta property=\"og:image\" content=\"https:\/\/ipaidthat.io\/mag\/wp-content\/uploads\/2020\/02\/factur-x-nouveau-format-de-facture-v2-inner.png\" \/>\n<meta name=\"author\" content=\"S\u00e9bastien Claeys\" \/>\n<meta name=\"twitter:card\" content=\"summary_large_image\" \/>\n<meta name=\"twitter:label1\" content=\"\u00c9crit par\" \/>\n\t<meta name=\"twitter:data1\" content=\"S\u00e9bastien Claeys\" \/>\n\t<meta name=\"twitter:label2\" content=\"Dur\u00e9e de lecture estim\u00e9e\" \/>\n\t<meta name=\"twitter:data2\" content=\"5 minutes\" \/>\n<script type=\"application\/ld+json\" class=\"yoast-schema-graph\">{\"@context\":\"https:\/\/schema.org\",\"@graph\":[{\"@type\":\"Article\",\"@id\":\"https:\/\/app.ipaidthat.io\/mag\/featured\/dematerialisation-factures-nouveau-standard-factur-x\/#article\",\"isPartOf\":{\"@id\":\"https:\/\/app.ipaidthat.io\/mag\/featured\/dematerialisation-factures-nouveau-standard-factur-x\/\"},\"author\":{\"name\":\"S\u00e9bastien Claeys\",\"@id\":\"https:\/\/app.ipaidthat.io\/mag\/#\/schema\/person\/021144662586a12df79c88913050baaa\"},\"headline\":\"D\u00e9mat\u00e9rialisation des factures : nouveau standard Factur-X\",\"datePublished\":\"2020-03-12T16:26:51+00:00\",\"mainEntityOfPage\":{\"@id\":\"https:\/\/app.ipaidthat.io\/mag\/featured\/dematerialisation-factures-nouveau-standard-factur-x\/\"},\"wordCount\":1083,\"commentCount\":0,\"publisher\":{\"@id\":\"https:\/\/app.ipaidthat.io\/mag\/#organization\"},\"image\":{\"@id\":\"https:\/\/app.ipaidthat.io\/mag\/featured\/dematerialisation-factures-nouveau-standard-factur-x\/#primaryimage\"},\"thumbnailUrl\":\"https:\/\/ipaidthat.io\/mag\/wp-content\/uploads\/2020\/02\/factur-x-nouveau-format-de-facture-v2-inner.png\",\"articleSection\":[\"Comptabilit\u00e9\",\"Featured\"],\"inLanguage\":\"fr-FR\",\"potentialAction\":[{\"@type\":\"CommentAction\",\"name\":\"Comment\",\"target\":[\"https:\/\/app.ipaidthat.io\/mag\/featured\/dematerialisation-factures-nouveau-standard-factur-x\/#respond\"]}]},{\"@type\":\"WebPage\",\"@id\":\"https:\/\/app.ipaidthat.io\/mag\/featured\/dematerialisation-factures-nouveau-standard-factur-x\/\",\"url\":\"https:\/\/app.ipaidthat.io\/mag\/featured\/dematerialisation-factures-nouveau-standard-factur-x\/\",\"name\":\"D\u00e9mat\u00e9rialisation des factures : nouveau standard Factur-X\",\"isPartOf\":{\"@id\":\"https:\/\/app.ipaidthat.io\/mag\/#website\"},\"primaryImageOfPage\":{\"@id\":\"https:\/\/app.ipaidthat.io\/mag\/featured\/dematerialisation-factures-nouveau-standard-factur-x\/#primaryimage\"},\"image\":{\"@id\":\"https:\/\/app.ipaidthat.io\/mag\/featured\/dematerialisation-factures-nouveau-standard-factur-x\/#primaryimage\"},\"thumbnailUrl\":\"https:\/\/ipaidthat.io\/mag\/wp-content\/uploads\/2020\/02\/factur-x-nouveau-format-de-facture-v2-inner.png\",\"datePublished\":\"2020-03-12T16:26:51+00:00\",\"description\":\"Devenue obligatoire pour toutes les entreprises, la facture \u00e9lectronique doit r\u00e9pondre \u00e0 un nouveau standard. Factur-x : de quoi s\u2019agit-il ?\",\"breadcrumb\":{\"@id\":\"https:\/\/app.ipaidthat.io\/mag\/featured\/dematerialisation-factures-nouveau-standard-factur-x\/#breadcrumb\"},\"inLanguage\":\"fr-FR\",\"potentialAction\":[{\"@type\":\"ReadAction\",\"target\":[\"https:\/\/app.ipaidthat.io\/mag\/featured\/dematerialisation-factures-nouveau-standard-factur-x\/\"]}]},{\"@type\":\"ImageObject\",\"inLanguage\":\"fr-FR\",\"@id\":\"https:\/\/app.ipaidthat.io\/mag\/featured\/dematerialisation-factures-nouveau-standard-factur-x\/#primaryimage\",\"url\":\"https:\/\/ipaidthat.io\/mag\/wp-content\/uploads\/2020\/02\/factur-x-nouveau-format-de-facture-v2-inner.png\",\"contentUrl\":\"https:\/\/ipaidthat.io\/mag\/wp-content\/uploads\/2020\/02\/factur-x-nouveau-format-de-facture-v2-inner.png\"},{\"@type\":\"BreadcrumbList\",\"@id\":\"https:\/\/app.ipaidthat.io\/mag\/featured\/dematerialisation-factures-nouveau-standard-factur-x\/#breadcrumb\",\"itemListElement\":[{\"@type\":\"ListItem\",\"position\":1,\"name\":\"Le Mag\",\"item\":\"https:\/\/app.ipaidthat.io\/mag\/\"},{\"@type\":\"ListItem\",\"position\":2,\"name\":\"Entrepreneur\",\"item\":\"https:\/\/app.ipaidthat.io\/mag\/category\/entrepreneur\/\"},{\"@type\":\"ListItem\",\"position\":3,\"name\":\"D\u00e9mat\u00e9rialisation des factures : nouveau standard Factur-X\"}]},{\"@type\":\"WebSite\",\"@id\":\"https:\/\/app.ipaidthat.io\/mag\/#website\",\"url\":\"https:\/\/app.ipaidthat.io\/mag\/\",\"name\":\"IPaidThat Mag\",\"description\":\"Une gestion simple, automatis\u00e9e et collaborative\",\"publisher\":{\"@id\":\"https:\/\/app.ipaidthat.io\/mag\/#organization\"},\"potentialAction\":[{\"@type\":\"SearchAction\",\"target\":{\"@type\":\"EntryPoint\",\"urlTemplate\":\"https:\/\/app.ipaidthat.io\/mag\/?s={search_term_string}\"},\"query-input\":{\"@type\":\"PropertyValueSpecification\",\"valueRequired\":true,\"valueName\":\"search_term_string\"}}],\"inLanguage\":\"fr-FR\"},{\"@type\":\"Organization\",\"@id\":\"https:\/\/app.ipaidthat.io\/mag\/#organization\",\"name\":\"IPaidThat Mag\",\"url\":\"https:\/\/app.ipaidthat.io\/mag\/\",\"logo\":{\"@type\":\"ImageObject\",\"inLanguage\":\"fr-FR\",\"@id\":\"https:\/\/app.ipaidthat.io\/mag\/#\/schema\/logo\/image\/\",\"url\":\"https:\/\/app.ipaidthat.io\/mag\/wp-content\/uploads\/2025\/11\/logo-le-mag-blog-ipaidthat.png\",\"contentUrl\":\"https:\/\/app.ipaidthat.io\/mag\/wp-content\/uploads\/2025\/11\/logo-le-mag-blog-ipaidthat.png\",\"width\":1817,\"height\":524,\"caption\":\"IPaidThat Mag\"},\"image\":{\"@id\":\"https:\/\/app.ipaidthat.io\/mag\/#\/schema\/logo\/image\/\"}},{\"@type\":\"Person\",\"@id\":\"https:\/\/app.ipaidthat.io\/mag\/#\/schema\/person\/021144662586a12df79c88913050baaa\",\"name\":\"S\u00e9bastien Claeys\",\"image\":{\"@type\":\"ImageObject\",\"inLanguage\":\"fr-FR\",\"@id\":\"https:\/\/app.ipaidthat.io\/mag\/#\/schema\/person\/image\/\",\"url\":\"https:\/\/app.ipaidthat.io\/mag\/wp-content\/uploads\/2023\/02\/sebastien-clayes-ipaidthat-96x96.png\",\"contentUrl\":\"https:\/\/app.ipaidthat.io\/mag\/wp-content\/uploads\/2023\/02\/sebastien-clayes-ipaidthat-96x96.png\",\"caption\":\"S\u00e9bastien Claeys\"},\"url\":\"https:\/\/app.ipaidthat.io\/mag\/author\/sebastienipaidthat-io\/\"}]}<\/script>\n<!-- \/ Yoast SEO plugin. -->","yoast_head_json":{"title":"D\u00e9mat\u00e9rialisation des factures : nouveau standard Factur-X","description":"Devenue obligatoire pour toutes les entreprises, la facture \u00e9lectronique doit r\u00e9pondre \u00e0 un nouveau standard. Factur-x : de quoi s\u2019agit-il ?","robots":{"index":"index","follow":"follow","max-snippet":"max-snippet:-1","max-image-preview":"max-image-preview:large","max-video-preview":"max-video-preview:-1"},"canonical":"https:\/\/app.ipaidthat.io\/mag\/featured\/dematerialisation-factures-nouveau-standard-factur-x\/","og_locale":"fr_FR","og_type":"article","og_title":"D\u00e9mat\u00e9rialisation des factures : nouveau standard Factur-X","og_description":"Devenue obligatoire pour toutes les entreprises, la facture \u00e9lectronique doit r\u00e9pondre \u00e0 un nouveau standard. Factur-x : de quoi s\u2019agit-il ?","og_url":"https:\/\/app.ipaidthat.io\/mag\/featured\/dematerialisation-factures-nouveau-standard-factur-x\/","og_site_name":"iPaidThat Mag","article_published_time":"2020-03-12T16:26:51+00:00","og_image":[{"url":"https:\/\/ipaidthat.io\/mag\/wp-content\/uploads\/2020\/02\/factur-x-nouveau-format-de-facture-v2-inner.png","type":"","width":"","height":""}],"author":"S\u00e9bastien Claeys","twitter_card":"summary_large_image","twitter_misc":{"\u00c9crit par":"S\u00e9bastien Claeys","Dur\u00e9e de lecture estim\u00e9e":"5 minutes"},"schema":{"@context":"https:\/\/schema.org","@graph":[{"@type":"Article","@id":"https:\/\/app.ipaidthat.io\/mag\/featured\/dematerialisation-factures-nouveau-standard-factur-x\/#article","isPartOf":{"@id":"https:\/\/app.ipaidthat.io\/mag\/featured\/dematerialisation-factures-nouveau-standard-factur-x\/"},"author":{"name":"S\u00e9bastien Claeys","@id":"https:\/\/app.ipaidthat.io\/mag\/#\/schema\/person\/021144662586a12df79c88913050baaa"},"headline":"D\u00e9mat\u00e9rialisation des factures : nouveau standard Factur-X","datePublished":"2020-03-12T16:26:51+00:00","mainEntityOfPage":{"@id":"https:\/\/app.ipaidthat.io\/mag\/featured\/dematerialisation-factures-nouveau-standard-factur-x\/"},"wordCount":1083,"commentCount":0,"publisher":{"@id":"https:\/\/app.ipaidthat.io\/mag\/#organization"},"image":{"@id":"https:\/\/app.ipaidthat.io\/mag\/featured\/dematerialisation-factures-nouveau-standard-factur-x\/#primaryimage"},"thumbnailUrl":"https:\/\/ipaidthat.io\/mag\/wp-content\/uploads\/2020\/02\/factur-x-nouveau-format-de-facture-v2-inner.png","articleSection":["Comptabilit\u00e9","Featured"],"inLanguage":"fr-FR","potentialAction":[{"@type":"CommentAction","name":"Comment","target":["https:\/\/app.ipaidthat.io\/mag\/featured\/dematerialisation-factures-nouveau-standard-factur-x\/#respond"]}]},{"@type":"WebPage","@id":"https:\/\/app.ipaidthat.io\/mag\/featured\/dematerialisation-factures-nouveau-standard-factur-x\/","url":"https:\/\/app.ipaidthat.io\/mag\/featured\/dematerialisation-factures-nouveau-standard-factur-x\/","name":"D\u00e9mat\u00e9rialisation des factures : nouveau standard Factur-X","isPartOf":{"@id":"https:\/\/app.ipaidthat.io\/mag\/#website"},"primaryImageOfPage":{"@id":"https:\/\/app.ipaidthat.io\/mag\/featured\/dematerialisation-factures-nouveau-standard-factur-x\/#primaryimage"},"image":{"@id":"https:\/\/app.ipaidthat.io\/mag\/featured\/dematerialisation-factures-nouveau-standard-factur-x\/#primaryimage"},"thumbnailUrl":"https:\/\/ipaidthat.io\/mag\/wp-content\/uploads\/2020\/02\/factur-x-nouveau-format-de-facture-v2-inner.png","datePublished":"2020-03-12T16:26:51+00:00","description":"Devenue obligatoire pour toutes les entreprises, la facture \u00e9lectronique doit r\u00e9pondre \u00e0 un nouveau standard. Factur-x : de quoi s\u2019agit-il ?","breadcrumb":{"@id":"https:\/\/app.ipaidthat.io\/mag\/featured\/dematerialisation-factures-nouveau-standard-factur-x\/#breadcrumb"},"inLanguage":"fr-FR","potentialAction":[{"@type":"ReadAction","target":["https:\/\/app.ipaidthat.io\/mag\/featured\/dematerialisation-factures-nouveau-standard-factur-x\/"]}]},{"@type":"ImageObject","inLanguage":"fr-FR","@id":"https:\/\/app.ipaidthat.io\/mag\/featured\/dematerialisation-factures-nouveau-standard-factur-x\/#primaryimage","url":"https:\/\/ipaidthat.io\/mag\/wp-content\/uploads\/2020\/02\/factur-x-nouveau-format-de-facture-v2-inner.png","contentUrl":"https:\/\/ipaidthat.io\/mag\/wp-content\/uploads\/2020\/02\/factur-x-nouveau-format-de-facture-v2-inner.png"},{"@type":"BreadcrumbList","@id":"https:\/\/app.ipaidthat.io\/mag\/featured\/dematerialisation-factures-nouveau-standard-factur-x\/#breadcrumb","itemListElement":[{"@type":"ListItem","position":1,"name":"Le Mag","item":"https:\/\/app.ipaidthat.io\/mag\/"},{"@type":"ListItem","position":2,"name":"Entrepreneur","item":"https:\/\/app.ipaidthat.io\/mag\/category\/entrepreneur\/"},{"@type":"ListItem","position":3,"name":"D\u00e9mat\u00e9rialisation des factures : nouveau standard Factur-X"}]},{"@type":"WebSite","@id":"https:\/\/app.ipaidthat.io\/mag\/#website","url":"https:\/\/app.ipaidthat.io\/mag\/","name":"IPaidThat Mag","description":"Une gestion simple, automatis\u00e9e et collaborative","publisher":{"@id":"https:\/\/app.ipaidthat.io\/mag\/#organization"},"potentialAction":[{"@type":"SearchAction","target":{"@type":"EntryPoint","urlTemplate":"https:\/\/app.ipaidthat.io\/mag\/?s={search_term_string}"},"query-input":{"@type":"PropertyValueSpecification","valueRequired":true,"valueName":"search_term_string"}}],"inLanguage":"fr-FR"},{"@type":"Organization","@id":"https:\/\/app.ipaidthat.io\/mag\/#organization","name":"IPaidThat Mag","url":"https:\/\/app.ipaidthat.io\/mag\/","logo":{"@type":"ImageObject","inLanguage":"fr-FR","@id":"https:\/\/app.ipaidthat.io\/mag\/#\/schema\/logo\/image\/","url":"https:\/\/app.ipaidthat.io\/mag\/wp-content\/uploads\/2025\/11\/logo-le-mag-blog-ipaidthat.png","contentUrl":"https:\/\/app.ipaidthat.io\/mag\/wp-content\/uploads\/2025\/11\/logo-le-mag-blog-ipaidthat.png","width":1817,"height":524,"caption":"IPaidThat Mag"},"image":{"@id":"https:\/\/app.ipaidthat.io\/mag\/#\/schema\/logo\/image\/"}},{"@type":"Person","@id":"https:\/\/app.ipaidthat.io\/mag\/#\/schema\/person\/021144662586a12df79c88913050baaa","name":"S\u00e9bastien Claeys","image":{"@type":"ImageObject","inLanguage":"fr-FR","@id":"https:\/\/app.ipaidthat.io\/mag\/#\/schema\/person\/image\/","url":"https:\/\/app.ipaidthat.io\/mag\/wp-content\/uploads\/2023\/02\/sebastien-clayes-ipaidthat-96x96.png","contentUrl":"https:\/\/app.ipaidthat.io\/mag\/wp-content\/uploads\/2023\/02\/sebastien-clayes-ipaidthat-96x96.png","caption":"S\u00e9bastien Claeys"},"url":"https:\/\/app.ipaidthat.io\/mag\/author\/sebastienipaidthat-io\/"}]}},"_links":{"self":[{"href":"https:\/\/app.ipaidthat.io\/mag\/wp-json\/wp\/v2\/posts\/3455","targetHints":{"allow":["GET"]}}],"collection":[{"href":"https:\/\/app.ipaidthat.io\/mag\/wp-json\/wp\/v2\/posts"}],"about":[{"href":"https:\/\/app.ipaidthat.io\/mag\/wp-json\/wp\/v2\/types\/post"}],"author":[{"embeddable":true,"href":"https:\/\/app.ipaidthat.io\/mag\/wp-json\/wp\/v2\/users\/4"}],"replies":[{"embeddable":true,"href":"https:\/\/app.ipaidthat.io\/mag\/wp-json\/wp\/v2\/comments?post=3455"}],"version-history":[{"count":0,"href":"https:\/\/app.ipaidthat.io\/mag\/wp-json\/wp\/v2\/posts\/3455\/revisions"}],"wp:attachment":[{"href":"https:\/\/app.ipaidthat.io\/mag\/wp-json\/wp\/v2\/media?parent=3455"}],"wp:term":[{"taxonomy":"category","embeddable":true,"href":"https:\/\/app.ipaidthat.io\/mag\/wp-json\/wp\/v2\/categories?post=3455"},{"taxonomy":"post_tag","embeddable":true,"href":"https:\/\/app.ipaidthat.io\/mag\/wp-json\/wp\/v2\/tags?post=3455"}],"curies":[{"name":"wp","href":"https:\/\/api.w.org\/{rel}","templated":true}]}}