{"id":3207,"date":"2020-02-14T12:54:20","date_gmt":"2020-02-14T11:54:20","guid":{"rendered":"https:\/\/ipaidthat.io\/mag\/?p=3207"},"modified":"2020-02-14T12:54:20","modified_gmt":"2020-02-14T11:54:20","slug":"3-raisons-participer-salons-professionnels","status":"publish","type":"post","link":"https:\/\/app.ipaidthat.io\/mag\/entrepreneur\/3-raisons-participer-salons-professionnels\/","title":{"rendered":"3 raisons de participer aux salons professionnels"},"content":{"rendered":"\n<p class=\"justification_texte\">BTP, \u00e9v\u00e9nementiel, startups, fintech&#8230; Chaque ann\u00e9e, tous les domaines professionnels sont mis \u00e0 l&rsquo;honneur lors de diff\u00e9rents salons. De taille et d&rsquo;importance diff\u00e9rentes, ces salons r\u00e9unissent plusieurs centaines, voire milliers de participants. N\u00e9anmoins, ces \u00e9v\u00e9nements engendrent souvent un co\u00fbt non n\u00e9gligeable. Il est donc l\u00e9gitime de se demander s&rsquo;ils sont v\u00e9ritablement utiles. Pour vous, iPaidThat revient en d\u00e9tail sur 3 bonnes raisons de participer aux salons professionnels.<\/p>\n\n\n\n<h2 class=\"wp-block-heading\"><span class=\"underline--hover\">Aller \u00e0 la rencontre de vos clients<\/span><\/h2>\n\n\n\n<p class=\"justification_texte\">Les salons professionnels s&rsquo;articulent autour de grands th\u00e8mes: salon du BTP, salon FranceFintech, Congr\u00e8s de l&rsquo;Ordre des Experts-Comptables&#8230; Par cons\u00e9quent, les personnes pr\u00e9sentes sur le salon sont des prospects qui repr\u00e9sentent surement votre c\u0153ur de cible. Ils connaissent le secteur, y gravitent au quotidien et sont certainement \u00e0 la recherche d&rsquo;outils les aidant \u00e0 \u00eatre efficace. Le contact est donc plus facile. Pour \u00eatre le plus performant possible, pr\u00e9voyez des offres \u00ab\u00a0salons\u00a0\u00bb. <\/p>\n\n\n\n<p class=\"justification_texte\">De plus, il est fort probable que vous rencontriez des personnes faisant d\u00e9j\u00e0 partie de vos clients, ne les n\u00e9gligez pas ! Ces salons professionnels sont un moment de vous int\u00e9resser sinc\u00e8rement \u00e0 eux. \u00c9changez autour de leur activit\u00e9, leur utilisation de l&rsquo;outil, leurs besoins et leurs envies quant \u00e0 ce que vous leur proposez. Ces marques d&rsquo;attention vous aideront \u00e0 am\u00e9liorer votre produit et \u00e0 montrer que vous \u00eates concern\u00e9s par les demandes de vos clients.<\/p>\n\n\n\n<h2><span class=\"underline--hover\">Les salons professionnels: une occasion d&rsquo;\u00e9changer avec les acteurs du milieu<\/span><\/h2>\n\n\n\n<p class=\"justification_texte\">Les salons professionnels sont aussi des points de rendez-vous pour tous les acteurs d&rsquo;un milieu donn\u00e9. Voici une liste non exhaustive des personnes importantes que vous pourriez  rencontrer:<\/p>\n\n\n\n<h3 class=\"wp-block-heading\">Des partenaires<\/h3>\n\n\n\n<p class=\"justification_texte\">Chez iPaidThat, nous mettons beaucoup d&rsquo;\u00e9nergie \u00e0 conclure des partenariats plus ou moins importants avec des partenaires de marques. A de nombreuses reprises, c&rsquo;est notre pr\u00e9sence sur des salons qui nous a permis de rencontrer ces nouveaux partenaires. En effet, vous retrouverez sur des salons de nombreux partenaires potentiels au sein de votre secteur d&rsquo;activit\u00e9. Grands groupes, startups en plein essor, ind\u00e9pendants, blogueurs. Ces partenaires venant d&rsquo;horizons vari\u00e9s vous aideront \u00e0 toucher un public plus large et \u00e0 gagner en notori\u00e9t\u00e9.<\/p>\n\n\n\n<h3 class=\"wp-block-heading\">Des d\u00e9cisionnaires  <\/h3>\n\n\n\n<p class=\"justification_texte\">Les salons, surtout les plus importants, sont bien souvent les lieux de rencontre privil\u00e9gi\u00e9s de la sc\u00e8ne politique. Candidats en campagne, maires, d\u00e9put\u00e9s ou pr\u00e9sident il est fort probable de croiser certains de ces responsables politiques. L&rsquo;occasion de pr\u00e9senter votre offre \u00e0 des personnes qui ont les moyens de les faire conna\u00eetre dans des sph\u00e8res souvent difficiles d&rsquo;acc\u00e8s. <\/p>\n\n\n\n<h3 class=\"wp-block-heading\">La concurrence <\/h3>\n\n\n\n<p class=\"justification_texte\">Eux aussi seront tr\u00e8s surement pr\u00e9sents. L&rsquo;objectif n&rsquo;est \u00e9videmment pas de les espionner ou de saboter leurs stands. En revanche, la pr\u00e9sence de vos concurrents vous fournira certaines informations importantes. Comment leur stand est-il agenc\u00e9 ? Ont-ils investi dans un plus grand emplacement que le v\u00f4tre ? Dans une technologie plus r\u00e9cente ? Les goodies propos\u00e9s sont-ils attrayants ? Quels sont les arguments utilis\u00e9s pour attirer, puis convaincre les visiteurs ?                                                                                           Les salons peuvent aussi s&rsquo;av\u00e9rer \u00eatre des tests de popularit\u00e9. Votre logo, slogan ou outil est-il r\u00e9guli\u00e8rement reconnu ? Qu&rsquo;en est-il de la popularit\u00e9 de vos concurrents ? Tous ces aspects vous permettront de vous positionner par rapport \u00e0 vos cooccurrents, que ce soit en mati\u00e8re de moyens, de popularit\u00e9 ou d&rsquo;arguments de vente. <\/p>\n\n\n\n<h2><span class=\"underline--hover\">Gagner en visibilit\u00e9<\/span><\/h2>\n\n\n\n<p class=\"justification_texte\">Votre pr\u00e9sence sur les salons est une m\u00e9thode efficace pour \u00eatre plus visible. Certains salons ont un impact m\u00e9diatique fort, ils sont parfois retransmis \u00e0 la TV ou sur les r\u00e9seaux sociaux et r\u00e9unissent une audience importante. De plus, la notori\u00e9t\u00e9 de certains \u00e9v\u00e9nements (Viva Tech, France Fintech), n&rsquo;est plus \u00e0 prouver. Votre simple participation \u00e0 ces salons, m\u00eame sans couverture m\u00e9diatique particuli\u00e8re sur votre entreprise, vous apportera surement toute la lumi\u00e8re dont vous avez besoin. <br>Votre investissement dans ce genre d&rsquo;\u00e9v\u00e9nement vous aidera aussi \u00e0 gagner en cr\u00e9dibilit\u00e9. En effet, tant les organisateurs que les intervenants font argument d&rsquo;autorit\u00e9 dans le milieu. Ainsi, vous associer \u00e0 leur image de marque vous permettra de gagner en l\u00e9gitimit\u00e9.<\/p>\n\n\n\n<h2 class=\"wp-block-heading\"><span class=\"underline--hover\">iPaidThat, champion des salons professionnels<\/span><\/h2>\n\n\n\n<p class=\"justification_texte\">Depuis le mois de septembre, iPaidThat a particip\u00e9 \u00e0 de nombreux salons. Tous ces \u00e9v\u00e9nements ont constitu\u00e9 des exp\u00e9riences enrichissantes et efficaces. La recette ? Un outil dont l&rsquo;utilit\u00e9 est \u00e9vidente et donc facile \u00e0 pitcher, une \u00e9quipe enthousiaste, un stand attrayant et des <a rel=\"noreferrer noopener\" aria-label=\"goodies originaux. (s\u2019ouvre dans un nouvel onglet)\" href=\"https:\/\/ipaidthat.io\/mag\/entrepreneur\/top-10-goodies-objets-publicitaires-2020\/\" target=\"_blank\">goodies originaux.<\/a><\/p>\n\n\n\n<p>Vous avez pu nous retrouver sur les salons suivants:<\/p>\n\n\n\n<ul class=\"wp-block-list\"><li><a href=\"https:\/\/www.ue-profession-comptable.fr\/\" target=\"_blank\" rel=\"noreferrer noopener\" aria-label=\"Universit\u00e9 d'\u00e9t\u00e9 de l'Ordre des Experts-Comptables (s\u2019ouvre dans un nouvel onglet)\">Universit\u00e9 d&rsquo;\u00e9t\u00e9 de l&rsquo;Ordre des Experts-Comptables<\/a><\/li><li>Congr\u00e8s de l&rsquo;Ordre<\/li><li><a href=\"https:\/\/www.salonsme.com\/\" target=\"_blank\" rel=\"noreferrer noopener\" aria-label=\"Salon SME (s\u2019ouvre dans un nouvel onglet)\">Salon SME<\/a><\/li><li><a href=\"https:\/\/www.impact-pme.com\/\" target=\"_blank\" rel=\"noreferrer noopener\" label=\"Salon Impact PME (s\u2019ouvre dans un nouvel onglet)\">Salon Impact PME<\/a><\/li><li><a href=\"https:\/\/francefintech.org\/\" target=\"_blank\" rel=\"noreferrer noopener\" aria-label=\"France Fintech (s\u2019ouvre dans un nouvel onglet)\">France Fintech<\/a><\/li><\/ul>\n\n\n\n<p>Et vous, \u00e0 quels salons pr\u00e9voyez-vous de participer cette ann\u00e9e ? <\/p>\n\n\n\n<p><a href=\"https:\/\/ipaidthat.io\/mag\/featured\/pitch-ipaidthat-par-sebastien-claeys\/\" target=\"_blank\" rel=\"noreferrer noopener\" aria-label=\"En attendant de vous rencontrer sur nos stands, le pitch de notre CEO est toujours disponible ici.  (s\u2019ouvre dans un nouvel onglet)\">En attendant de vous rencontrer sur nos stands, le pitch de notre CEO est toujours disponible ici. <\/a><\/p>\n","protected":false},"excerpt":{"rendered":"<p>BTP, \u00e9v\u00e9nementiel, startups, fintech&#8230; Chaque ann\u00e9e, tous les domaines professionnels sont mis \u00e0 l&rsquo;honneur lors de diff\u00e9rents salons. De taille et d&rsquo;importance diff\u00e9rentes, ces salons r\u00e9unissent plusieurs centaines, voire milliers de participants. N\u00e9anmoins, ces \u00e9v\u00e9nements engendrent souvent un co\u00fbt non n\u00e9gligeable. Il est donc l\u00e9gitime de se demander s&rsquo;ils sont v\u00e9ritablement utiles. Pour vous, iPaidThat [&hellip;]<\/p>\n","protected":false},"author":4,"featured_media":0,"comment_status":"open","ping_status":"open","sticky":false,"template":"","format":"standard","meta":{"footnotes":""},"categories":[2,4],"tags":[],"class_list":["post-3207","post","type-post","status-publish","format-standard","hentry","category-entrepreneur","category-featured"],"yoast_head":"<!-- This site is optimized with the Yoast SEO plugin v26.6 - https:\/\/yoast.com\/wordpress\/plugins\/seo\/ -->\n<title>3 raisons de participer aux salons professionnels<\/title>\n<meta name=\"description\" content=\"Chaque ann\u00e9e, les professionnels se r\u00e9unissent lors de diff\u00e9rents salons. iPaidThat reviens sur 3 bonnes raisons de participer aux salons professionnels.\" \/>\n<meta name=\"robots\" content=\"index, follow, max-snippet:-1, max-image-preview:large, max-video-preview:-1\" \/>\n<link rel=\"canonical\" href=\"https:\/\/app.ipaidthat.io\/mag\/entrepreneur\/3-raisons-participer-salons-professionnels\/\" \/>\n<meta property=\"og:locale\" content=\"fr_FR\" \/>\n<meta property=\"og:type\" content=\"article\" \/>\n<meta property=\"og:title\" content=\"3 raisons de participer aux salons professionnels\" \/>\n<meta property=\"og:description\" content=\"Chaque ann\u00e9e, les professionnels se r\u00e9unissent lors de diff\u00e9rents salons. iPaidThat reviens sur 3 bonnes raisons de participer aux salons professionnels.\" \/>\n<meta property=\"og:url\" content=\"https:\/\/app.ipaidthat.io\/mag\/entrepreneur\/3-raisons-participer-salons-professionnels\/\" \/>\n<meta property=\"og:site_name\" content=\"iPaidThat Mag\" \/>\n<meta property=\"article:published_time\" content=\"2020-02-14T11:54:20+00:00\" \/>\n<meta name=\"author\" content=\"S\u00e9bastien Claeys\" \/>\n<meta name=\"twitter:card\" content=\"summary_large_image\" \/>\n<meta name=\"twitter:label1\" content=\"\u00c9crit par\" \/>\n\t<meta name=\"twitter:data1\" content=\"S\u00e9bastien Claeys\" \/>\n\t<meta name=\"twitter:label2\" content=\"Dur\u00e9e de lecture estim\u00e9e\" \/>\n\t<meta name=\"twitter:data2\" content=\"4 minutes\" \/>\n<script type=\"application\/ld+json\" class=\"yoast-schema-graph\">{\"@context\":\"https:\/\/schema.org\",\"@graph\":[{\"@type\":\"Article\",\"@id\":\"https:\/\/app.ipaidthat.io\/mag\/entrepreneur\/3-raisons-participer-salons-professionnels\/#article\",\"isPartOf\":{\"@id\":\"https:\/\/app.ipaidthat.io\/mag\/entrepreneur\/3-raisons-participer-salons-professionnels\/\"},\"author\":{\"name\":\"S\u00e9bastien Claeys\",\"@id\":\"https:\/\/app.ipaidthat.io\/mag\/#\/schema\/person\/021144662586a12df79c88913050baaa\"},\"headline\":\"3 raisons de participer aux salons professionnels\",\"datePublished\":\"2020-02-14T11:54:20+00:00\",\"mainEntityOfPage\":{\"@id\":\"https:\/\/app.ipaidthat.io\/mag\/entrepreneur\/3-raisons-participer-salons-professionnels\/\"},\"wordCount\":828,\"commentCount\":0,\"publisher\":{\"@id\":\"https:\/\/app.ipaidthat.io\/mag\/#organization\"},\"articleSection\":[\"Entrepreneur\",\"Featured\"],\"inLanguage\":\"fr-FR\",\"potentialAction\":[{\"@type\":\"CommentAction\",\"name\":\"Comment\",\"target\":[\"https:\/\/app.ipaidthat.io\/mag\/entrepreneur\/3-raisons-participer-salons-professionnels\/#respond\"]}]},{\"@type\":\"WebPage\",\"@id\":\"https:\/\/app.ipaidthat.io\/mag\/entrepreneur\/3-raisons-participer-salons-professionnels\/\",\"url\":\"https:\/\/app.ipaidthat.io\/mag\/entrepreneur\/3-raisons-participer-salons-professionnels\/\",\"name\":\"3 raisons de participer aux salons professionnels\",\"isPartOf\":{\"@id\":\"https:\/\/app.ipaidthat.io\/mag\/#website\"},\"datePublished\":\"2020-02-14T11:54:20+00:00\",\"description\":\"Chaque ann\u00e9e, les professionnels se r\u00e9unissent lors de diff\u00e9rents salons. iPaidThat reviens sur 3 bonnes raisons de participer aux salons professionnels.\",\"breadcrumb\":{\"@id\":\"https:\/\/app.ipaidthat.io\/mag\/entrepreneur\/3-raisons-participer-salons-professionnels\/#breadcrumb\"},\"inLanguage\":\"fr-FR\",\"potentialAction\":[{\"@type\":\"ReadAction\",\"target\":[\"https:\/\/app.ipaidthat.io\/mag\/entrepreneur\/3-raisons-participer-salons-professionnels\/\"]}]},{\"@type\":\"BreadcrumbList\",\"@id\":\"https:\/\/app.ipaidthat.io\/mag\/entrepreneur\/3-raisons-participer-salons-professionnels\/#breadcrumb\",\"itemListElement\":[{\"@type\":\"ListItem\",\"position\":1,\"name\":\"Le Mag\",\"item\":\"https:\/\/app.ipaidthat.io\/mag\/\"},{\"@type\":\"ListItem\",\"position\":2,\"name\":\"Entrepreneur\",\"item\":\"https:\/\/app.ipaidthat.io\/mag\/category\/entrepreneur\/\"},{\"@type\":\"ListItem\",\"position\":3,\"name\":\"3 raisons de participer aux salons professionnels\"}]},{\"@type\":\"WebSite\",\"@id\":\"https:\/\/app.ipaidthat.io\/mag\/#website\",\"url\":\"https:\/\/app.ipaidthat.io\/mag\/\",\"name\":\"IPaidThat Mag\",\"description\":\"Une gestion simple, automatis\u00e9e et collaborative\",\"publisher\":{\"@id\":\"https:\/\/app.ipaidthat.io\/mag\/#organization\"},\"potentialAction\":[{\"@type\":\"SearchAction\",\"target\":{\"@type\":\"EntryPoint\",\"urlTemplate\":\"https:\/\/app.ipaidthat.io\/mag\/?s={search_term_string}\"},\"query-input\":{\"@type\":\"PropertyValueSpecification\",\"valueRequired\":true,\"valueName\":\"search_term_string\"}}],\"inLanguage\":\"fr-FR\"},{\"@type\":\"Organization\",\"@id\":\"https:\/\/app.ipaidthat.io\/mag\/#organization\",\"name\":\"IPaidThat Mag\",\"url\":\"https:\/\/app.ipaidthat.io\/mag\/\",\"logo\":{\"@type\":\"ImageObject\",\"inLanguage\":\"fr-FR\",\"@id\":\"https:\/\/app.ipaidthat.io\/mag\/#\/schema\/logo\/image\/\",\"url\":\"https:\/\/app.ipaidthat.io\/mag\/wp-content\/uploads\/2025\/11\/logo-le-mag-blog-ipaidthat.png\",\"contentUrl\":\"https:\/\/app.ipaidthat.io\/mag\/wp-content\/uploads\/2025\/11\/logo-le-mag-blog-ipaidthat.png\",\"width\":1817,\"height\":524,\"caption\":\"IPaidThat Mag\"},\"image\":{\"@id\":\"https:\/\/app.ipaidthat.io\/mag\/#\/schema\/logo\/image\/\"}},{\"@type\":\"Person\",\"@id\":\"https:\/\/app.ipaidthat.io\/mag\/#\/schema\/person\/021144662586a12df79c88913050baaa\",\"name\":\"S\u00e9bastien Claeys\",\"image\":{\"@type\":\"ImageObject\",\"inLanguage\":\"fr-FR\",\"@id\":\"https:\/\/app.ipaidthat.io\/mag\/#\/schema\/person\/image\/\",\"url\":\"https:\/\/app.ipaidthat.io\/mag\/wp-content\/uploads\/2023\/02\/sebastien-clayes-ipaidthat-96x96.png\",\"contentUrl\":\"https:\/\/app.ipaidthat.io\/mag\/wp-content\/uploads\/2023\/02\/sebastien-clayes-ipaidthat-96x96.png\",\"caption\":\"S\u00e9bastien Claeys\"},\"url\":\"https:\/\/app.ipaidthat.io\/mag\/author\/sebastienipaidthat-io\/\"}]}<\/script>\n<!-- \/ Yoast SEO plugin. -->","yoast_head_json":{"title":"3 raisons de participer aux salons professionnels","description":"Chaque ann\u00e9e, les professionnels se r\u00e9unissent lors de diff\u00e9rents salons. iPaidThat reviens sur 3 bonnes raisons de participer aux salons professionnels.","robots":{"index":"index","follow":"follow","max-snippet":"max-snippet:-1","max-image-preview":"max-image-preview:large","max-video-preview":"max-video-preview:-1"},"canonical":"https:\/\/app.ipaidthat.io\/mag\/entrepreneur\/3-raisons-participer-salons-professionnels\/","og_locale":"fr_FR","og_type":"article","og_title":"3 raisons de participer aux salons professionnels","og_description":"Chaque ann\u00e9e, les professionnels se r\u00e9unissent lors de diff\u00e9rents salons. iPaidThat reviens sur 3 bonnes raisons de participer aux salons professionnels.","og_url":"https:\/\/app.ipaidthat.io\/mag\/entrepreneur\/3-raisons-participer-salons-professionnels\/","og_site_name":"iPaidThat Mag","article_published_time":"2020-02-14T11:54:20+00:00","author":"S\u00e9bastien Claeys","twitter_card":"summary_large_image","twitter_misc":{"\u00c9crit par":"S\u00e9bastien Claeys","Dur\u00e9e de lecture estim\u00e9e":"4 minutes"},"schema":{"@context":"https:\/\/schema.org","@graph":[{"@type":"Article","@id":"https:\/\/app.ipaidthat.io\/mag\/entrepreneur\/3-raisons-participer-salons-professionnels\/#article","isPartOf":{"@id":"https:\/\/app.ipaidthat.io\/mag\/entrepreneur\/3-raisons-participer-salons-professionnels\/"},"author":{"name":"S\u00e9bastien Claeys","@id":"https:\/\/app.ipaidthat.io\/mag\/#\/schema\/person\/021144662586a12df79c88913050baaa"},"headline":"3 raisons de participer aux salons professionnels","datePublished":"2020-02-14T11:54:20+00:00","mainEntityOfPage":{"@id":"https:\/\/app.ipaidthat.io\/mag\/entrepreneur\/3-raisons-participer-salons-professionnels\/"},"wordCount":828,"commentCount":0,"publisher":{"@id":"https:\/\/app.ipaidthat.io\/mag\/#organization"},"articleSection":["Entrepreneur","Featured"],"inLanguage":"fr-FR","potentialAction":[{"@type":"CommentAction","name":"Comment","target":["https:\/\/app.ipaidthat.io\/mag\/entrepreneur\/3-raisons-participer-salons-professionnels\/#respond"]}]},{"@type":"WebPage","@id":"https:\/\/app.ipaidthat.io\/mag\/entrepreneur\/3-raisons-participer-salons-professionnels\/","url":"https:\/\/app.ipaidthat.io\/mag\/entrepreneur\/3-raisons-participer-salons-professionnels\/","name":"3 raisons de participer aux salons professionnels","isPartOf":{"@id":"https:\/\/app.ipaidthat.io\/mag\/#website"},"datePublished":"2020-02-14T11:54:20+00:00","description":"Chaque ann\u00e9e, les professionnels se r\u00e9unissent lors de diff\u00e9rents salons. iPaidThat reviens sur 3 bonnes raisons de participer aux salons professionnels.","breadcrumb":{"@id":"https:\/\/app.ipaidthat.io\/mag\/entrepreneur\/3-raisons-participer-salons-professionnels\/#breadcrumb"},"inLanguage":"fr-FR","potentialAction":[{"@type":"ReadAction","target":["https:\/\/app.ipaidthat.io\/mag\/entrepreneur\/3-raisons-participer-salons-professionnels\/"]}]},{"@type":"BreadcrumbList","@id":"https:\/\/app.ipaidthat.io\/mag\/entrepreneur\/3-raisons-participer-salons-professionnels\/#breadcrumb","itemListElement":[{"@type":"ListItem","position":1,"name":"Le Mag","item":"https:\/\/app.ipaidthat.io\/mag\/"},{"@type":"ListItem","position":2,"name":"Entrepreneur","item":"https:\/\/app.ipaidthat.io\/mag\/category\/entrepreneur\/"},{"@type":"ListItem","position":3,"name":"3 raisons de participer aux salons professionnels"}]},{"@type":"WebSite","@id":"https:\/\/app.ipaidthat.io\/mag\/#website","url":"https:\/\/app.ipaidthat.io\/mag\/","name":"IPaidThat Mag","description":"Une gestion simple, automatis\u00e9e et collaborative","publisher":{"@id":"https:\/\/app.ipaidthat.io\/mag\/#organization"},"potentialAction":[{"@type":"SearchAction","target":{"@type":"EntryPoint","urlTemplate":"https:\/\/app.ipaidthat.io\/mag\/?s={search_term_string}"},"query-input":{"@type":"PropertyValueSpecification","valueRequired":true,"valueName":"search_term_string"}}],"inLanguage":"fr-FR"},{"@type":"Organization","@id":"https:\/\/app.ipaidthat.io\/mag\/#organization","name":"IPaidThat Mag","url":"https:\/\/app.ipaidthat.io\/mag\/","logo":{"@type":"ImageObject","inLanguage":"fr-FR","@id":"https:\/\/app.ipaidthat.io\/mag\/#\/schema\/logo\/image\/","url":"https:\/\/app.ipaidthat.io\/mag\/wp-content\/uploads\/2025\/11\/logo-le-mag-blog-ipaidthat.png","contentUrl":"https:\/\/app.ipaidthat.io\/mag\/wp-content\/uploads\/2025\/11\/logo-le-mag-blog-ipaidthat.png","width":1817,"height":524,"caption":"IPaidThat Mag"},"image":{"@id":"https:\/\/app.ipaidthat.io\/mag\/#\/schema\/logo\/image\/"}},{"@type":"Person","@id":"https:\/\/app.ipaidthat.io\/mag\/#\/schema\/person\/021144662586a12df79c88913050baaa","name":"S\u00e9bastien Claeys","image":{"@type":"ImageObject","inLanguage":"fr-FR","@id":"https:\/\/app.ipaidthat.io\/mag\/#\/schema\/person\/image\/","url":"https:\/\/app.ipaidthat.io\/mag\/wp-content\/uploads\/2023\/02\/sebastien-clayes-ipaidthat-96x96.png","contentUrl":"https:\/\/app.ipaidthat.io\/mag\/wp-content\/uploads\/2023\/02\/sebastien-clayes-ipaidthat-96x96.png","caption":"S\u00e9bastien Claeys"},"url":"https:\/\/app.ipaidthat.io\/mag\/author\/sebastienipaidthat-io\/"}]}},"_links":{"self":[{"href":"https:\/\/app.ipaidthat.io\/mag\/wp-json\/wp\/v2\/posts\/3207","targetHints":{"allow":["GET"]}}],"collection":[{"href":"https:\/\/app.ipaidthat.io\/mag\/wp-json\/wp\/v2\/posts"}],"about":[{"href":"https:\/\/app.ipaidthat.io\/mag\/wp-json\/wp\/v2\/types\/post"}],"author":[{"embeddable":true,"href":"https:\/\/app.ipaidthat.io\/mag\/wp-json\/wp\/v2\/users\/4"}],"replies":[{"embeddable":true,"href":"https:\/\/app.ipaidthat.io\/mag\/wp-json\/wp\/v2\/comments?post=3207"}],"version-history":[{"count":0,"href":"https:\/\/app.ipaidthat.io\/mag\/wp-json\/wp\/v2\/posts\/3207\/revisions"}],"wp:attachment":[{"href":"https:\/\/app.ipaidthat.io\/mag\/wp-json\/wp\/v2\/media?parent=3207"}],"wp:term":[{"taxonomy":"category","embeddable":true,"href":"https:\/\/app.ipaidthat.io\/mag\/wp-json\/wp\/v2\/categories?post=3207"},{"taxonomy":"post_tag","embeddable":true,"href":"https:\/\/app.ipaidthat.io\/mag\/wp-json\/wp\/v2\/tags?post=3207"}],"curies":[{"name":"wp","href":"https:\/\/api.w.org\/{rel}","templated":true}]}}