{"id":1785,"date":"2019-10-28T10:00:51","date_gmt":"2019-10-28T09:00:51","guid":{"rendered":"https:\/\/ipaidthat.io\/mag\/?p=1785"},"modified":"2019-10-28T10:00:51","modified_gmt":"2019-10-28T09:00:51","slug":"whatsnew2-la-jeunesse-a-lhonneur","status":"publish","type":"post","link":"https:\/\/app.ipaidthat.io\/mag\/entrepreneur\/whatsnew2-la-jeunesse-a-lhonneur\/","title":{"rendered":"WHATSNEW#2: La jeunesse \u00e0 l&rsquo;honneur"},"content":{"rendered":"\n<h2 class=\"wp-block-heading\"><strong>WhatsNew, c\u2019est votre rendez-vous d\u2019actualit\u00e9 sur le Mag iPaidThat. Vous y retrouverez toutes les nouveaut\u00e9s importantes sur le secteur: startups, entrepreneuriat, comptabilit\u00e9<\/strong><\/h2>\n\n\n\n<h3 class=\"wp-block-heading\">\u00ab\u00a0<strong>The Way\u00a0\u00bb, ou quand les experts-comptables veulent s\u00e9duire la jeunesse<\/strong><\/h3>\n\n\n\n<p>Les experts-comptables en sont conscients: le m\u00e9tier souffre d&rsquo;une mauvaise presse aupr\u00e8s des jeunes. Jug\u00e9 ennuyeux, r\u00e9p\u00e9titif et monotone, il peine \u00e0 attirer la jeunesse. Pourtant il assure une insertion professionnelle presque imm\u00e9diate, la s\u00e9curit\u00e9 de l&#8217;emploi et un salaire confortable. <\/p>\n\n\n\n<p>Malheureusement, ces arguments ne suffisent plus. <strong>L&rsquo;Ordre des Experts Comptables<\/strong> va donc initier le 1er novembre prochain l&rsquo;\u00e9dition 2019 de \u00ab\u00a0The Way\u00a0\u00bb. Cette op\u00e9ration de s\u00e9duction proposant aux jeunes de <strong>trouver leur \u00ab\u00a0voie\u00a0\u00bb <\/strong>pr\u00e9sente le vrai visage de la profession. Au programme: portes ouvertes dans les cabinets, rencontre avec des professionnels, salons. Ces activit\u00e9s ont notamment pour but de montrer aux jeunes la <strong>pluralit\u00e9 des m\u00e9tiers repr\u00e9sent\u00e9s en cabinet comptable<\/strong>. Community manager, data analyst ou marketeur pour ne citer qu&rsquo;eux. Le m\u00e9tier d&rsquo;expert-comptable lui-m\u00eame se r\u00e9invente gr\u00e2ce aux nouvelles technologies.<\/p>\n\n\n\n<p>Les experts-comptables de la France enti\u00e8re veulent prouver \u00e0 la jeunesse qu&rsquo;on ne s&rsquo;ennuie pas quand on est expert-comptable. Des <strong>activit\u00e9s ludiques et festives <\/strong>sont organis\u00e9s selon les diff\u00e9rents Ordres en r\u00e9gion. Soir\u00e9es bowling dans le Cantal, concert \u00e0 Clermont-Ferrand, after work \u00e0 Perpignan, spectacle comique \u00e0 Nancy. L&rsquo;expertise comptable compte bien composer avec la jeunesse !<\/p>\n\n\n\n<h3 class=\"wp-block-heading\"><strong>L&rsquo;entrepreneuriat \u00e9tudiant enfin encourag\u00e9<\/strong><\/h3>\n\n\n\n<p><strong>5 millions d&rsquo;euros<\/strong>, c&rsquo;est la somme que Fr\u00e9d\u00e9rique Vidal, ministre de l&rsquo;Enseignement sup\u00e9rieur, va consacrer \u00e0 l&rsquo;entrepreneuriat \u00e9tudiant chaque ann\u00e9e, selon son annonce du 10 octobre. Les objectifs de cette hausse de moyens sont multiples: favoriser la cr\u00e9ation d&rsquo;entreprise et d\u00e9velopper un meilleur accompagnement de ces projets. En effet, les p\u00f4les pour l&rsquo;innovation et l&rsquo;entrepreneuriat existent d\u00e9j\u00e0, les moyens allou\u00e9s \u00e0 ces derniers n&rsquo;\u00e9taient cependant pas suffisants. 714 000 euros pour une trentaine de p\u00f4les, c&rsquo;est la somme que le gouvernement avait d\u00e9pens\u00e9e en 2018. <\/p>\n\n\n\n<p>Cette annonce marque donc une volont\u00e9 ferme d&rsquo;accompagner la jeunesse dans ses projets. La rentr\u00e9e 2020 verra donc <strong>une semaine nationale de l&rsquo;entrepreneuriat<\/strong> dans le sup\u00e9rieur \u00eatre inaugur\u00e9e. Ces heures d&rsquo;accompagnement pourront \u00eatre comptabilis\u00e9es en cr\u00e9dits \u00ab\u00a0ECTS\u00a0\u00bb, et donc utiles pour valider l&rsquo;ann\u00e9e universitaire. Il est grand temps d&rsquo;entreprendre !<\/p>\n\n\n\n<h3 class=\"wp-block-heading\"><strong><a href=\"https:\/\/www.pepite-france.fr\/\" target=\"_blank\" rel=\"noreferrer noopener\" aria-label=\"Prix PEPITE 2019 (s\u2019ouvre dans un nouvel onglet)\">Prix PEPITE 2019<\/a><\/strong>: <strong>des r\u00e9compenses pour la jeunesse qui entreprend<\/strong><\/h3>\n\n\n\n<p>L&rsquo;annonce de Fr\u00e9d\u00e9rique Vidal a donc \u00e9t\u00e9 prononc\u00e9 lors de l\u2019\u00e9v\u00e9nement le plus important pour les entrepreneurs \u00e9tudiants. <strong>Le prix PEPITE a \u00e9t\u00e9 cr\u00e9e en 2014<\/strong> pour r\u00e9compenser les entrepreneurs qui, gr\u00e2ce aux p\u00f4les \u00e9tudiants, ont d\u00e9velopp\u00e9 un projet innovant. Les r\u00e9compenses ? Une visibilit\u00e9 et une porte d&rsquo;entr\u00e9e non n\u00e9gligeables dans le monde de l&rsquo;entrepreneuriat, <strong>notamment gr\u00e2ce \u00e0 l&rsquo;aide de la BPI, nouveau partenaire du prix.<\/strong> Mais aussi une r\u00e9compense de<strong> 10 000 euros <\/strong>pour faire progresser son projet.<\/p>\n\n\n\n<p><a href=\"https:\/\/www.enseignementsup-recherche.gouv.fr\/cid145826\/6e-edition-du-prix-pepite-tremplin-pour-l-entrepreneuriat-etudiant-29-laureats-nationaux.html\" target=\"_blank\" rel=\"noreferrer noopener\" aria-label=\"Les 29 laur\u00e9ats nationaux (s\u2019ouvre dans un nouvel onglet)\">Les 29 laur\u00e9ats nationaux<\/a> de cette ann\u00e9e ont fait la fiert\u00e9 de Fr\u00e9d\u00e9rique Vidal, ministre de l&rsquo;Enseignement sup\u00e9rieur: <strong>\u00ab\u00a029 champions nationaux ont \u00e9t\u00e9 distingu\u00e9s par des jurys \u00e0 travers toute la France. Ils repr\u00e9sentent leurs territoires par leur esprit d&rsquo;initiative et d&rsquo;innovation dans des domaines aussi vari\u00e9s que la transition \u00e9cologique, l&rsquo;\u00e9conomie circulaire, le d\u00e9veloppement d&rsquo;aliments positifs, l&rsquo;inclusion des personnes en situation de handicap, le num\u00e9rique au service du lien entre les personnes&#8230;\u00a0\u00bb<\/strong>. <\/p>\n\n\n\n<p>Parmi les 29 laur\u00e9ats, des projets et des profils vari\u00e9s. Des jeunes entre 20 et 30 ans, de niveaux licence, master ou doctorats, portant des projets dans diff\u00e9rents domaines. Ils partagent n\u00e9anmoins un esprit initiative et entrepreneuriat qui les poussent \u00e0 aller de l&rsquo;avant.<\/p>\n\n\n\n<h3 class=\"wp-block-heading\"><strong>Le <a rel=\"noreferrer noopener\" aria-label=\"Lab'O (s\u2019ouvre dans un nouvel onglet)\" href=\"https:\/\/www.lehavre.fr\/actualites\/le-labo-pour-oser-entreprendre\" target=\"_blank\">Lab&rsquo;O<\/a>, tout le monde a le droit d&rsquo;entreprendre<\/strong><\/h3>\n\n\n\n<p>Dans la ville populaire et portuaire du Havre, un endroit particulier, une v\u00e9ritable p\u00e9pini\u00e8re, permet aux jeunes de d\u00e9velopper leurs envies d&rsquo;entreprendre. En collaboration avec la mission locale, <strong>le Lab&rsquo;O<\/strong> met \u00e0 disposition un espace de co-working et un mat\u00e9riel technologique de qualit\u00e9. <\/p>\n\n\n\n<p>Le public est tr\u00e8s jeune (\u00e0 partir de 16 ans), mais b\u00e9n\u00e9ficie d&rsquo;un accompagnement continu. Les fondateurs se sont rendu compte qu&rsquo;<strong>il existait de nombreux talents dans les quartiers populaires du Havre<\/strong>, talents qui ne demandaient qu&rsquo;un peu d&rsquo;aide pour d\u00e9coller. Derni\u00e8rement, une boutique a m\u00eame \u00e9t\u00e9 con\u00e7u pour permettre aux projets les plus aboutis de b\u00e9n\u00e9ficier d&rsquo;une vitrine pour la vente. Cette initiative a permis \u00e0 ces jeunes de se confronter \u00e0 la r\u00e9alit\u00e9 du \u00ab\u00a0terrain\u00a0\u00bb et de tester la r\u00e9ception de leur produit.<\/p>\n\n\n\n<h3 class=\"wp-block-heading\"><strong><a href=\"https:\/\/ipaidthat.io\/fr\/?utm_source=mag&amp;utm_campaign=texte&amp;utm_content=texte\" target=\"_blank\" rel=\"noreferrer noopener\" aria-label=\"iPaidThat fait confiance \u00e0 la jeunesse (s\u2019ouvre dans un nouvel onglet)\">iPaidThat fait confiance \u00e0 la jeunesse<\/a><\/strong><\/h3>\n\n\n\n<p>Chez iPaidThat nous faisons confiance \u00e0 la jeunesse, et ce depuis le d\u00e9but. Il nous a toujours sembl\u00e9 important de donner <strong>une chances \u00e0 la jeunesse, en l&rsquo;occurence \u00e0 des alternants.<\/strong> Ils sont au nombre de six et sont venus renforcer nos \u00e9quipes <strong>Sales et Marketing<\/strong>. L&rsquo;alternance est un moyen de s&rsquo;immerger dans la vie professionnelle pour les \u00e9tudiants. Elle repr\u00e9sente aussi pour les employeurs un investissement pour le futur. <strong>Enfin, la transmission <\/strong>est au centre de cette d\u00e9marche et notre \u00e9quipe est tr\u00e8s heureuse de les accueillir !<\/p>\n\n\n\n<p>On se retrouve le mois prochain pour un nouveau num\u00e9ro de <a rel=\"noreferrer noopener\" aria-label=\"WhatsNew (s\u2019ouvre dans un nouvel onglet)\" href=\"https:\/\/ipaidthat.io\/mag\/entrepreneur\/whatsnew-rentree-startups\/\" target=\"_blank\">WhatsNew<\/a> !<\/p>\n","protected":false},"excerpt":{"rendered":"<p>WhatsNew, c\u2019est votre rendez-vous d\u2019actualit\u00e9 sur le Mag iPaidThat. Vous y retrouverez toutes les nouveaut\u00e9s importantes sur le secteur: startups, entrepreneuriat, comptabilit\u00e9 \u00ab\u00a0The Way\u00a0\u00bb, ou quand les experts-comptables veulent s\u00e9duire la jeunesse Les experts-comptables en sont conscients: le m\u00e9tier souffre d&rsquo;une mauvaise presse aupr\u00e8s des jeunes. Jug\u00e9 ennuyeux, r\u00e9p\u00e9titif et monotone, il peine \u00e0 attirer [&hellip;]<\/p>\n","protected":false},"author":4,"featured_media":0,"comment_status":"open","ping_status":"open","sticky":false,"template":"","format":"standard","meta":{"footnotes":""},"categories":[2,4],"tags":[],"class_list":["post-1785","post","type-post","status-publish","format-standard","hentry","category-entrepreneur","category-featured"],"yoast_head":"<!-- This site is optimized with the Yoast SEO plugin v26.6 - https:\/\/yoast.com\/wordpress\/plugins\/seo\/ -->\n<title>WHATSNEW#2: La jeunesse \u00e0 l&#039;honneur<\/title>\n<meta name=\"description\" content=\"WHATSNEW#2: La jeunesse \u00e0 l&#039;honneur. Votre rendez-vous d&#039;actualit\u00e9 sur le mag iPaidThat est de retour. Retrouvez toute l&#039;actua compta et entrepreunariat.\" \/>\n<meta name=\"robots\" content=\"index, follow, max-snippet:-1, max-image-preview:large, max-video-preview:-1\" \/>\n<link rel=\"canonical\" href=\"https:\/\/app.ipaidthat.io\/mag\/entrepreneur\/whatsnew2-la-jeunesse-a-lhonneur\/\" \/>\n<meta property=\"og:locale\" content=\"fr_FR\" \/>\n<meta property=\"og:type\" content=\"article\" \/>\n<meta property=\"og:title\" content=\"WHATSNEW#2: La jeunesse \u00e0 l&#039;honneur\" \/>\n<meta property=\"og:description\" content=\"WHATSNEW#2: La jeunesse \u00e0 l&#039;honneur. Votre rendez-vous d&#039;actualit\u00e9 sur le mag iPaidThat est de retour. Retrouvez toute l&#039;actua compta et entrepreunariat.\" \/>\n<meta property=\"og:url\" content=\"https:\/\/app.ipaidthat.io\/mag\/entrepreneur\/whatsnew2-la-jeunesse-a-lhonneur\/\" \/>\n<meta property=\"og:site_name\" content=\"iPaidThat Mag\" \/>\n<meta property=\"article:published_time\" content=\"2019-10-28T09:00:51+00:00\" \/>\n<meta name=\"author\" content=\"S\u00e9bastien Claeys\" \/>\n<meta name=\"twitter:card\" content=\"summary_large_image\" \/>\n<meta name=\"twitter:label1\" content=\"\u00c9crit par\" \/>\n\t<meta name=\"twitter:data1\" content=\"S\u00e9bastien Claeys\" \/>\n\t<meta name=\"twitter:label2\" content=\"Dur\u00e9e de lecture estim\u00e9e\" \/>\n\t<meta name=\"twitter:data2\" content=\"4 minutes\" \/>\n<script type=\"application\/ld+json\" class=\"yoast-schema-graph\">{\"@context\":\"https:\/\/schema.org\",\"@graph\":[{\"@type\":\"Article\",\"@id\":\"https:\/\/app.ipaidthat.io\/mag\/entrepreneur\/whatsnew2-la-jeunesse-a-lhonneur\/#article\",\"isPartOf\":{\"@id\":\"https:\/\/app.ipaidthat.io\/mag\/entrepreneur\/whatsnew2-la-jeunesse-a-lhonneur\/\"},\"author\":{\"name\":\"S\u00e9bastien Claeys\",\"@id\":\"https:\/\/app.ipaidthat.io\/mag\/#\/schema\/person\/021144662586a12df79c88913050baaa\"},\"headline\":\"WHATSNEW#2: La jeunesse \u00e0 l&rsquo;honneur\",\"datePublished\":\"2019-10-28T09:00:51+00:00\",\"mainEntityOfPage\":{\"@id\":\"https:\/\/app.ipaidthat.io\/mag\/entrepreneur\/whatsnew2-la-jeunesse-a-lhonneur\/\"},\"wordCount\":918,\"commentCount\":0,\"publisher\":{\"@id\":\"https:\/\/app.ipaidthat.io\/mag\/#organization\"},\"articleSection\":[\"Entrepreneur\",\"Featured\"],\"inLanguage\":\"fr-FR\",\"potentialAction\":[{\"@type\":\"CommentAction\",\"name\":\"Comment\",\"target\":[\"https:\/\/app.ipaidthat.io\/mag\/entrepreneur\/whatsnew2-la-jeunesse-a-lhonneur\/#respond\"]}]},{\"@type\":\"WebPage\",\"@id\":\"https:\/\/app.ipaidthat.io\/mag\/entrepreneur\/whatsnew2-la-jeunesse-a-lhonneur\/\",\"url\":\"https:\/\/app.ipaidthat.io\/mag\/entrepreneur\/whatsnew2-la-jeunesse-a-lhonneur\/\",\"name\":\"WHATSNEW#2: La jeunesse \u00e0 l'honneur\",\"isPartOf\":{\"@id\":\"https:\/\/app.ipaidthat.io\/mag\/#website\"},\"datePublished\":\"2019-10-28T09:00:51+00:00\",\"description\":\"WHATSNEW#2: La jeunesse \u00e0 l'honneur. Votre rendez-vous d'actualit\u00e9 sur le mag iPaidThat est de retour. Retrouvez toute l'actua compta et entrepreunariat.\",\"breadcrumb\":{\"@id\":\"https:\/\/app.ipaidthat.io\/mag\/entrepreneur\/whatsnew2-la-jeunesse-a-lhonneur\/#breadcrumb\"},\"inLanguage\":\"fr-FR\",\"potentialAction\":[{\"@type\":\"ReadAction\",\"target\":[\"https:\/\/app.ipaidthat.io\/mag\/entrepreneur\/whatsnew2-la-jeunesse-a-lhonneur\/\"]}]},{\"@type\":\"BreadcrumbList\",\"@id\":\"https:\/\/app.ipaidthat.io\/mag\/entrepreneur\/whatsnew2-la-jeunesse-a-lhonneur\/#breadcrumb\",\"itemListElement\":[{\"@type\":\"ListItem\",\"position\":1,\"name\":\"Le Mag\",\"item\":\"https:\/\/app.ipaidthat.io\/mag\/\"},{\"@type\":\"ListItem\",\"position\":2,\"name\":\"Entrepreneur\",\"item\":\"https:\/\/app.ipaidthat.io\/mag\/category\/entrepreneur\/\"},{\"@type\":\"ListItem\",\"position\":3,\"name\":\"WHATSNEW#2: La jeunesse \u00e0 l&rsquo;honneur\"}]},{\"@type\":\"WebSite\",\"@id\":\"https:\/\/app.ipaidthat.io\/mag\/#website\",\"url\":\"https:\/\/app.ipaidthat.io\/mag\/\",\"name\":\"IPaidThat Mag\",\"description\":\"Une gestion simple, automatis\u00e9e et collaborative\",\"publisher\":{\"@id\":\"https:\/\/app.ipaidthat.io\/mag\/#organization\"},\"potentialAction\":[{\"@type\":\"SearchAction\",\"target\":{\"@type\":\"EntryPoint\",\"urlTemplate\":\"https:\/\/app.ipaidthat.io\/mag\/?s={search_term_string}\"},\"query-input\":{\"@type\":\"PropertyValueSpecification\",\"valueRequired\":true,\"valueName\":\"search_term_string\"}}],\"inLanguage\":\"fr-FR\"},{\"@type\":\"Organization\",\"@id\":\"https:\/\/app.ipaidthat.io\/mag\/#organization\",\"name\":\"IPaidThat Mag\",\"url\":\"https:\/\/app.ipaidthat.io\/mag\/\",\"logo\":{\"@type\":\"ImageObject\",\"inLanguage\":\"fr-FR\",\"@id\":\"https:\/\/app.ipaidthat.io\/mag\/#\/schema\/logo\/image\/\",\"url\":\"https:\/\/app.ipaidthat.io\/mag\/wp-content\/uploads\/2025\/11\/logo-le-mag-blog-ipaidthat.png\",\"contentUrl\":\"https:\/\/app.ipaidthat.io\/mag\/wp-content\/uploads\/2025\/11\/logo-le-mag-blog-ipaidthat.png\",\"width\":1817,\"height\":524,\"caption\":\"IPaidThat Mag\"},\"image\":{\"@id\":\"https:\/\/app.ipaidthat.io\/mag\/#\/schema\/logo\/image\/\"}},{\"@type\":\"Person\",\"@id\":\"https:\/\/app.ipaidthat.io\/mag\/#\/schema\/person\/021144662586a12df79c88913050baaa\",\"name\":\"S\u00e9bastien Claeys\",\"image\":{\"@type\":\"ImageObject\",\"inLanguage\":\"fr-FR\",\"@id\":\"https:\/\/app.ipaidthat.io\/mag\/#\/schema\/person\/image\/\",\"url\":\"https:\/\/app.ipaidthat.io\/mag\/wp-content\/uploads\/2023\/02\/sebastien-clayes-ipaidthat-96x96.png\",\"contentUrl\":\"https:\/\/app.ipaidthat.io\/mag\/wp-content\/uploads\/2023\/02\/sebastien-clayes-ipaidthat-96x96.png\",\"caption\":\"S\u00e9bastien Claeys\"},\"url\":\"https:\/\/app.ipaidthat.io\/mag\/author\/sebastienipaidthat-io\/\"}]}<\/script>\n<!-- \/ Yoast SEO plugin. -->","yoast_head_json":{"title":"WHATSNEW#2: La jeunesse \u00e0 l'honneur","description":"WHATSNEW#2: La jeunesse \u00e0 l'honneur. Votre rendez-vous d'actualit\u00e9 sur le mag iPaidThat est de retour. Retrouvez toute l'actua compta et entrepreunariat.","robots":{"index":"index","follow":"follow","max-snippet":"max-snippet:-1","max-image-preview":"max-image-preview:large","max-video-preview":"max-video-preview:-1"},"canonical":"https:\/\/app.ipaidthat.io\/mag\/entrepreneur\/whatsnew2-la-jeunesse-a-lhonneur\/","og_locale":"fr_FR","og_type":"article","og_title":"WHATSNEW#2: La jeunesse \u00e0 l'honneur","og_description":"WHATSNEW#2: La jeunesse \u00e0 l'honneur. Votre rendez-vous d'actualit\u00e9 sur le mag iPaidThat est de retour. Retrouvez toute l'actua compta et entrepreunariat.","og_url":"https:\/\/app.ipaidthat.io\/mag\/entrepreneur\/whatsnew2-la-jeunesse-a-lhonneur\/","og_site_name":"iPaidThat Mag","article_published_time":"2019-10-28T09:00:51+00:00","author":"S\u00e9bastien Claeys","twitter_card":"summary_large_image","twitter_misc":{"\u00c9crit par":"S\u00e9bastien Claeys","Dur\u00e9e de lecture estim\u00e9e":"4 minutes"},"schema":{"@context":"https:\/\/schema.org","@graph":[{"@type":"Article","@id":"https:\/\/app.ipaidthat.io\/mag\/entrepreneur\/whatsnew2-la-jeunesse-a-lhonneur\/#article","isPartOf":{"@id":"https:\/\/app.ipaidthat.io\/mag\/entrepreneur\/whatsnew2-la-jeunesse-a-lhonneur\/"},"author":{"name":"S\u00e9bastien Claeys","@id":"https:\/\/app.ipaidthat.io\/mag\/#\/schema\/person\/021144662586a12df79c88913050baaa"},"headline":"WHATSNEW#2: La jeunesse \u00e0 l&rsquo;honneur","datePublished":"2019-10-28T09:00:51+00:00","mainEntityOfPage":{"@id":"https:\/\/app.ipaidthat.io\/mag\/entrepreneur\/whatsnew2-la-jeunesse-a-lhonneur\/"},"wordCount":918,"commentCount":0,"publisher":{"@id":"https:\/\/app.ipaidthat.io\/mag\/#organization"},"articleSection":["Entrepreneur","Featured"],"inLanguage":"fr-FR","potentialAction":[{"@type":"CommentAction","name":"Comment","target":["https:\/\/app.ipaidthat.io\/mag\/entrepreneur\/whatsnew2-la-jeunesse-a-lhonneur\/#respond"]}]},{"@type":"WebPage","@id":"https:\/\/app.ipaidthat.io\/mag\/entrepreneur\/whatsnew2-la-jeunesse-a-lhonneur\/","url":"https:\/\/app.ipaidthat.io\/mag\/entrepreneur\/whatsnew2-la-jeunesse-a-lhonneur\/","name":"WHATSNEW#2: La jeunesse \u00e0 l'honneur","isPartOf":{"@id":"https:\/\/app.ipaidthat.io\/mag\/#website"},"datePublished":"2019-10-28T09:00:51+00:00","description":"WHATSNEW#2: La jeunesse \u00e0 l'honneur. Votre rendez-vous d'actualit\u00e9 sur le mag iPaidThat est de retour. Retrouvez toute l'actua compta et entrepreunariat.","breadcrumb":{"@id":"https:\/\/app.ipaidthat.io\/mag\/entrepreneur\/whatsnew2-la-jeunesse-a-lhonneur\/#breadcrumb"},"inLanguage":"fr-FR","potentialAction":[{"@type":"ReadAction","target":["https:\/\/app.ipaidthat.io\/mag\/entrepreneur\/whatsnew2-la-jeunesse-a-lhonneur\/"]}]},{"@type":"BreadcrumbList","@id":"https:\/\/app.ipaidthat.io\/mag\/entrepreneur\/whatsnew2-la-jeunesse-a-lhonneur\/#breadcrumb","itemListElement":[{"@type":"ListItem","position":1,"name":"Le Mag","item":"https:\/\/app.ipaidthat.io\/mag\/"},{"@type":"ListItem","position":2,"name":"Entrepreneur","item":"https:\/\/app.ipaidthat.io\/mag\/category\/entrepreneur\/"},{"@type":"ListItem","position":3,"name":"WHATSNEW#2: La jeunesse \u00e0 l&rsquo;honneur"}]},{"@type":"WebSite","@id":"https:\/\/app.ipaidthat.io\/mag\/#website","url":"https:\/\/app.ipaidthat.io\/mag\/","name":"IPaidThat Mag","description":"Une gestion simple, automatis\u00e9e et collaborative","publisher":{"@id":"https:\/\/app.ipaidthat.io\/mag\/#organization"},"potentialAction":[{"@type":"SearchAction","target":{"@type":"EntryPoint","urlTemplate":"https:\/\/app.ipaidthat.io\/mag\/?s={search_term_string}"},"query-input":{"@type":"PropertyValueSpecification","valueRequired":true,"valueName":"search_term_string"}}],"inLanguage":"fr-FR"},{"@type":"Organization","@id":"https:\/\/app.ipaidthat.io\/mag\/#organization","name":"IPaidThat Mag","url":"https:\/\/app.ipaidthat.io\/mag\/","logo":{"@type":"ImageObject","inLanguage":"fr-FR","@id":"https:\/\/app.ipaidthat.io\/mag\/#\/schema\/logo\/image\/","url":"https:\/\/app.ipaidthat.io\/mag\/wp-content\/uploads\/2025\/11\/logo-le-mag-blog-ipaidthat.png","contentUrl":"https:\/\/app.ipaidthat.io\/mag\/wp-content\/uploads\/2025\/11\/logo-le-mag-blog-ipaidthat.png","width":1817,"height":524,"caption":"IPaidThat Mag"},"image":{"@id":"https:\/\/app.ipaidthat.io\/mag\/#\/schema\/logo\/image\/"}},{"@type":"Person","@id":"https:\/\/app.ipaidthat.io\/mag\/#\/schema\/person\/021144662586a12df79c88913050baaa","name":"S\u00e9bastien Claeys","image":{"@type":"ImageObject","inLanguage":"fr-FR","@id":"https:\/\/app.ipaidthat.io\/mag\/#\/schema\/person\/image\/","url":"https:\/\/app.ipaidthat.io\/mag\/wp-content\/uploads\/2023\/02\/sebastien-clayes-ipaidthat-96x96.png","contentUrl":"https:\/\/app.ipaidthat.io\/mag\/wp-content\/uploads\/2023\/02\/sebastien-clayes-ipaidthat-96x96.png","caption":"S\u00e9bastien Claeys"},"url":"https:\/\/app.ipaidthat.io\/mag\/author\/sebastienipaidthat-io\/"}]}},"_links":{"self":[{"href":"https:\/\/app.ipaidthat.io\/mag\/wp-json\/wp\/v2\/posts\/1785","targetHints":{"allow":["GET"]}}],"collection":[{"href":"https:\/\/app.ipaidthat.io\/mag\/wp-json\/wp\/v2\/posts"}],"about":[{"href":"https:\/\/app.ipaidthat.io\/mag\/wp-json\/wp\/v2\/types\/post"}],"author":[{"embeddable":true,"href":"https:\/\/app.ipaidthat.io\/mag\/wp-json\/wp\/v2\/users\/4"}],"replies":[{"embeddable":true,"href":"https:\/\/app.ipaidthat.io\/mag\/wp-json\/wp\/v2\/comments?post=1785"}],"version-history":[{"count":0,"href":"https:\/\/app.ipaidthat.io\/mag\/wp-json\/wp\/v2\/posts\/1785\/revisions"}],"wp:attachment":[{"href":"https:\/\/app.ipaidthat.io\/mag\/wp-json\/wp\/v2\/media?parent=1785"}],"wp:term":[{"taxonomy":"category","embeddable":true,"href":"https:\/\/app.ipaidthat.io\/mag\/wp-json\/wp\/v2\/categories?post=1785"},{"taxonomy":"post_tag","embeddable":true,"href":"https:\/\/app.ipaidthat.io\/mag\/wp-json\/wp\/v2\/tags?post=1785"}],"curies":[{"name":"wp","href":"https:\/\/api.w.org\/{rel}","templated":true}]}}