{"id":164,"date":"2019-06-21T14:00:26","date_gmt":"2019-06-21T12:00:26","guid":{"rendered":"https:\/\/ipaidthat.io\/mag\/?p=164"},"modified":"2019-06-21T14:00:26","modified_gmt":"2019-06-21T12:00:26","slug":"ameliorer-votre-productivite-pour-un-meilleur-developpement-dentreprise","status":"publish","type":"post","link":"https:\/\/app.ipaidthat.io\/mag\/entrepreneur\/ameliorer-votre-productivite-pour-un-meilleur-developpement-dentreprise\/","title":{"rendered":"Am\u00e9liorer sa productivit\u00e9 pour booster son entreprise"},"content":{"rendered":"\n<p style=\"font-size:0;text-align:left\">Si vous souhaitez d\u00e9velopper votre activit\u00e9 et \u00eatre plus performant, analysez votre mani\u00e8re actuelle d\u2019accomplir votre planning de travail. C\u2019est seulement de cette fa\u00e7on que vous am\u00e9liorerez votre productivit\u00e9 ! Pour vous aider \u00e0&nbsp;<strong>r\u00e9partir votre temps de travail de fa\u00e7on optimale<\/strong>,&nbsp;voici la marche \u00e0 suivre pour am\u00e9liorer la productivit\u00e9 du travail&nbsp;: nous avons rassembl\u00e9 pour vous les meilleures pratiques pour reconqu\u00e9rir facilement votre espace de travail, et votre gestion du temps.&nbsp;<\/p>\n\n\n\n<h2 class=\"wp-block-heading\"><strong>\u00c0 quoi correspond exactement la productivit\u00e9&nbsp;?<\/strong><\/h2>\n\n\n\n<p>La productivit\u00e9 est le rapport entre une production de biens ou de services et les moyens (humains, technologiques, mati\u00e8res premi\u00e8res, capital) mis en \u0153uvre pour la r\u00e9aliser.&nbsp;<\/p>\n\n\n\n<p><strong>La productivit\u00e9 revient donc \u00e0 mesurer l&rsquo;efficacit\u00e9<\/strong> de votre entreprise dans l\u2019utilisation des ressources mises \u00e0 votre disposition.<\/p>\n\n\n\n<p>Ainsi, pour cro\u00eetre, et donc obtenir un gain de productivit\u00e9,&nbsp;<strong>une entreprise doit constamment chercher \u00e0<\/strong>&nbsp;<strong>optimiser<\/strong> son organisation de travail,<strong> int\u00e9grer<\/strong> les progr\u00e8s techniques li\u00e9s \u00e0 son activit\u00e9, et notamment les technologies de l\u2019information. Elle doit \u00e9galement<strong> augmenter<\/strong> ses comp\u00e9tences (dirigeants, employ\u00e9s). Enfin, elle doit <strong>tenir compte<\/strong> des attentes de sa client\u00e8le<\/p>\n\n\n\n<p>Pour ce faire, vous devez identifier au sein m\u00eame de votre entreprise les occasions qui permettront d\u2019am\u00e9liorer votre efficacit\u00e9, et ce, \u00e0 tous les niveaux !&nbsp;<\/p>\n\n\n\n<h2 class=\"wp-block-heading\"><strong>Comment calculer votre temps de travail ?<\/strong><\/h2>\n\n\n\n<p>Comme nous l\u2019avons vu, la productivit\u00e9 se mesure en tenant compte du temps pass\u00e9 sur la r\u00e9alisation d\u2019une t\u00e2che, et l\u2019utilisation d\u2019outils adapt\u00e9s. En d\u2019autres termes, <strong>la productivit\u00e9 peut se calculer de la mani\u00e8re suivante<\/strong>&nbsp;:<\/p>\n\n\n\n<ul class=\"wp-block-list\"><li><strong>Productivit\u00e9 horaire<\/strong>= production ou chiffre d\u2019affaires \/ nombre d\u2019heures travaill\u00e9es<\/li><\/ul>\n\n\n\n<ul class=\"wp-block-list\"><li><strong>Productivit\u00e9 par salari\u00e9<\/strong>= production ou chiffre d\u2019affaires \/ nombre de salari\u00e9s<\/li><\/ul>\n\n\n\n<p>Ainsi, pour gagner du temps, vous devez clairement calculer la productivit\u00e9, et donc identifier la quantit\u00e9 de travail (de qualit\u00e9) n\u00e9cessaire \u00e0 produire un bien ou un service dans un d\u00e9lai dit \u00ab&nbsp;raisonnable&nbsp;\u00bb.&nbsp;<\/p>\n\n\n\n<p>En premier lieu, pour g\u00e9rer votre temps de travail ou celle de vos \u00e9quipes, vous devez&nbsp;<strong>tenir compte de ces&nbsp;quatre \u00e9tapes \u00e9l\u00e9mentaires<\/strong>&nbsp;:<\/p>\n\n\n\n<ul class=\"wp-block-list\"><li>D\u00e9finissez ce qu\u2019est la productivit\u00e9&nbsp;pour vous.<\/li><li>D\u00e9finissez des mini-objectifs \u00e0 tenir.<\/li><li>Identifiez vos normes et rep\u00e8res.<\/li><li>Mesurez constamment et syst\u00e9matiquement les progr\u00e8s et \u00e9checs rencontr\u00e9s.<\/li><\/ul>\n\n\n\n<p>Une fois ces points \u00e9claircis, pour stimuler la productivit\u00e9, et augmenter votre efficacit\u00e9 de travail,&nbsp;<strong>travaillez sur ces principaux axes<\/strong>:&nbsp;<\/p>\n\n\n\n<ul class=\"wp-block-list\"><li><strong>L&rsquo;organisation<\/strong>  de vos postes de travail, de l\u2019environnement de travail de vos employ\u00e9s<\/li><li><strong>La motivation<\/strong> de vos salari\u00e9s&nbsp;et de vous-m\u00eame \u00e0 produire&nbsp; <\/li><li><strong>La performance<\/strong> du mat\u00e9riel utilis\u00e9&nbsp;<\/li><li><strong>L&rsquo;environnementet le climat social<\/strong> dans lequel vous \u00e9voluez&nbsp;<\/li><li><strong>L&rsquo;exp\u00e9rience et la qualification<\/strong> n\u00e9cessaire pour augmenter votre croissance \u00e9conomique<\/li><\/ul>\n\n\n\n<h2 class=\"wp-block-heading\"><strong>9 strat\u00e9gies pour am\u00e9liorer votre temps de travail<\/strong> :<\/h2>\n\n\n\n<p><strong>L&rsquo;efficacit\u00e9 li\u00e9e \u00e0 une quantit\u00e9 de travail peut \u00eatre am\u00e9lior\u00e9e de plusieurs fa\u00e7ons<\/strong>. Vous pourriez par exemple progresser sur ces t\u00e2ches :<\/p>\n\n\n\n<ul class=\"wp-block-list\"><li><strong>Organisez votre espace de travail<\/strong>: une meilleure organisation vous permettra de faire plus avec moins&nbsp;! Ordonnez son espace de travail permet d\u2019ordonner son \u00e9tat d\u2019esprit.&nbsp;<br>Retirez de votre bureau tout ce qui n\u2019est pas essentiel pour travailler. Vous \u00e9viterez ainsi toutes distractions et gagnerez un temps pr\u00e9cieux, au lieu d\u2019en passer \u00e0 retrouver vos affaires. Un espace bien organis\u00e9 est en effet tr\u00e8s b\u00e9n\u00e9fique \u00e0 la croissance de la productivit\u00e9.&nbsp;<\/li><\/ul>\n\n\n\n<ul class=\"wp-block-list\"><li><strong>Identifiez vos priorit\u00e9s<\/strong>&nbsp;: aidez-vous des outils suivants pour y parvenir : le classement A-B-C-D,&nbsp;<a href=\"https:\/\/fr.wikipedia.org\/wiki\/Matrice_d%27Eisenhower\">la matrice d\u2019Einsenhower<\/a>, la technique Pomodoro,&nbsp;<a href=\"http:\/\/www.deltabut.com\/documents\/07co8008fo04.pdf\">la m\u00e9thode NERAC<\/a>. Ils vous apprendront quelques notions de productivit\u00e9 de base pour organiser votre temps.&nbsp;<\/li><\/ul>\n\n\n\n<ul class=\"wp-block-list\"><li><strong>Ex\u00e9cutez vos t\u00e2ches l\u2019une apr\u00e8s l\u2019autre<\/strong>&nbsp;: ne vous dispersez pas, restez au maximum concentr\u00e9 sur vos priorit\u00e9s.<\/li><\/ul>\n\n\n\n<div style=\"height:44px\" aria-hidden=\"true\" class=\"wp-block-spacer\"><\/div>\n\n\n\n<div class=\"wp-block-image\"><figure class=\"aligncenter\"><a href=\"https:\/\/ipaidthat.io\/fr\/?utm_source=mag&amp;utm_campaign=banniere&amp;utm_content=banniere\"><img decoding=\"async\" src=\"https:\/\/ipaidthat.io\/mag\/wp-content\/uploads\/2019\/07\/banni\u00e8re-bleu-blog-1024x57.jpg\" alt=\"banni\u00e8re-bleu-blog\" class=\"wp-image-568\"\/><\/a><\/figure><\/div>\n\n\n\n<div style=\"height:44px\" aria-hidden=\"true\" class=\"wp-block-spacer\"><\/div>\n\n\n\n<ul class=\"wp-block-list\"><li><strong>Imposez-vous une limite de temps<\/strong>&nbsp;: cela vous permettra d\u2019avoir un objectif de productivit\u00e9 clair en t\u00eate et d\u2019\u00e9viter de passer trop de temps \u00e0 ex\u00e9cuter cette t\u00e2che. D\u00e9finissez \u00e0 l\u2019avance combien d\u2019heures par jour vous seront n\u00e9cessaires pour l\u2019ex\u00e9cution de vos t\u00e2ches. Un horaire de travail bien d\u00e9fini vous aidera \u00e0 bien planifier votre timing.&nbsp;<\/li><\/ul>\n\n\n\n<ul class=\"wp-block-list\"><li><strong>Prenez des pauses dans et entre vos t\u00e2ches<\/strong>&nbsp;: il semblerait qu\u2019au-del\u00e0 de 45 minutes pass\u00e9es sur une m\u00eame activit\u00e9, le cerveau perd en concentration et en efficacit\u00e9&nbsp;! N\u2019avez-vous jamais perdu de nombreuses heures \u00e0 bloquer sur un projet sans en voir le bout&nbsp;? Limitez vos plages de travail et faites r\u00e9guli\u00e8rement des pauses. Pourquoi ne pas opter pour une sieste&nbsp;? En vous octroyant des temps de pause, vous d\u00e9cuplerez votre niveau de performance, votre concentration, votre r\u00e9ceptivit\u00e9 et votre cr\u00e9ativit\u00e9.&nbsp;<\/li><\/ul>\n\n\n\n<ul class=\"wp-block-list\"><li><strong>Ex\u00e9cutez vos t\u00e2ches les plus importantes en d\u00e9but de journ\u00e9e<\/strong> afin d\u2019\u00eatre certain de pouvoir les ex\u00e9cuter. Vous pouvez, de cette mani\u00e8re, accorder la priorit\u00e9 \u00e0 ce qui est le plus important, et vous serez certain(e) de respecter les&nbsp;<em>deadlines<\/em>. Gardez votre pleine \u00e9nergie pour les t\u00e2ches importantes, les plus futiles passeront au second plan. Vous gagnerez ainsi, au fil du temps, en motivation en voyant que vous respectez vos priorit\u00e9s.<\/li><\/ul>\n\n\n\n<ul class=\"wp-block-list\"><li><strong>Utilisez de bons outils de gestion<\/strong>&nbsp;: pourquoi ne pas utiliser un outil qui centralise toutes vos t\u00e2ches pour une m\u00eame activit\u00e9 au m\u00eame endroit&nbsp;? Vous \u00e9viterez ainsi l&rsquo;\u00e9parpillement des donn\u00e9es et les pertes de temps inutiles. La comptabilit\u00e9 est d\u2019ailleurs un excellent domaine pour commencer&nbsp;!&nbsp;<strong>Utilisez un logiciel qui vous permet de centraliser et d\u2019automatiser vos factures<\/strong>, votre comptabilit\u00e9, votre inventaire, la gestion de vos clients et fournisseurs, le planning des \u00e9quipes, etc. &nbsp;<br><\/li><li><strong>Formez-vous,&nbsp;<\/strong>ainsi que vos \u00e9quipes,&nbsp;aux derni\u00e8res technologies, notamment celles li\u00e9es \u00e0 la d\u00e9mat\u00e9rialisation, \u00e0 la recherche et au d\u00e9veloppement, et&nbsp;<a>au travail collaboratif<\/a>. De cette mani\u00e8re, vous perdrez moins de temps et d\u2019\u00e9nergie \u00e0 essayer de tout apprendre par vous-m\u00eame, et vous acquerrez les comp\u00e9tences n\u00e9cessaires pour hausser votre productivit\u00e9.&nbsp;<\/li><\/ul>\n\n\n\n<ul class=\"wp-block-list\"><li><strong>Adoptez sans cesse une approche d&rsquo;am\u00e9lioration continue<\/strong>&nbsp;: consultez des ressources externes pour \u00e9valuer les forces et faiblesses de votre entreprise. Utilisez une approche progressive si vous devez restructurer vos processus. Vous obtiendrez des r\u00e9sultats plus rapidement que si vous vous dispersez de trop.<\/li><\/ul>\n\n\n\n<p>C\u2019est seulement en identifiant clairement vos points forts et vos points faibles que vous pourrez am\u00e9liorer votre productivit\u00e9.&nbsp;<strong>De petits changements mineurs \u00e9tal\u00e9s dans le temps vous ouvriront les portes vers des progr\u00e8s majeurs, ils sont en effet source de croissance<\/strong>. Bien que beaucoup d\u2019entrepreneurs soient encore r\u00e9ticents \u00e0 la d\u00e9l\u00e9gation ou \u00e0 la d\u00e9mat\u00e9rialisation, il peut s\u2019agir l\u00e0 d\u2019une excellente strat\u00e9gie de d\u00e9veloppement d\u2019entreprise. Il s\u2019agit ici d\u2019un v\u00e9ritable gain de productivit\u00e9, qui permettra un d\u00e9veloppement croissant de votre soci\u00e9t\u00e9. R\u00e9fl\u00e9chissez-y&nbsp;!<\/p>\n","protected":false},"excerpt":{"rendered":"<p>Si vous souhaitez d\u00e9velopper votre activit\u00e9 et \u00eatre plus performant, analysez votre mani\u00e8re actuelle d\u2019accomplir votre planning de travail. C\u2019est seulement de cette fa\u00e7on que vous am\u00e9liorerez votre productivit\u00e9 ! Pour vous aider \u00e0&nbsp;r\u00e9partir votre temps de travail de fa\u00e7on optimale,&nbsp;voici la marche \u00e0 suivre pour am\u00e9liorer la productivit\u00e9 du travail&nbsp;: nous avons rassembl\u00e9 pour [&hellip;]<\/p>\n","protected":false},"author":4,"featured_media":0,"comment_status":"open","ping_status":"open","sticky":false,"template":"","format":"standard","meta":{"footnotes":""},"categories":[2],"tags":[],"class_list":["post-164","post","type-post","status-publish","format-standard","hentry","category-entrepreneur"],"yoast_head":"<!-- This site is optimized with the Yoast SEO plugin v26.6 - https:\/\/yoast.com\/wordpress\/plugins\/seo\/ -->\n<title>Am\u00e9liorer sa productivit\u00e9 pour booster son entreprise<\/title>\n<meta name=\"description\" content=\"Comment am\u00e9liorer votre productivit\u00e9 ? Voici la marche \u00e0 suivre pour vous aider \u00e0 r\u00e9partir votre temps de travail de fa\u00e7on optimale.\" \/>\n<meta name=\"robots\" content=\"index, follow, max-snippet:-1, max-image-preview:large, max-video-preview:-1\" \/>\n<link rel=\"canonical\" href=\"https:\/\/app.ipaidthat.io\/mag\/entrepreneur\/ameliorer-votre-productivite-pour-un-meilleur-developpement-dentreprise\/\" \/>\n<meta property=\"og:locale\" content=\"fr_FR\" \/>\n<meta property=\"og:type\" content=\"article\" \/>\n<meta property=\"og:title\" content=\"Am\u00e9liorer sa productivit\u00e9 pour booster son entreprise\" \/>\n<meta property=\"og:description\" content=\"Comment am\u00e9liorer votre productivit\u00e9 ? Voici la marche \u00e0 suivre pour vous aider \u00e0 r\u00e9partir votre temps de travail de fa\u00e7on optimale.\" \/>\n<meta property=\"og:url\" content=\"https:\/\/app.ipaidthat.io\/mag\/entrepreneur\/ameliorer-votre-productivite-pour-un-meilleur-developpement-dentreprise\/\" \/>\n<meta property=\"og:site_name\" content=\"iPaidThat Mag\" \/>\n<meta property=\"article:published_time\" content=\"2019-06-21T12:00:26+00:00\" \/>\n<meta name=\"author\" content=\"S\u00e9bastien Claeys\" \/>\n<meta name=\"twitter:card\" content=\"summary_large_image\" \/>\n<meta name=\"twitter:label1\" content=\"\u00c9crit par\" \/>\n\t<meta name=\"twitter:data1\" content=\"S\u00e9bastien Claeys\" \/>\n\t<meta name=\"twitter:label2\" content=\"Dur\u00e9e de lecture estim\u00e9e\" \/>\n\t<meta name=\"twitter:data2\" content=\"6 minutes\" \/>\n<script type=\"application\/ld+json\" class=\"yoast-schema-graph\">{\"@context\":\"https:\/\/schema.org\",\"@graph\":[{\"@type\":\"Article\",\"@id\":\"https:\/\/app.ipaidthat.io\/mag\/entrepreneur\/ameliorer-votre-productivite-pour-un-meilleur-developpement-dentreprise\/#article\",\"isPartOf\":{\"@id\":\"https:\/\/app.ipaidthat.io\/mag\/entrepreneur\/ameliorer-votre-productivite-pour-un-meilleur-developpement-dentreprise\/\"},\"author\":{\"name\":\"S\u00e9bastien Claeys\",\"@id\":\"https:\/\/app.ipaidthat.io\/mag\/#\/schema\/person\/021144662586a12df79c88913050baaa\"},\"headline\":\"Am\u00e9liorer sa productivit\u00e9 pour booster son entreprise\",\"datePublished\":\"2019-06-21T12:00:26+00:00\",\"mainEntityOfPage\":{\"@id\":\"https:\/\/app.ipaidthat.io\/mag\/entrepreneur\/ameliorer-votre-productivite-pour-un-meilleur-developpement-dentreprise\/\"},\"wordCount\":1209,\"commentCount\":0,\"publisher\":{\"@id\":\"https:\/\/app.ipaidthat.io\/mag\/#organization\"},\"articleSection\":[\"Entrepreneur\"],\"inLanguage\":\"fr-FR\",\"potentialAction\":[{\"@type\":\"CommentAction\",\"name\":\"Comment\",\"target\":[\"https:\/\/app.ipaidthat.io\/mag\/entrepreneur\/ameliorer-votre-productivite-pour-un-meilleur-developpement-dentreprise\/#respond\"]}]},{\"@type\":\"WebPage\",\"@id\":\"https:\/\/app.ipaidthat.io\/mag\/entrepreneur\/ameliorer-votre-productivite-pour-un-meilleur-developpement-dentreprise\/\",\"url\":\"https:\/\/app.ipaidthat.io\/mag\/entrepreneur\/ameliorer-votre-productivite-pour-un-meilleur-developpement-dentreprise\/\",\"name\":\"Am\u00e9liorer sa productivit\u00e9 pour booster son entreprise\",\"isPartOf\":{\"@id\":\"https:\/\/app.ipaidthat.io\/mag\/#website\"},\"datePublished\":\"2019-06-21T12:00:26+00:00\",\"description\":\"Comment am\u00e9liorer votre productivit\u00e9 ? Voici la marche \u00e0 suivre pour vous aider \u00e0 r\u00e9partir votre temps de travail de fa\u00e7on optimale.\",\"breadcrumb\":{\"@id\":\"https:\/\/app.ipaidthat.io\/mag\/entrepreneur\/ameliorer-votre-productivite-pour-un-meilleur-developpement-dentreprise\/#breadcrumb\"},\"inLanguage\":\"fr-FR\",\"potentialAction\":[{\"@type\":\"ReadAction\",\"target\":[\"https:\/\/app.ipaidthat.io\/mag\/entrepreneur\/ameliorer-votre-productivite-pour-un-meilleur-developpement-dentreprise\/\"]}]},{\"@type\":\"BreadcrumbList\",\"@id\":\"https:\/\/app.ipaidthat.io\/mag\/entrepreneur\/ameliorer-votre-productivite-pour-un-meilleur-developpement-dentreprise\/#breadcrumb\",\"itemListElement\":[{\"@type\":\"ListItem\",\"position\":1,\"name\":\"Le Mag\",\"item\":\"https:\/\/app.ipaidthat.io\/mag\/\"},{\"@type\":\"ListItem\",\"position\":2,\"name\":\"Entrepreneur\",\"item\":\"https:\/\/app.ipaidthat.io\/mag\/category\/entrepreneur\/\"},{\"@type\":\"ListItem\",\"position\":3,\"name\":\"Am\u00e9liorer sa productivit\u00e9 pour booster son entreprise\"}]},{\"@type\":\"WebSite\",\"@id\":\"https:\/\/app.ipaidthat.io\/mag\/#website\",\"url\":\"https:\/\/app.ipaidthat.io\/mag\/\",\"name\":\"IPaidThat Mag\",\"description\":\"Une gestion simple, automatis\u00e9e et collaborative\",\"publisher\":{\"@id\":\"https:\/\/app.ipaidthat.io\/mag\/#organization\"},\"potentialAction\":[{\"@type\":\"SearchAction\",\"target\":{\"@type\":\"EntryPoint\",\"urlTemplate\":\"https:\/\/app.ipaidthat.io\/mag\/?s={search_term_string}\"},\"query-input\":{\"@type\":\"PropertyValueSpecification\",\"valueRequired\":true,\"valueName\":\"search_term_string\"}}],\"inLanguage\":\"fr-FR\"},{\"@type\":\"Organization\",\"@id\":\"https:\/\/app.ipaidthat.io\/mag\/#organization\",\"name\":\"IPaidThat Mag\",\"url\":\"https:\/\/app.ipaidthat.io\/mag\/\",\"logo\":{\"@type\":\"ImageObject\",\"inLanguage\":\"fr-FR\",\"@id\":\"https:\/\/app.ipaidthat.io\/mag\/#\/schema\/logo\/image\/\",\"url\":\"https:\/\/app.ipaidthat.io\/mag\/wp-content\/uploads\/2025\/11\/logo-le-mag-blog-ipaidthat.png\",\"contentUrl\":\"https:\/\/app.ipaidthat.io\/mag\/wp-content\/uploads\/2025\/11\/logo-le-mag-blog-ipaidthat.png\",\"width\":1817,\"height\":524,\"caption\":\"IPaidThat Mag\"},\"image\":{\"@id\":\"https:\/\/app.ipaidthat.io\/mag\/#\/schema\/logo\/image\/\"}},{\"@type\":\"Person\",\"@id\":\"https:\/\/app.ipaidthat.io\/mag\/#\/schema\/person\/021144662586a12df79c88913050baaa\",\"name\":\"S\u00e9bastien Claeys\",\"image\":{\"@type\":\"ImageObject\",\"inLanguage\":\"fr-FR\",\"@id\":\"https:\/\/app.ipaidthat.io\/mag\/#\/schema\/person\/image\/\",\"url\":\"https:\/\/app.ipaidthat.io\/mag\/wp-content\/uploads\/2023\/02\/sebastien-clayes-ipaidthat-96x96.png\",\"contentUrl\":\"https:\/\/app.ipaidthat.io\/mag\/wp-content\/uploads\/2023\/02\/sebastien-clayes-ipaidthat-96x96.png\",\"caption\":\"S\u00e9bastien Claeys\"},\"url\":\"https:\/\/app.ipaidthat.io\/mag\/author\/sebastienipaidthat-io\/\"}]}<\/script>\n<!-- \/ Yoast SEO plugin. -->","yoast_head_json":{"title":"Am\u00e9liorer sa productivit\u00e9 pour booster son entreprise","description":"Comment am\u00e9liorer votre productivit\u00e9 ? Voici la marche \u00e0 suivre pour vous aider \u00e0 r\u00e9partir votre temps de travail de fa\u00e7on optimale.","robots":{"index":"index","follow":"follow","max-snippet":"max-snippet:-1","max-image-preview":"max-image-preview:large","max-video-preview":"max-video-preview:-1"},"canonical":"https:\/\/app.ipaidthat.io\/mag\/entrepreneur\/ameliorer-votre-productivite-pour-un-meilleur-developpement-dentreprise\/","og_locale":"fr_FR","og_type":"article","og_title":"Am\u00e9liorer sa productivit\u00e9 pour booster son entreprise","og_description":"Comment am\u00e9liorer votre productivit\u00e9 ? Voici la marche \u00e0 suivre pour vous aider \u00e0 r\u00e9partir votre temps de travail de fa\u00e7on optimale.","og_url":"https:\/\/app.ipaidthat.io\/mag\/entrepreneur\/ameliorer-votre-productivite-pour-un-meilleur-developpement-dentreprise\/","og_site_name":"iPaidThat Mag","article_published_time":"2019-06-21T12:00:26+00:00","author":"S\u00e9bastien Claeys","twitter_card":"summary_large_image","twitter_misc":{"\u00c9crit par":"S\u00e9bastien Claeys","Dur\u00e9e de lecture estim\u00e9e":"6 minutes"},"schema":{"@context":"https:\/\/schema.org","@graph":[{"@type":"Article","@id":"https:\/\/app.ipaidthat.io\/mag\/entrepreneur\/ameliorer-votre-productivite-pour-un-meilleur-developpement-dentreprise\/#article","isPartOf":{"@id":"https:\/\/app.ipaidthat.io\/mag\/entrepreneur\/ameliorer-votre-productivite-pour-un-meilleur-developpement-dentreprise\/"},"author":{"name":"S\u00e9bastien Claeys","@id":"https:\/\/app.ipaidthat.io\/mag\/#\/schema\/person\/021144662586a12df79c88913050baaa"},"headline":"Am\u00e9liorer sa productivit\u00e9 pour booster son entreprise","datePublished":"2019-06-21T12:00:26+00:00","mainEntityOfPage":{"@id":"https:\/\/app.ipaidthat.io\/mag\/entrepreneur\/ameliorer-votre-productivite-pour-un-meilleur-developpement-dentreprise\/"},"wordCount":1209,"commentCount":0,"publisher":{"@id":"https:\/\/app.ipaidthat.io\/mag\/#organization"},"articleSection":["Entrepreneur"],"inLanguage":"fr-FR","potentialAction":[{"@type":"CommentAction","name":"Comment","target":["https:\/\/app.ipaidthat.io\/mag\/entrepreneur\/ameliorer-votre-productivite-pour-un-meilleur-developpement-dentreprise\/#respond"]}]},{"@type":"WebPage","@id":"https:\/\/app.ipaidthat.io\/mag\/entrepreneur\/ameliorer-votre-productivite-pour-un-meilleur-developpement-dentreprise\/","url":"https:\/\/app.ipaidthat.io\/mag\/entrepreneur\/ameliorer-votre-productivite-pour-un-meilleur-developpement-dentreprise\/","name":"Am\u00e9liorer sa productivit\u00e9 pour booster son entreprise","isPartOf":{"@id":"https:\/\/app.ipaidthat.io\/mag\/#website"},"datePublished":"2019-06-21T12:00:26+00:00","description":"Comment am\u00e9liorer votre productivit\u00e9 ? Voici la marche \u00e0 suivre pour vous aider \u00e0 r\u00e9partir votre temps de travail de fa\u00e7on optimale.","breadcrumb":{"@id":"https:\/\/app.ipaidthat.io\/mag\/entrepreneur\/ameliorer-votre-productivite-pour-un-meilleur-developpement-dentreprise\/#breadcrumb"},"inLanguage":"fr-FR","potentialAction":[{"@type":"ReadAction","target":["https:\/\/app.ipaidthat.io\/mag\/entrepreneur\/ameliorer-votre-productivite-pour-un-meilleur-developpement-dentreprise\/"]}]},{"@type":"BreadcrumbList","@id":"https:\/\/app.ipaidthat.io\/mag\/entrepreneur\/ameliorer-votre-productivite-pour-un-meilleur-developpement-dentreprise\/#breadcrumb","itemListElement":[{"@type":"ListItem","position":1,"name":"Le Mag","item":"https:\/\/app.ipaidthat.io\/mag\/"},{"@type":"ListItem","position":2,"name":"Entrepreneur","item":"https:\/\/app.ipaidthat.io\/mag\/category\/entrepreneur\/"},{"@type":"ListItem","position":3,"name":"Am\u00e9liorer sa productivit\u00e9 pour booster son entreprise"}]},{"@type":"WebSite","@id":"https:\/\/app.ipaidthat.io\/mag\/#website","url":"https:\/\/app.ipaidthat.io\/mag\/","name":"IPaidThat Mag","description":"Une gestion simple, automatis\u00e9e et collaborative","publisher":{"@id":"https:\/\/app.ipaidthat.io\/mag\/#organization"},"potentialAction":[{"@type":"SearchAction","target":{"@type":"EntryPoint","urlTemplate":"https:\/\/app.ipaidthat.io\/mag\/?s={search_term_string}"},"query-input":{"@type":"PropertyValueSpecification","valueRequired":true,"valueName":"search_term_string"}}],"inLanguage":"fr-FR"},{"@type":"Organization","@id":"https:\/\/app.ipaidthat.io\/mag\/#organization","name":"IPaidThat Mag","url":"https:\/\/app.ipaidthat.io\/mag\/","logo":{"@type":"ImageObject","inLanguage":"fr-FR","@id":"https:\/\/app.ipaidthat.io\/mag\/#\/schema\/logo\/image\/","url":"https:\/\/app.ipaidthat.io\/mag\/wp-content\/uploads\/2025\/11\/logo-le-mag-blog-ipaidthat.png","contentUrl":"https:\/\/app.ipaidthat.io\/mag\/wp-content\/uploads\/2025\/11\/logo-le-mag-blog-ipaidthat.png","width":1817,"height":524,"caption":"IPaidThat Mag"},"image":{"@id":"https:\/\/app.ipaidthat.io\/mag\/#\/schema\/logo\/image\/"}},{"@type":"Person","@id":"https:\/\/app.ipaidthat.io\/mag\/#\/schema\/person\/021144662586a12df79c88913050baaa","name":"S\u00e9bastien Claeys","image":{"@type":"ImageObject","inLanguage":"fr-FR","@id":"https:\/\/app.ipaidthat.io\/mag\/#\/schema\/person\/image\/","url":"https:\/\/app.ipaidthat.io\/mag\/wp-content\/uploads\/2023\/02\/sebastien-clayes-ipaidthat-96x96.png","contentUrl":"https:\/\/app.ipaidthat.io\/mag\/wp-content\/uploads\/2023\/02\/sebastien-clayes-ipaidthat-96x96.png","caption":"S\u00e9bastien Claeys"},"url":"https:\/\/app.ipaidthat.io\/mag\/author\/sebastienipaidthat-io\/"}]}},"_links":{"self":[{"href":"https:\/\/app.ipaidthat.io\/mag\/wp-json\/wp\/v2\/posts\/164","targetHints":{"allow":["GET"]}}],"collection":[{"href":"https:\/\/app.ipaidthat.io\/mag\/wp-json\/wp\/v2\/posts"}],"about":[{"href":"https:\/\/app.ipaidthat.io\/mag\/wp-json\/wp\/v2\/types\/post"}],"author":[{"embeddable":true,"href":"https:\/\/app.ipaidthat.io\/mag\/wp-json\/wp\/v2\/users\/4"}],"replies":[{"embeddable":true,"href":"https:\/\/app.ipaidthat.io\/mag\/wp-json\/wp\/v2\/comments?post=164"}],"version-history":[{"count":0,"href":"https:\/\/app.ipaidthat.io\/mag\/wp-json\/wp\/v2\/posts\/164\/revisions"}],"wp:attachment":[{"href":"https:\/\/app.ipaidthat.io\/mag\/wp-json\/wp\/v2\/media?parent=164"}],"wp:term":[{"taxonomy":"category","embeddable":true,"href":"https:\/\/app.ipaidthat.io\/mag\/wp-json\/wp\/v2\/categories?post=164"},{"taxonomy":"post_tag","embeddable":true,"href":"https:\/\/app.ipaidthat.io\/mag\/wp-json\/wp\/v2\/tags?post=164"}],"curies":[{"name":"wp","href":"https:\/\/api.w.org\/{rel}","templated":true}]}}