{"id":1584,"date":"2019-10-14T11:15:36","date_gmt":"2019-10-14T09:15:36","guid":{"rendered":"https:\/\/ipaidthat.io\/mag\/?p=1584"},"modified":"2019-10-14T11:15:36","modified_gmt":"2019-10-14T09:15:36","slug":"reportage-74eme-congres-de-lordre-des-experts-comptables","status":"publish","type":"post","link":"https:\/\/app.ipaidthat.io\/mag\/featured\/reportage-74eme-congres-de-lordre-des-experts-comptables\/","title":{"rendered":"Reportage : 74\u00e8me Congr\u00e8s de l\u2019Ordre des Experts-Comptables"},"content":{"rendered":"\n<p class=\"justification_texte\"><strong>6859<\/strong>, c&rsquo;est l&rsquo;impressionnant nombre de congressistes qui \u00e9taient pr\u00e9sents au <a aria-label=\"74\u00e8me Congr\u00e8s de l'Ordre des Experts-Comptables (s\u2019ouvre dans un nouvel onglet)\" href=\"https:\/\/congres.experts-comptables.com\/\" target=\"_blank\" rel=\"noreferrer noopener\">74\u00e8me Congr\u00e8s de l&rsquo;Ordre des Experts-Comptables<\/a> au Palais des Congr\u00e8s du 25 au 27 septembre dernier. iPaidThat vous propose de vivre de l&rsquo;int\u00e9rieur l\u2019\u00e9v\u00e9nement le plus important de la profession.  <\/p>\n\n\n\n<h2 class=\"wp-block-heading\"><strong>Congr\u00e8s de l&rsquo;Ordre Experts-Comptables : Jour 1<\/strong><\/h2>\n\n\n\n<p class=\"justification_texte\">Dans un congr\u00e8s, tous les stands ont une histoire. La n\u00f4tre commence des semaines avant le 25 septembre. Un \u00e9v\u00e9nement aussi important ne se pr\u00e9pare pas \u00e0 la l\u00e9g\u00e8re, tout doit \u00eatre mis en oeuvre pour accueillir les congressistes dans des conditions optimales. Mais comment se d\u00e9marquer parmi le nombre impressionnant d&rsquo;exposants autour de nous ? <\/p>\n\n\n\n<p class=\"justification_texte\"><strong>D&rsquo;abord la couleur, notre couleur : le rouge.<\/strong> Sur nos sacs, nos goodies, notre stand, le rouge est pr\u00e9sent partout. Il y aussi notre accueil, une \u00e9quipe \u00e0 l&rsquo;\u00e9coute et souriante, des petites douceurs \u00e0 manger et une tireuse \u00e0 bi\u00e8re. L&#8217;emballage est all\u00e9chant, mais plus important encore est le cadeau \u00e0 l&rsquo;int\u00e9rieur. Notre solution est utile, efficace, et les experts en ont besoin. Pourquoi ? <strong>\u00ab\u00a0Au c\u0153ur des flux\u00a0\u00bb, c&rsquo;\u00e9tait le th\u00e8me de l&rsquo;\u00e9dition de 2019.<\/strong> L&rsquo;expert-comptable ne peut plus ignorer les nouvelles technologies, ni la demande de plus en plus importante de conseils que formulent les dirigeants. <\/p>\n\n\n\n<p class=\"justification_texte\">Pour satisfaire ces demandes, l&rsquo;expert a besoin de gagner du temps sur d&rsquo;autres t\u00e2ches. Le temps, c&rsquo;est ce que nous offrons. Entre autres fonctionnalit\u00e9s, la <strong>collecte automatique de factures<\/strong> et leur regroupement repr\u00e9sentent un gain de temps consid\u00e9rable pour celui qui en perdait \u00e0 les demander \u00e0 ses clients.<\/p>\n\n\n\n<p class=\"justification_texte\">10 heures, l&rsquo;heure de v\u00e9rit\u00e9. Le Congr\u00e8s ouvre ses portes. Peu \u00e0 peu, <strong>des experts-comptables venus des 4 coins du monde d\u00e9ambulent dans les all\u00e9es<\/strong>. Nous sommes pr\u00e9sents, en \u00e9quipe, pour diriger les visiteurs vers notre stand. Le travail est partag\u00e9, un groupe prend d&rsquo;assaut les all\u00e9es pendant qu&rsquo;un autre groupe s&rsquo;occupe des d\u00e9mos. La bi\u00e8re \u00e9clabousse, la chaleur monte, les ordinateurs surchauffent. Les d\u00e9mos se suivent sans se ressembler, les experts sont pointilleux, les questions pr\u00e9cises. <\/p>\n\n\n\n<p class=\"justification_texte\">La journ\u00e9e se termine dans un calme qui contraste avec l&rsquo;agitation de la journ\u00e9e. Du reste, apr\u00e8s une journ\u00e9e, le constat est simple: le Congr\u00e8s est un succ\u00e8s. Pour nous, il marque un tournant en mati\u00e8re de notori\u00e9t\u00e9, nous ne sommes plus les \u00ab\u00a0petits nouveaux\u00a0\u00bb, <strong>les experts-comptables nous connaissent.<\/strong> Alors que les derni\u00e8res lumi\u00e8res s&rsquo;\u00e9teignent sur le salon, les yeux sont d\u00e9j\u00e0 tourn\u00e9s vers le deuxi\u00e8me jour.<\/p>\n\n\n\n<h2 class=\"wp-block-heading\"><strong>Congr\u00e8s de l&rsquo;Ordre des Experts-Comptables: Jour 2<\/strong><\/h2>\n\n\n\n<p class=\"justification_texte\">\u00ab\u00a0Au c\u0153ur des flux\u00a0\u00bb, le pr\u00e9sident de l&rsquo;Ordre a insist\u00e9 sur le fait qu&rsquo;ils \u00e9taient surtout humains. A de multiples niveaux, le deuxi\u00e8me jour a \u00e9t\u00e9 repr\u00e9sentatif de l&rsquo;importance de ces rapports humains. D\u00e8s l&rsquo;ouverture des portes, le travail reprend, les experts sont toujours aussi curieux et nous leur r\u00e9pondons avec entrain. Le salon est une fourmili\u00e8re, il n&rsquo;y a pas de place laiss\u00e9e au vide, tout l&rsquo;espace est pris par les id\u00e9es, l&rsquo;innovation et le partage. La lumi\u00e8re du jour peine \u00e0 arriver jusqu\u2019\u00e0 nous, mais le Congr\u00e8s est stimulant.<\/p>\n\n\n\n<p class=\"justification_texte\">Pourtant, le salon a une odeur nouvelle, entre exposants une sympathie s&rsquo;est form\u00e9e, comme souvent dans l&rsquo;effort. Une sorte d&rsquo;enthousiasme transpara\u00eet aussi des \u00e9changes avec les experts-comptables. Preuve en est, \u00e0 18 heures, la partie la plus anim\u00e9e du salon se retrouve entre le stand de vin rouge et saucisson et celui des bi\u00e8res. Un flux constant de personnes se pressent vers l&rsquo;auditorium. Le concert priv\u00e9 de Calogero va commencer, moment de partage et de convivialit\u00e9 entre participants au Congr\u00e8s, exposants comme experts-comptables. <\/p>\n\n\n\n<p class=\"justification_texte\">Le show est de qualit\u00e9, le public est conquis. Les premiers rangs finissent par se lever pour former une fosse devant la sc\u00e8ne. En fin de compte, le Congr\u00e8s n&rsquo;est pas aussi formel qu&rsquo;on aurait pu l&rsquo;imaginer. Qui a dit que le m\u00e9tier d&rsquo;expert-comptable \u00e9tait ennuyeux ? <\/p>\n\n\n\n<figure class=\"wp-block-image\"><a href=\"https:\/\/ipaidthat.io\/fr\/?utm_source=mag&amp;utm_campaign=banniere&amp;utm_content=banniere\" target=\"_blank\" rel=\"noreferrer noopener\"><img decoding=\"async\" src=\"https:\/\/ipaidthat.io\/mag\/wp-content\/uploads\/2019\/07\/banni\u00e8re-rouge-blog-1024x57.jpg\" alt=\"banni\u00e8re-rouge-blog\" class=\"wp-image-570\"\/><\/a><\/figure>\n\n\n\n<h2 class=\"wp-block-heading\"><strong>Congr\u00e8s de l&rsquo;Ordre Experts Comptables : Jour 3<\/strong><\/h2>\n\n\n\n<p class=\"justification_texte\">Le troisi\u00e8me jour sonne comme un au revoir. Il est temps de faire le bilan, \u00e0 16 heures le Congr\u00e8s se termine. Le sol du Palais des Congr\u00e8s aura accueilli les id\u00e9es, les questionnements et les solutions propos\u00e9s \u00e0 un m\u00e9tier en pleine mutation. Apr\u00e8s les avoir rencontr\u00e9s, on se rend compte que les experts-comptables, sont conscients des d\u00e9fis qui les attendent. En effet, ils ne subiront pas ces fameux flux, ils les orchestreront, les utiliseront pour aider, conseiller et apporter leur expertise \u00e0 leurs clients. Quant \u00e0 nous, notre objectif pendant ces 3 jours \u00e9tait de proposer \u00e0 ces professionnels la solution la plus globale et s\u00e9curis\u00e9e possible. <\/p>\n\n\n\n<p class=\"justification_texte\">On se retrouve l&rsquo;ann\u00e9e prochaine \u00e0 Bordeaux pour le 75\u00e8me Congr\u00e8s de l&rsquo;Ordre des Experts-Comptables !<\/p>\n\n\n\n<div class=\"wp-block-image\"><figure class=\"aligncenter is-resized\"><img fetchpriority=\"high\" decoding=\"async\" src=\"https:\/\/ipaidthat.io\/mag\/wp-content\/uploads\/2019\/10\/asl-ronde.png\" alt=\"Anne-Sophie Laignel, CMO chez iPaidThat\" class=\"wp-image-1578\" width=\"269\" height=\"276\"\/><figcaption>Anne-Sophie Laignel, CMO chez iPaidThat<br><\/figcaption><\/figure><\/div>\n\n\n\n<figure class=\"wp-block-pullquote has-vivid-red-color has-text-color\"><blockquote><p> <em>Cette \u00e9dition \u00e9tait tr\u00e8s  riche de par sa fr\u00e9quentation et sa diversit\u00e9. Tous les experts sont confront\u00e9s aux m\u00eames difficult\u00e9s de suivi du client et de r\u00e9cup\u00e9ration des pi\u00e8ces comptables. Chez iPaidThat, nous \u00e9tions les seuls sur le salon \u00e0 pouvoir apporter une solution \u00e0 toutes ces probl\u00e9matiques. <\/em> <\/p><\/blockquote><\/figure>\n","protected":false},"excerpt":{"rendered":"<p>6859, c&rsquo;est l&rsquo;impressionnant nombre de congressistes qui \u00e9taient pr\u00e9sents au 74\u00e8me Congr\u00e8s de l&rsquo;Ordre des Experts-Comptables au Palais des Congr\u00e8s du 25 au 27 septembre dernier. iPaidThat vous propose de vivre de l&rsquo;int\u00e9rieur l\u2019\u00e9v\u00e9nement le plus important de la profession. Congr\u00e8s de l&rsquo;Ordre Experts-Comptables : Jour 1 Dans un congr\u00e8s, tous les stands ont une [&hellip;]<\/p>\n","protected":false},"author":4,"featured_media":0,"comment_status":"open","ping_status":"open","sticky":false,"template":"","format":"standard","meta":{"footnotes":""},"categories":[5,4],"tags":[],"class_list":["post-1584","post","type-post","status-publish","format-standard","hentry","category-comptabilite","category-featured"],"yoast_head":"<!-- This site is optimized with the Yoast SEO plugin v26.6 - https:\/\/yoast.com\/wordpress\/plugins\/seo\/ -->\n<title>Congr\u00e8s de l&#039;Ordre des Experts-Comptables : on vous raconte<\/title>\n<meta name=\"description\" content=\"Vivez de l&#039;int\u00e9rieur l&#039;\u00e9v\u00e8nement le plus important de la profession comptable : le 74\u00e8me Congr\u00e8s de l&#039;Ordre des Experts-Comptables.\" \/>\n<meta name=\"robots\" content=\"index, follow, max-snippet:-1, max-image-preview:large, max-video-preview:-1\" \/>\n<link rel=\"canonical\" href=\"https:\/\/app.ipaidthat.io\/mag\/featured\/reportage-74eme-congres-de-lordre-des-experts-comptables\/\" \/>\n<meta property=\"og:locale\" content=\"fr_FR\" \/>\n<meta property=\"og:type\" content=\"article\" \/>\n<meta property=\"og:title\" content=\"Congr\u00e8s de l&#039;Ordre des Experts-Comptables : on vous raconte\" \/>\n<meta property=\"og:description\" content=\"Vivez de l&#039;int\u00e9rieur l&#039;\u00e9v\u00e8nement le plus important de la profession comptable : le 74\u00e8me Congr\u00e8s de l&#039;Ordre des Experts-Comptables.\" \/>\n<meta property=\"og:url\" content=\"https:\/\/app.ipaidthat.io\/mag\/featured\/reportage-74eme-congres-de-lordre-des-experts-comptables\/\" \/>\n<meta property=\"og:site_name\" content=\"iPaidThat Mag\" \/>\n<meta property=\"article:published_time\" content=\"2019-10-14T09:15:36+00:00\" \/>\n<meta property=\"og:image\" content=\"https:\/\/ipaidthat.io\/mag\/wp-content\/uploads\/2019\/10\/asl-ronde.png\" \/>\n<meta name=\"author\" content=\"S\u00e9bastien Claeys\" \/>\n<meta name=\"twitter:card\" content=\"summary_large_image\" \/>\n<meta name=\"twitter:label1\" content=\"\u00c9crit par\" \/>\n\t<meta name=\"twitter:data1\" content=\"S\u00e9bastien Claeys\" \/>\n\t<meta name=\"twitter:label2\" content=\"Dur\u00e9e de lecture estim\u00e9e\" \/>\n\t<meta name=\"twitter:data2\" content=\"5 minutes\" \/>\n<script type=\"application\/ld+json\" class=\"yoast-schema-graph\">{\"@context\":\"https:\/\/schema.org\",\"@graph\":[{\"@type\":\"Article\",\"@id\":\"https:\/\/app.ipaidthat.io\/mag\/featured\/reportage-74eme-congres-de-lordre-des-experts-comptables\/#article\",\"isPartOf\":{\"@id\":\"https:\/\/app.ipaidthat.io\/mag\/featured\/reportage-74eme-congres-de-lordre-des-experts-comptables\/\"},\"author\":{\"name\":\"S\u00e9bastien Claeys\",\"@id\":\"https:\/\/app.ipaidthat.io\/mag\/#\/schema\/person\/021144662586a12df79c88913050baaa\"},\"headline\":\"Reportage : 74\u00e8me Congr\u00e8s de l\u2019Ordre des Experts-Comptables\",\"datePublished\":\"2019-10-14T09:15:36+00:00\",\"mainEntityOfPage\":{\"@id\":\"https:\/\/app.ipaidthat.io\/mag\/featured\/reportage-74eme-congres-de-lordre-des-experts-comptables\/\"},\"wordCount\":911,\"commentCount\":0,\"publisher\":{\"@id\":\"https:\/\/app.ipaidthat.io\/mag\/#organization\"},\"image\":{\"@id\":\"https:\/\/app.ipaidthat.io\/mag\/featured\/reportage-74eme-congres-de-lordre-des-experts-comptables\/#primaryimage\"},\"thumbnailUrl\":\"https:\/\/ipaidthat.io\/mag\/wp-content\/uploads\/2019\/10\/asl-ronde.png\",\"articleSection\":[\"Comptabilit\u00e9\",\"Featured\"],\"inLanguage\":\"fr-FR\",\"potentialAction\":[{\"@type\":\"CommentAction\",\"name\":\"Comment\",\"target\":[\"https:\/\/app.ipaidthat.io\/mag\/featured\/reportage-74eme-congres-de-lordre-des-experts-comptables\/#respond\"]}]},{\"@type\":\"WebPage\",\"@id\":\"https:\/\/app.ipaidthat.io\/mag\/featured\/reportage-74eme-congres-de-lordre-des-experts-comptables\/\",\"url\":\"https:\/\/app.ipaidthat.io\/mag\/featured\/reportage-74eme-congres-de-lordre-des-experts-comptables\/\",\"name\":\"Congr\u00e8s de l'Ordre des Experts-Comptables : on vous raconte\",\"isPartOf\":{\"@id\":\"https:\/\/app.ipaidthat.io\/mag\/#website\"},\"primaryImageOfPage\":{\"@id\":\"https:\/\/app.ipaidthat.io\/mag\/featured\/reportage-74eme-congres-de-lordre-des-experts-comptables\/#primaryimage\"},\"image\":{\"@id\":\"https:\/\/app.ipaidthat.io\/mag\/featured\/reportage-74eme-congres-de-lordre-des-experts-comptables\/#primaryimage\"},\"thumbnailUrl\":\"https:\/\/ipaidthat.io\/mag\/wp-content\/uploads\/2019\/10\/asl-ronde.png\",\"datePublished\":\"2019-10-14T09:15:36+00:00\",\"description\":\"Vivez de l'int\u00e9rieur l'\u00e9v\u00e8nement le plus important de la profession comptable : le 74\u00e8me Congr\u00e8s de l'Ordre des Experts-Comptables.\",\"breadcrumb\":{\"@id\":\"https:\/\/app.ipaidthat.io\/mag\/featured\/reportage-74eme-congres-de-lordre-des-experts-comptables\/#breadcrumb\"},\"inLanguage\":\"fr-FR\",\"potentialAction\":[{\"@type\":\"ReadAction\",\"target\":[\"https:\/\/app.ipaidthat.io\/mag\/featured\/reportage-74eme-congres-de-lordre-des-experts-comptables\/\"]}]},{\"@type\":\"ImageObject\",\"inLanguage\":\"fr-FR\",\"@id\":\"https:\/\/app.ipaidthat.io\/mag\/featured\/reportage-74eme-congres-de-lordre-des-experts-comptables\/#primaryimage\",\"url\":\"https:\/\/ipaidthat.io\/mag\/wp-content\/uploads\/2019\/10\/asl-ronde.png\",\"contentUrl\":\"https:\/\/ipaidthat.io\/mag\/wp-content\/uploads\/2019\/10\/asl-ronde.png\"},{\"@type\":\"BreadcrumbList\",\"@id\":\"https:\/\/app.ipaidthat.io\/mag\/featured\/reportage-74eme-congres-de-lordre-des-experts-comptables\/#breadcrumb\",\"itemListElement\":[{\"@type\":\"ListItem\",\"position\":1,\"name\":\"Le Mag\",\"item\":\"https:\/\/app.ipaidthat.io\/mag\/\"},{\"@type\":\"ListItem\",\"position\":2,\"name\":\"Entrepreneur\",\"item\":\"https:\/\/app.ipaidthat.io\/mag\/category\/entrepreneur\/\"},{\"@type\":\"ListItem\",\"position\":3,\"name\":\"Reportage : 74\u00e8me Congr\u00e8s de l\u2019Ordre des Experts-Comptables\"}]},{\"@type\":\"WebSite\",\"@id\":\"https:\/\/app.ipaidthat.io\/mag\/#website\",\"url\":\"https:\/\/app.ipaidthat.io\/mag\/\",\"name\":\"IPaidThat Mag\",\"description\":\"Une gestion simple, automatis\u00e9e et collaborative\",\"publisher\":{\"@id\":\"https:\/\/app.ipaidthat.io\/mag\/#organization\"},\"potentialAction\":[{\"@type\":\"SearchAction\",\"target\":{\"@type\":\"EntryPoint\",\"urlTemplate\":\"https:\/\/app.ipaidthat.io\/mag\/?s={search_term_string}\"},\"query-input\":{\"@type\":\"PropertyValueSpecification\",\"valueRequired\":true,\"valueName\":\"search_term_string\"}}],\"inLanguage\":\"fr-FR\"},{\"@type\":\"Organization\",\"@id\":\"https:\/\/app.ipaidthat.io\/mag\/#organization\",\"name\":\"IPaidThat Mag\",\"url\":\"https:\/\/app.ipaidthat.io\/mag\/\",\"logo\":{\"@type\":\"ImageObject\",\"inLanguage\":\"fr-FR\",\"@id\":\"https:\/\/app.ipaidthat.io\/mag\/#\/schema\/logo\/image\/\",\"url\":\"https:\/\/app.ipaidthat.io\/mag\/wp-content\/uploads\/2025\/11\/logo-le-mag-blog-ipaidthat.png\",\"contentUrl\":\"https:\/\/app.ipaidthat.io\/mag\/wp-content\/uploads\/2025\/11\/logo-le-mag-blog-ipaidthat.png\",\"width\":1817,\"height\":524,\"caption\":\"IPaidThat Mag\"},\"image\":{\"@id\":\"https:\/\/app.ipaidthat.io\/mag\/#\/schema\/logo\/image\/\"}},{\"@type\":\"Person\",\"@id\":\"https:\/\/app.ipaidthat.io\/mag\/#\/schema\/person\/021144662586a12df79c88913050baaa\",\"name\":\"S\u00e9bastien Claeys\",\"image\":{\"@type\":\"ImageObject\",\"inLanguage\":\"fr-FR\",\"@id\":\"https:\/\/app.ipaidthat.io\/mag\/#\/schema\/person\/image\/\",\"url\":\"https:\/\/app.ipaidthat.io\/mag\/wp-content\/uploads\/2023\/02\/sebastien-clayes-ipaidthat-96x96.png\",\"contentUrl\":\"https:\/\/app.ipaidthat.io\/mag\/wp-content\/uploads\/2023\/02\/sebastien-clayes-ipaidthat-96x96.png\",\"caption\":\"S\u00e9bastien Claeys\"},\"url\":\"https:\/\/app.ipaidthat.io\/mag\/author\/sebastienipaidthat-io\/\"}]}<\/script>\n<!-- \/ Yoast SEO plugin. -->","yoast_head_json":{"title":"Congr\u00e8s de l'Ordre des Experts-Comptables : on vous raconte","description":"Vivez de l'int\u00e9rieur l'\u00e9v\u00e8nement le plus important de la profession comptable : le 74\u00e8me Congr\u00e8s de l'Ordre des Experts-Comptables.","robots":{"index":"index","follow":"follow","max-snippet":"max-snippet:-1","max-image-preview":"max-image-preview:large","max-video-preview":"max-video-preview:-1"},"canonical":"https:\/\/app.ipaidthat.io\/mag\/featured\/reportage-74eme-congres-de-lordre-des-experts-comptables\/","og_locale":"fr_FR","og_type":"article","og_title":"Congr\u00e8s de l'Ordre des Experts-Comptables : on vous raconte","og_description":"Vivez de l'int\u00e9rieur l'\u00e9v\u00e8nement le plus important de la profession comptable : le 74\u00e8me Congr\u00e8s de l'Ordre des Experts-Comptables.","og_url":"https:\/\/app.ipaidthat.io\/mag\/featured\/reportage-74eme-congres-de-lordre-des-experts-comptables\/","og_site_name":"iPaidThat Mag","article_published_time":"2019-10-14T09:15:36+00:00","og_image":[{"url":"https:\/\/ipaidthat.io\/mag\/wp-content\/uploads\/2019\/10\/asl-ronde.png","type":"","width":"","height":""}],"author":"S\u00e9bastien Claeys","twitter_card":"summary_large_image","twitter_misc":{"\u00c9crit par":"S\u00e9bastien Claeys","Dur\u00e9e de lecture estim\u00e9e":"5 minutes"},"schema":{"@context":"https:\/\/schema.org","@graph":[{"@type":"Article","@id":"https:\/\/app.ipaidthat.io\/mag\/featured\/reportage-74eme-congres-de-lordre-des-experts-comptables\/#article","isPartOf":{"@id":"https:\/\/app.ipaidthat.io\/mag\/featured\/reportage-74eme-congres-de-lordre-des-experts-comptables\/"},"author":{"name":"S\u00e9bastien Claeys","@id":"https:\/\/app.ipaidthat.io\/mag\/#\/schema\/person\/021144662586a12df79c88913050baaa"},"headline":"Reportage : 74\u00e8me Congr\u00e8s de l\u2019Ordre des Experts-Comptables","datePublished":"2019-10-14T09:15:36+00:00","mainEntityOfPage":{"@id":"https:\/\/app.ipaidthat.io\/mag\/featured\/reportage-74eme-congres-de-lordre-des-experts-comptables\/"},"wordCount":911,"commentCount":0,"publisher":{"@id":"https:\/\/app.ipaidthat.io\/mag\/#organization"},"image":{"@id":"https:\/\/app.ipaidthat.io\/mag\/featured\/reportage-74eme-congres-de-lordre-des-experts-comptables\/#primaryimage"},"thumbnailUrl":"https:\/\/ipaidthat.io\/mag\/wp-content\/uploads\/2019\/10\/asl-ronde.png","articleSection":["Comptabilit\u00e9","Featured"],"inLanguage":"fr-FR","potentialAction":[{"@type":"CommentAction","name":"Comment","target":["https:\/\/app.ipaidthat.io\/mag\/featured\/reportage-74eme-congres-de-lordre-des-experts-comptables\/#respond"]}]},{"@type":"WebPage","@id":"https:\/\/app.ipaidthat.io\/mag\/featured\/reportage-74eme-congres-de-lordre-des-experts-comptables\/","url":"https:\/\/app.ipaidthat.io\/mag\/featured\/reportage-74eme-congres-de-lordre-des-experts-comptables\/","name":"Congr\u00e8s de l'Ordre des Experts-Comptables : on vous raconte","isPartOf":{"@id":"https:\/\/app.ipaidthat.io\/mag\/#website"},"primaryImageOfPage":{"@id":"https:\/\/app.ipaidthat.io\/mag\/featured\/reportage-74eme-congres-de-lordre-des-experts-comptables\/#primaryimage"},"image":{"@id":"https:\/\/app.ipaidthat.io\/mag\/featured\/reportage-74eme-congres-de-lordre-des-experts-comptables\/#primaryimage"},"thumbnailUrl":"https:\/\/ipaidthat.io\/mag\/wp-content\/uploads\/2019\/10\/asl-ronde.png","datePublished":"2019-10-14T09:15:36+00:00","description":"Vivez de l'int\u00e9rieur l'\u00e9v\u00e8nement le plus important de la profession comptable : le 74\u00e8me Congr\u00e8s de l'Ordre des Experts-Comptables.","breadcrumb":{"@id":"https:\/\/app.ipaidthat.io\/mag\/featured\/reportage-74eme-congres-de-lordre-des-experts-comptables\/#breadcrumb"},"inLanguage":"fr-FR","potentialAction":[{"@type":"ReadAction","target":["https:\/\/app.ipaidthat.io\/mag\/featured\/reportage-74eme-congres-de-lordre-des-experts-comptables\/"]}]},{"@type":"ImageObject","inLanguage":"fr-FR","@id":"https:\/\/app.ipaidthat.io\/mag\/featured\/reportage-74eme-congres-de-lordre-des-experts-comptables\/#primaryimage","url":"https:\/\/ipaidthat.io\/mag\/wp-content\/uploads\/2019\/10\/asl-ronde.png","contentUrl":"https:\/\/ipaidthat.io\/mag\/wp-content\/uploads\/2019\/10\/asl-ronde.png"},{"@type":"BreadcrumbList","@id":"https:\/\/app.ipaidthat.io\/mag\/featured\/reportage-74eme-congres-de-lordre-des-experts-comptables\/#breadcrumb","itemListElement":[{"@type":"ListItem","position":1,"name":"Le Mag","item":"https:\/\/app.ipaidthat.io\/mag\/"},{"@type":"ListItem","position":2,"name":"Entrepreneur","item":"https:\/\/app.ipaidthat.io\/mag\/category\/entrepreneur\/"},{"@type":"ListItem","position":3,"name":"Reportage : 74\u00e8me Congr\u00e8s de l\u2019Ordre des Experts-Comptables"}]},{"@type":"WebSite","@id":"https:\/\/app.ipaidthat.io\/mag\/#website","url":"https:\/\/app.ipaidthat.io\/mag\/","name":"IPaidThat Mag","description":"Une gestion simple, automatis\u00e9e et collaborative","publisher":{"@id":"https:\/\/app.ipaidthat.io\/mag\/#organization"},"potentialAction":[{"@type":"SearchAction","target":{"@type":"EntryPoint","urlTemplate":"https:\/\/app.ipaidthat.io\/mag\/?s={search_term_string}"},"query-input":{"@type":"PropertyValueSpecification","valueRequired":true,"valueName":"search_term_string"}}],"inLanguage":"fr-FR"},{"@type":"Organization","@id":"https:\/\/app.ipaidthat.io\/mag\/#organization","name":"IPaidThat Mag","url":"https:\/\/app.ipaidthat.io\/mag\/","logo":{"@type":"ImageObject","inLanguage":"fr-FR","@id":"https:\/\/app.ipaidthat.io\/mag\/#\/schema\/logo\/image\/","url":"https:\/\/app.ipaidthat.io\/mag\/wp-content\/uploads\/2025\/11\/logo-le-mag-blog-ipaidthat.png","contentUrl":"https:\/\/app.ipaidthat.io\/mag\/wp-content\/uploads\/2025\/11\/logo-le-mag-blog-ipaidthat.png","width":1817,"height":524,"caption":"IPaidThat Mag"},"image":{"@id":"https:\/\/app.ipaidthat.io\/mag\/#\/schema\/logo\/image\/"}},{"@type":"Person","@id":"https:\/\/app.ipaidthat.io\/mag\/#\/schema\/person\/021144662586a12df79c88913050baaa","name":"S\u00e9bastien Claeys","image":{"@type":"ImageObject","inLanguage":"fr-FR","@id":"https:\/\/app.ipaidthat.io\/mag\/#\/schema\/person\/image\/","url":"https:\/\/app.ipaidthat.io\/mag\/wp-content\/uploads\/2023\/02\/sebastien-clayes-ipaidthat-96x96.png","contentUrl":"https:\/\/app.ipaidthat.io\/mag\/wp-content\/uploads\/2023\/02\/sebastien-clayes-ipaidthat-96x96.png","caption":"S\u00e9bastien Claeys"},"url":"https:\/\/app.ipaidthat.io\/mag\/author\/sebastienipaidthat-io\/"}]}},"_links":{"self":[{"href":"https:\/\/app.ipaidthat.io\/mag\/wp-json\/wp\/v2\/posts\/1584","targetHints":{"allow":["GET"]}}],"collection":[{"href":"https:\/\/app.ipaidthat.io\/mag\/wp-json\/wp\/v2\/posts"}],"about":[{"href":"https:\/\/app.ipaidthat.io\/mag\/wp-json\/wp\/v2\/types\/post"}],"author":[{"embeddable":true,"href":"https:\/\/app.ipaidthat.io\/mag\/wp-json\/wp\/v2\/users\/4"}],"replies":[{"embeddable":true,"href":"https:\/\/app.ipaidthat.io\/mag\/wp-json\/wp\/v2\/comments?post=1584"}],"version-history":[{"count":0,"href":"https:\/\/app.ipaidthat.io\/mag\/wp-json\/wp\/v2\/posts\/1584\/revisions"}],"wp:attachment":[{"href":"https:\/\/app.ipaidthat.io\/mag\/wp-json\/wp\/v2\/media?parent=1584"}],"wp:term":[{"taxonomy":"category","embeddable":true,"href":"https:\/\/app.ipaidthat.io\/mag\/wp-json\/wp\/v2\/categories?post=1584"},{"taxonomy":"post_tag","embeddable":true,"href":"https:\/\/app.ipaidthat.io\/mag\/wp-json\/wp\/v2\/tags?post=1584"}],"curies":[{"name":"wp","href":"https:\/\/api.w.org\/{rel}","templated":true}]}}