{"id":1273,"date":"2019-09-17T17:15:59","date_gmt":"2019-09-17T15:15:59","guid":{"rendered":"https:\/\/ipaidthat.io\/mag\/?p=1273"},"modified":"2019-09-17T17:15:59","modified_gmt":"2019-09-17T15:15:59","slug":"whatsnew-rentree-startups","status":"publish","type":"post","link":"https:\/\/app.ipaidthat.io\/mag\/entrepreneur\/whatsnew-rentree-startups\/","title":{"rendered":"WHATSNEW#1: La rentr\u00e9e des startups"},"content":{"rendered":"\n<h2 class=\"wp-block-heading\"><strong>WhatsNew, c\u2019est votre nouveau rendez-vous d\u2019actualit\u00e9 sur le Mag iPaidThat. Vous y retrouverez toutes les nouveaut\u00e9s importantes sur le secteur: startups, entrepreneuriat, comptabilit\u00e9<\/strong><\/h2>\n\n\n\n<h3 class=\"wp-block-heading\"> <strong>Des experts-comptables lancent leur incubateur <\/strong><\/h3>\n\n\n\n<p><strong>INKO<\/strong>, c\u2019est le nom de l\u2019incubateur de l\u2019<strong>Ordre des experts-comptables<\/strong> de Provence-Alpes-C\u00f4te-d&rsquo;Azur.<\/p>\n\n\n\n<p>Selon le pr\u00e9sident de l\u2019Ordre, le but est de \u201cd\u00e9tecter les <strong>startups<\/strong> qui ont un int\u00e9r\u00eat pour la profession d&rsquo;<strong>expert-comptable<\/strong> ou ses clients et les challenger,&nbsp;les confronter \u00e0 la r\u00e9alit\u00e9 du march\u00e9 pour les aider \u00e0 avancer\u201d. L\u2019objectif est aussi de remettre les <strong>experts-comptables<\/strong> au centre des \u00e9volutions <strong>technologiques<\/strong> li\u00e9es \u00e0 leur profession.<\/p>\n\n\n\n<h3 class=\"wp-block-heading\"><strong>Marseille, des startups pour un nouveau d\u00e9part<\/strong><\/h3>\n\n\n\n<p>Inventer la ville de demain. C\u2019est le d\u00e9fi que lance <strong>Eurom\u00e9diterran\u00e9e<\/strong> aux <strong>startups<\/strong> sp\u00e9cialis\u00e9s. Le projet ? Faire de la 2\u00e8me ville de France un endroit plus \u00e9cologique, plus \u00e9conome et qui pourra accueillir de nouveaux habitants dans un avenir proche. Les laur\u00e9ats auront l\u2019occasion de b\u00e9n\u00e9ficier de nombreux outils mis \u00e0 disposition. Aide <strong>juridique<\/strong>, possibilit\u00e9s de <strong>networking<\/strong>, accompagnement personnalis\u00e9 et exposition m\u00e9diatique importante.&nbsp;<\/p>\n\n\n\n<h3 class=\"wp-block-heading\"><strong>Rentr\u00e9e des classes pour l\u2019Ordre des experts-comptables de Paris\/ Ile de France<\/strong><\/h3>\n\n\n\n<p><strong>Audit, droit, comptabilit\u00e9, RH<\/strong>, tous les acteurs qui gravitent autour du monde de la comptabilit\u00e9 \u00e9taient \u00e0 l\u2019universit\u00e9 Paris Descartes. Au programme: ateliers, d\u00e9bats et masterclasses avec des sp\u00e9cialistes issus de diverses professions. Preuve de la volont\u00e9 du monde de la comptabilit\u00e9 d\u2019entrer dans la modernit\u00e9, les acteurs traditionnels du milieu se retrouvent avec les nouveaux venus du secteur dans la \u201cDemo Zone\u201d. Toujours pr\u00eat \u00e0 aller \u00e0 la rencontre des professionnels de la comptabilit\u00e9, <strong><a rel=\"noreferrer noopener\" aria-label=\" (s\u2019ouvre dans un nouvel onglet)\" href=\"https:\/\/ipaidthat.io\/fr\/?utm_source=mag&amp;utm_campaign=texte&amp;utm_content=texte\" target=\"_blank\">iPaidThat<\/a><\/strong> \u00e9tait pr\u00e9sent sur le campus. Nos fondateurs \u00e9taient disponibles pour vous pr\u00e9senter notre logiciel et vous montrer en quelques minutes \u00e0 quel point il simplifie le travail de comptable.<br><\/p>\n\n\n\n<div class=\"wp-block-image\"><figure class=\"aligncenter is-resized\"><img fetchpriority=\"high\" decoding=\"async\" src=\"https:\/\/ipaidthat.io\/mag\/wp-content\/uploads\/2019\/09\/IpaidThat-Salon-768x1024.jpg\" alt=\"IpaidThat \u00e0 l'universit\u00e9 d'\u00e9t\u00e9 de l'Ordre des experts comptables\n\" class=\"wp-image-1286\" width=\"513\" height=\"684\"\/><\/figure><\/div>\n\n\n\n<h3 class=\"wp-block-heading\"><strong>France Digital Day 2019, le Davos de la tech<\/strong><\/h3>\n\n\n\n<p>Le 18 septembre, l\u2019association <strong>France Digitale<\/strong> organisera la 7\u00e8me \u00e9dition du France <strong>Digitale Day<\/strong> \u00e0 Paris. Ce salon, surnomm\u00e9 le \u201cDavos\u201d de la tech r\u00e9unira plus de 4000 startups et investisseurs. Pour \u00eatre \u00e0 la hauteur d\u2019une telle audience les organisateurs ont invit\u00e9 plus de 80 speakers dont certains sont des fondateurs de <strong>\u201clicornes\u201d<\/strong>. Pr\u00e9sid\u00e9e notamment par le fondateur de BlaBlaCar, le salon tourne autour de deux th\u00e8mes importants: la \u201ctech for good\u201d ou \u201ctech pour la plan\u00e8te\u201d et le recrutement de profils talentueux au sein des <strong>startups fran\u00e7aises<\/strong>. Ce salon est d\u2019autant plus un lieu de pouvoir que le pr\u00e9sident Emmanuel Macron sera de la partie. En effet, le chef de l&rsquo;Etat prononcera un discours comportant des annonces importantes pour le secteur en ouverture du salon. Cette soir\u00e9e priv\u00e9e ne r\u00e9unira que quelques invit\u00e9s tri\u00e9s sur le volet. Autre moment important de l\u2019\u00e9v\u00e8nement, l\u2019annonce du classement Next40 des entreprises tech. Le rendez-vous \u201ctech\u201d se cl\u00f4turera sur une soir\u00e9e dans le d\u00e9cor burlesque du Mus\u00e9e des Arts Forains.&nbsp;<br><\/p>\n\n\n\n<h3 class=\"wp-block-heading\"><strong>La parit\u00e9 dans l\u2019entrepreneuriat atteinte en 2090 ?&nbsp;<\/strong><\/h3>\n\n\n\n<p>C\u2019est la triste pr\u00e9vision d\u2019une \u00e9tude r\u00e9cente du <strong>collectif Sista<\/strong> pour la mixit\u00e9 dans le num\u00e9rique avec le Boston Consulting Group. Les chiffres parlent d\u2019eux-m\u00eames: seulement <strong>5% des startups fran\u00e7aises<\/strong> sont dirig\u00e9es uniquement par des femmes. Les investisseurs privil\u00e9gient les entrepreneurs masculins, en effet, les projets port\u00e9s par des femmes ont <strong>30% moins de chances d\u2019\u00eatre financ\u00e9s.<\/strong> Les femmes, pourtant moins pr\u00e9sentes n\u2019en restent pas moins plus port\u00e9es sur la collaboration que les hommes. Elle s\u2019allient avec des hommes dans 61% des cas, quand seulement 9% d\u2019entre eux fondent une entreprise avec des femmes. Pour Valentine de Lasteyrie, membre du fond d\u2019investissement Angel Square, <strong>\u201cla mixit\u00e9 est une condition de survie\u201d<\/strong> pour les femmes. Ces donn\u00e9es sont d\u2019autant plus surprenantes que l\u2019absence de mixit\u00e9 dans le secteur fait perdre de l\u2019argent. Selon une \u00e9tude d\u2019un cabinet am\u00e9ricain datant de 2015, quand l&rsquo;<strong>\u00e9quipe dirigeante est mixte le projet \u00e0 15% de chances de plus de r\u00e9ussir.<\/strong> Quelles sont les solutions ? La majorit\u00e9 des investisseurs ne m\u00e8nent pas une campagne contre les entrepreneures mais ils sont malheureusement conditionn\u00e9s par une vision biais\u00e9e des femmes. Il faut donc faire du probl\u00e8me de la mixit\u00e9 un enjeu collectif. Premi\u00e8re \u00e9tape, la prise de conscience, le collectif Sista invite les investisseurs \u00e0 compter le nombre de projet port\u00e9 par des femmes dans lesquelles ils ont investi. L\u2019engagement des investisseurs se traduit aussi par<strong> la signature par beaucoup d\u2019entre eux d\u2019une charte pour la diversit\u00e9.&nbsp;<\/strong><br><\/p>\n\n\n\n<figure class=\"wp-block-image\"><a class=\"\" href=\"https:\/\/ipaidthat.io\/fr\/?utm_source=mag&amp;utm_campaign=banniere&amp;utm_content=banniere\" target=\"_blank\" rel=\"noreferrer noopener\"><img decoding=\"async\" src=\"https:\/\/ipaidthat.io\/mag\/wp-content\/uploads\/2019\/07\/banni\u00e8re-bleu-blog-1024x57.jpg\" alt=\"banni\u00e8re-bleu-blog\" class=\"wp-image-568\"\/><\/a><\/figure>\n\n\n\n<h3 class=\"wp-block-heading\"><strong>Les entrepreneures \u00e0 l\u2019honneur<\/strong><\/h3>\n\n\n\n<p>Des actrices du secteur s\u2019engagent pour enrayer ce probl\u00e8me. L\u2019organisme \u201c<strong>La Ruche<\/strong>\u201d bas\u00e9 en Ile-de France lance la 5\u00e8me \u00e9dition des \u201cAudacieuses\u201d. L\u2019id\u00e9e est claire, donner de la visibilit\u00e9 \u00e0 un type d\u2019<strong>entrepreneur<\/strong> sous-repr\u00e9sent\u00e9: les femmes. La structure propose donc \u00e0 des entrepreneures qui s\u2019engagent dans des projets soci\u00e9taux ou environnementaux un <strong>incubateur <\/strong>de 9 mois ainsi qu\u2019un accompagnement personnalis\u00e9. Au-del\u00e0 d\u2019apporter de l\u2019aide \u00e0 ces entrepreneures, l\u2019objectif est de d\u00e9mocratiser leur pr\u00e9sence dans le milieu.&nbsp;<br><\/p>\n\n\n\n<p>On se retrouve le mois prochain pour parler de l&rsquo;actualit\u00e9 startups, comptable et entrepreneurial dans WhatsNew !<\/p>\n\n\n\n<p><em>En attendant d\u00e9couvrez <a aria-label=\" (s\u2019ouvre dans un nouvel onglet)\" rel=\"noreferrer noopener\" href=\"https:\/\/ipaidthat.io\/mag\/entrepreneur\/top-10-des-bonnes-raisons-de-travailler-en-startup\/\" target=\"_blank\">les 10 raisons de travailler en startup !<\/a><\/em><\/p>\n","protected":false},"excerpt":{"rendered":"<p>WhatsNew, c\u2019est votre nouveau rendez-vous d\u2019actualit\u00e9 sur le Mag iPaidThat. Vous y retrouverez toutes les nouveaut\u00e9s importantes sur le secteur: startups, entrepreneuriat, comptabilit\u00e9 Des experts-comptables lancent leur incubateur INKO, c\u2019est le nom de l\u2019incubateur de l\u2019Ordre des experts-comptables de Provence-Alpes-C\u00f4te-d&rsquo;Azur. Selon le pr\u00e9sident de l\u2019Ordre, le but est de \u201cd\u00e9tecter les startups qui ont un [&hellip;]<\/p>\n","protected":false},"author":4,"featured_media":0,"comment_status":"open","ping_status":"open","sticky":false,"template":"","format":"standard","meta":{"footnotes":""},"categories":[2,4],"tags":[],"class_list":["post-1273","post","type-post","status-publish","format-standard","hentry","category-entrepreneur","category-featured"],"yoast_head":"<!-- This site is optimized with the Yoast SEO plugin v26.6 - https:\/\/yoast.com\/wordpress\/plugins\/seo\/ -->\n<title>WHATSNEW#1: La rentr\u00e9e des startups fran\u00e7aises<\/title>\n<meta name=\"description\" content=\"WhatsNew, c&#039;est le rendez-vous d&#039;actualit\u00e9 sur le mag IPaidThat. Retrouvez-y les nouveaut\u00e9s majeures sur le secteur: startups, entrepreneuriat, comptabilit\u00e9\" \/>\n<meta name=\"robots\" content=\"index, follow, max-snippet:-1, max-image-preview:large, max-video-preview:-1\" \/>\n<link rel=\"canonical\" href=\"https:\/\/app.ipaidthat.io\/mag\/entrepreneur\/whatsnew-rentree-startups\/\" \/>\n<meta property=\"og:locale\" content=\"fr_FR\" \/>\n<meta property=\"og:type\" content=\"article\" \/>\n<meta property=\"og:title\" content=\"WHATSNEW#1: La rentr\u00e9e des startups fran\u00e7aises\" \/>\n<meta property=\"og:description\" content=\"WhatsNew, c&#039;est le rendez-vous d&#039;actualit\u00e9 sur le mag IPaidThat. Retrouvez-y les nouveaut\u00e9s majeures sur le secteur: startups, entrepreneuriat, comptabilit\u00e9\" \/>\n<meta property=\"og:url\" content=\"https:\/\/app.ipaidthat.io\/mag\/entrepreneur\/whatsnew-rentree-startups\/\" \/>\n<meta property=\"og:site_name\" content=\"iPaidThat Mag\" \/>\n<meta property=\"article:published_time\" content=\"2019-09-17T15:15:59+00:00\" \/>\n<meta property=\"og:image\" content=\"https:\/\/ipaidthat.io\/mag\/wp-content\/uploads\/2019\/09\/IpaidThat-Salon-768x1024.jpg\" \/>\n<meta name=\"author\" content=\"S\u00e9bastien Claeys\" \/>\n<meta name=\"twitter:card\" content=\"summary_large_image\" \/>\n<meta name=\"twitter:label1\" content=\"\u00c9crit par\" \/>\n\t<meta name=\"twitter:data1\" content=\"S\u00e9bastien Claeys\" \/>\n\t<meta name=\"twitter:label2\" content=\"Dur\u00e9e de lecture estim\u00e9e\" \/>\n\t<meta name=\"twitter:data2\" content=\"4 minutes\" \/>\n<script type=\"application\/ld+json\" class=\"yoast-schema-graph\">{\"@context\":\"https:\/\/schema.org\",\"@graph\":[{\"@type\":\"Article\",\"@id\":\"https:\/\/app.ipaidthat.io\/mag\/entrepreneur\/whatsnew-rentree-startups\/#article\",\"isPartOf\":{\"@id\":\"https:\/\/app.ipaidthat.io\/mag\/entrepreneur\/whatsnew-rentree-startups\/\"},\"author\":{\"name\":\"S\u00e9bastien Claeys\",\"@id\":\"https:\/\/app.ipaidthat.io\/mag\/#\/schema\/person\/021144662586a12df79c88913050baaa\"},\"headline\":\"WHATSNEW#1: La rentr\u00e9e des startups\",\"datePublished\":\"2019-09-17T15:15:59+00:00\",\"mainEntityOfPage\":{\"@id\":\"https:\/\/app.ipaidthat.io\/mag\/entrepreneur\/whatsnew-rentree-startups\/\"},\"wordCount\":909,\"commentCount\":0,\"publisher\":{\"@id\":\"https:\/\/app.ipaidthat.io\/mag\/#organization\"},\"image\":{\"@id\":\"https:\/\/app.ipaidthat.io\/mag\/entrepreneur\/whatsnew-rentree-startups\/#primaryimage\"},\"thumbnailUrl\":\"https:\/\/ipaidthat.io\/mag\/wp-content\/uploads\/2019\/09\/IpaidThat-Salon-768x1024.jpg\",\"articleSection\":[\"Entrepreneur\",\"Featured\"],\"inLanguage\":\"fr-FR\",\"potentialAction\":[{\"@type\":\"CommentAction\",\"name\":\"Comment\",\"target\":[\"https:\/\/app.ipaidthat.io\/mag\/entrepreneur\/whatsnew-rentree-startups\/#respond\"]}]},{\"@type\":\"WebPage\",\"@id\":\"https:\/\/app.ipaidthat.io\/mag\/entrepreneur\/whatsnew-rentree-startups\/\",\"url\":\"https:\/\/app.ipaidthat.io\/mag\/entrepreneur\/whatsnew-rentree-startups\/\",\"name\":\"WHATSNEW#1: La rentr\u00e9e des startups fran\u00e7aises\",\"isPartOf\":{\"@id\":\"https:\/\/app.ipaidthat.io\/mag\/#website\"},\"primaryImageOfPage\":{\"@id\":\"https:\/\/app.ipaidthat.io\/mag\/entrepreneur\/whatsnew-rentree-startups\/#primaryimage\"},\"image\":{\"@id\":\"https:\/\/app.ipaidthat.io\/mag\/entrepreneur\/whatsnew-rentree-startups\/#primaryimage\"},\"thumbnailUrl\":\"https:\/\/ipaidthat.io\/mag\/wp-content\/uploads\/2019\/09\/IpaidThat-Salon-768x1024.jpg\",\"datePublished\":\"2019-09-17T15:15:59+00:00\",\"description\":\"WhatsNew, c'est le rendez-vous d'actualit\u00e9 sur le mag IPaidThat. Retrouvez-y les nouveaut\u00e9s majeures sur le secteur: startups, entrepreneuriat, comptabilit\u00e9\",\"breadcrumb\":{\"@id\":\"https:\/\/app.ipaidthat.io\/mag\/entrepreneur\/whatsnew-rentree-startups\/#breadcrumb\"},\"inLanguage\":\"fr-FR\",\"potentialAction\":[{\"@type\":\"ReadAction\",\"target\":[\"https:\/\/app.ipaidthat.io\/mag\/entrepreneur\/whatsnew-rentree-startups\/\"]}]},{\"@type\":\"ImageObject\",\"inLanguage\":\"fr-FR\",\"@id\":\"https:\/\/app.ipaidthat.io\/mag\/entrepreneur\/whatsnew-rentree-startups\/#primaryimage\",\"url\":\"https:\/\/ipaidthat.io\/mag\/wp-content\/uploads\/2019\/09\/IpaidThat-Salon-768x1024.jpg\",\"contentUrl\":\"https:\/\/ipaidthat.io\/mag\/wp-content\/uploads\/2019\/09\/IpaidThat-Salon-768x1024.jpg\"},{\"@type\":\"BreadcrumbList\",\"@id\":\"https:\/\/app.ipaidthat.io\/mag\/entrepreneur\/whatsnew-rentree-startups\/#breadcrumb\",\"itemListElement\":[{\"@type\":\"ListItem\",\"position\":1,\"name\":\"Le Mag\",\"item\":\"https:\/\/app.ipaidthat.io\/mag\/\"},{\"@type\":\"ListItem\",\"position\":2,\"name\":\"Entrepreneur\",\"item\":\"https:\/\/app.ipaidthat.io\/mag\/category\/entrepreneur\/\"},{\"@type\":\"ListItem\",\"position\":3,\"name\":\"WHATSNEW#1: La rentr\u00e9e des startups\"}]},{\"@type\":\"WebSite\",\"@id\":\"https:\/\/app.ipaidthat.io\/mag\/#website\",\"url\":\"https:\/\/app.ipaidthat.io\/mag\/\",\"name\":\"IPaidThat Mag\",\"description\":\"Une gestion simple, automatis\u00e9e et collaborative\",\"publisher\":{\"@id\":\"https:\/\/app.ipaidthat.io\/mag\/#organization\"},\"potentialAction\":[{\"@type\":\"SearchAction\",\"target\":{\"@type\":\"EntryPoint\",\"urlTemplate\":\"https:\/\/app.ipaidthat.io\/mag\/?s={search_term_string}\"},\"query-input\":{\"@type\":\"PropertyValueSpecification\",\"valueRequired\":true,\"valueName\":\"search_term_string\"}}],\"inLanguage\":\"fr-FR\"},{\"@type\":\"Organization\",\"@id\":\"https:\/\/app.ipaidthat.io\/mag\/#organization\",\"name\":\"IPaidThat Mag\",\"url\":\"https:\/\/app.ipaidthat.io\/mag\/\",\"logo\":{\"@type\":\"ImageObject\",\"inLanguage\":\"fr-FR\",\"@id\":\"https:\/\/app.ipaidthat.io\/mag\/#\/schema\/logo\/image\/\",\"url\":\"https:\/\/app.ipaidthat.io\/mag\/wp-content\/uploads\/2025\/11\/logo-le-mag-blog-ipaidthat.png\",\"contentUrl\":\"https:\/\/app.ipaidthat.io\/mag\/wp-content\/uploads\/2025\/11\/logo-le-mag-blog-ipaidthat.png\",\"width\":1817,\"height\":524,\"caption\":\"IPaidThat Mag\"},\"image\":{\"@id\":\"https:\/\/app.ipaidthat.io\/mag\/#\/schema\/logo\/image\/\"}},{\"@type\":\"Person\",\"@id\":\"https:\/\/app.ipaidthat.io\/mag\/#\/schema\/person\/021144662586a12df79c88913050baaa\",\"name\":\"S\u00e9bastien Claeys\",\"image\":{\"@type\":\"ImageObject\",\"inLanguage\":\"fr-FR\",\"@id\":\"https:\/\/app.ipaidthat.io\/mag\/#\/schema\/person\/image\/\",\"url\":\"https:\/\/app.ipaidthat.io\/mag\/wp-content\/uploads\/2023\/02\/sebastien-clayes-ipaidthat-96x96.png\",\"contentUrl\":\"https:\/\/app.ipaidthat.io\/mag\/wp-content\/uploads\/2023\/02\/sebastien-clayes-ipaidthat-96x96.png\",\"caption\":\"S\u00e9bastien Claeys\"},\"url\":\"https:\/\/app.ipaidthat.io\/mag\/author\/sebastienipaidthat-io\/\"}]}<\/script>\n<!-- \/ Yoast SEO plugin. -->","yoast_head_json":{"title":"WHATSNEW#1: La rentr\u00e9e des startups fran\u00e7aises","description":"WhatsNew, c'est le rendez-vous d'actualit\u00e9 sur le mag IPaidThat. Retrouvez-y les nouveaut\u00e9s majeures sur le secteur: startups, entrepreneuriat, comptabilit\u00e9","robots":{"index":"index","follow":"follow","max-snippet":"max-snippet:-1","max-image-preview":"max-image-preview:large","max-video-preview":"max-video-preview:-1"},"canonical":"https:\/\/app.ipaidthat.io\/mag\/entrepreneur\/whatsnew-rentree-startups\/","og_locale":"fr_FR","og_type":"article","og_title":"WHATSNEW#1: La rentr\u00e9e des startups fran\u00e7aises","og_description":"WhatsNew, c'est le rendez-vous d'actualit\u00e9 sur le mag IPaidThat. Retrouvez-y les nouveaut\u00e9s majeures sur le secteur: startups, entrepreneuriat, comptabilit\u00e9","og_url":"https:\/\/app.ipaidthat.io\/mag\/entrepreneur\/whatsnew-rentree-startups\/","og_site_name":"iPaidThat Mag","article_published_time":"2019-09-17T15:15:59+00:00","og_image":[{"url":"https:\/\/ipaidthat.io\/mag\/wp-content\/uploads\/2019\/09\/IpaidThat-Salon-768x1024.jpg","type":"","width":"","height":""}],"author":"S\u00e9bastien Claeys","twitter_card":"summary_large_image","twitter_misc":{"\u00c9crit par":"S\u00e9bastien Claeys","Dur\u00e9e de lecture estim\u00e9e":"4 minutes"},"schema":{"@context":"https:\/\/schema.org","@graph":[{"@type":"Article","@id":"https:\/\/app.ipaidthat.io\/mag\/entrepreneur\/whatsnew-rentree-startups\/#article","isPartOf":{"@id":"https:\/\/app.ipaidthat.io\/mag\/entrepreneur\/whatsnew-rentree-startups\/"},"author":{"name":"S\u00e9bastien Claeys","@id":"https:\/\/app.ipaidthat.io\/mag\/#\/schema\/person\/021144662586a12df79c88913050baaa"},"headline":"WHATSNEW#1: La rentr\u00e9e des startups","datePublished":"2019-09-17T15:15:59+00:00","mainEntityOfPage":{"@id":"https:\/\/app.ipaidthat.io\/mag\/entrepreneur\/whatsnew-rentree-startups\/"},"wordCount":909,"commentCount":0,"publisher":{"@id":"https:\/\/app.ipaidthat.io\/mag\/#organization"},"image":{"@id":"https:\/\/app.ipaidthat.io\/mag\/entrepreneur\/whatsnew-rentree-startups\/#primaryimage"},"thumbnailUrl":"https:\/\/ipaidthat.io\/mag\/wp-content\/uploads\/2019\/09\/IpaidThat-Salon-768x1024.jpg","articleSection":["Entrepreneur","Featured"],"inLanguage":"fr-FR","potentialAction":[{"@type":"CommentAction","name":"Comment","target":["https:\/\/app.ipaidthat.io\/mag\/entrepreneur\/whatsnew-rentree-startups\/#respond"]}]},{"@type":"WebPage","@id":"https:\/\/app.ipaidthat.io\/mag\/entrepreneur\/whatsnew-rentree-startups\/","url":"https:\/\/app.ipaidthat.io\/mag\/entrepreneur\/whatsnew-rentree-startups\/","name":"WHATSNEW#1: La rentr\u00e9e des startups fran\u00e7aises","isPartOf":{"@id":"https:\/\/app.ipaidthat.io\/mag\/#website"},"primaryImageOfPage":{"@id":"https:\/\/app.ipaidthat.io\/mag\/entrepreneur\/whatsnew-rentree-startups\/#primaryimage"},"image":{"@id":"https:\/\/app.ipaidthat.io\/mag\/entrepreneur\/whatsnew-rentree-startups\/#primaryimage"},"thumbnailUrl":"https:\/\/ipaidthat.io\/mag\/wp-content\/uploads\/2019\/09\/IpaidThat-Salon-768x1024.jpg","datePublished":"2019-09-17T15:15:59+00:00","description":"WhatsNew, c'est le rendez-vous d'actualit\u00e9 sur le mag IPaidThat. Retrouvez-y les nouveaut\u00e9s majeures sur le secteur: startups, entrepreneuriat, comptabilit\u00e9","breadcrumb":{"@id":"https:\/\/app.ipaidthat.io\/mag\/entrepreneur\/whatsnew-rentree-startups\/#breadcrumb"},"inLanguage":"fr-FR","potentialAction":[{"@type":"ReadAction","target":["https:\/\/app.ipaidthat.io\/mag\/entrepreneur\/whatsnew-rentree-startups\/"]}]},{"@type":"ImageObject","inLanguage":"fr-FR","@id":"https:\/\/app.ipaidthat.io\/mag\/entrepreneur\/whatsnew-rentree-startups\/#primaryimage","url":"https:\/\/ipaidthat.io\/mag\/wp-content\/uploads\/2019\/09\/IpaidThat-Salon-768x1024.jpg","contentUrl":"https:\/\/ipaidthat.io\/mag\/wp-content\/uploads\/2019\/09\/IpaidThat-Salon-768x1024.jpg"},{"@type":"BreadcrumbList","@id":"https:\/\/app.ipaidthat.io\/mag\/entrepreneur\/whatsnew-rentree-startups\/#breadcrumb","itemListElement":[{"@type":"ListItem","position":1,"name":"Le Mag","item":"https:\/\/app.ipaidthat.io\/mag\/"},{"@type":"ListItem","position":2,"name":"Entrepreneur","item":"https:\/\/app.ipaidthat.io\/mag\/category\/entrepreneur\/"},{"@type":"ListItem","position":3,"name":"WHATSNEW#1: La rentr\u00e9e des startups"}]},{"@type":"WebSite","@id":"https:\/\/app.ipaidthat.io\/mag\/#website","url":"https:\/\/app.ipaidthat.io\/mag\/","name":"IPaidThat Mag","description":"Une gestion simple, automatis\u00e9e et collaborative","publisher":{"@id":"https:\/\/app.ipaidthat.io\/mag\/#organization"},"potentialAction":[{"@type":"SearchAction","target":{"@type":"EntryPoint","urlTemplate":"https:\/\/app.ipaidthat.io\/mag\/?s={search_term_string}"},"query-input":{"@type":"PropertyValueSpecification","valueRequired":true,"valueName":"search_term_string"}}],"inLanguage":"fr-FR"},{"@type":"Organization","@id":"https:\/\/app.ipaidthat.io\/mag\/#organization","name":"IPaidThat Mag","url":"https:\/\/app.ipaidthat.io\/mag\/","logo":{"@type":"ImageObject","inLanguage":"fr-FR","@id":"https:\/\/app.ipaidthat.io\/mag\/#\/schema\/logo\/image\/","url":"https:\/\/app.ipaidthat.io\/mag\/wp-content\/uploads\/2025\/11\/logo-le-mag-blog-ipaidthat.png","contentUrl":"https:\/\/app.ipaidthat.io\/mag\/wp-content\/uploads\/2025\/11\/logo-le-mag-blog-ipaidthat.png","width":1817,"height":524,"caption":"IPaidThat Mag"},"image":{"@id":"https:\/\/app.ipaidthat.io\/mag\/#\/schema\/logo\/image\/"}},{"@type":"Person","@id":"https:\/\/app.ipaidthat.io\/mag\/#\/schema\/person\/021144662586a12df79c88913050baaa","name":"S\u00e9bastien Claeys","image":{"@type":"ImageObject","inLanguage":"fr-FR","@id":"https:\/\/app.ipaidthat.io\/mag\/#\/schema\/person\/image\/","url":"https:\/\/app.ipaidthat.io\/mag\/wp-content\/uploads\/2023\/02\/sebastien-clayes-ipaidthat-96x96.png","contentUrl":"https:\/\/app.ipaidthat.io\/mag\/wp-content\/uploads\/2023\/02\/sebastien-clayes-ipaidthat-96x96.png","caption":"S\u00e9bastien Claeys"},"url":"https:\/\/app.ipaidthat.io\/mag\/author\/sebastienipaidthat-io\/"}]}},"_links":{"self":[{"href":"https:\/\/app.ipaidthat.io\/mag\/wp-json\/wp\/v2\/posts\/1273","targetHints":{"allow":["GET"]}}],"collection":[{"href":"https:\/\/app.ipaidthat.io\/mag\/wp-json\/wp\/v2\/posts"}],"about":[{"href":"https:\/\/app.ipaidthat.io\/mag\/wp-json\/wp\/v2\/types\/post"}],"author":[{"embeddable":true,"href":"https:\/\/app.ipaidthat.io\/mag\/wp-json\/wp\/v2\/users\/4"}],"replies":[{"embeddable":true,"href":"https:\/\/app.ipaidthat.io\/mag\/wp-json\/wp\/v2\/comments?post=1273"}],"version-history":[{"count":0,"href":"https:\/\/app.ipaidthat.io\/mag\/wp-json\/wp\/v2\/posts\/1273\/revisions"}],"wp:attachment":[{"href":"https:\/\/app.ipaidthat.io\/mag\/wp-json\/wp\/v2\/media?parent=1273"}],"wp:term":[{"taxonomy":"category","embeddable":true,"href":"https:\/\/app.ipaidthat.io\/mag\/wp-json\/wp\/v2\/categories?post=1273"},{"taxonomy":"post_tag","embeddable":true,"href":"https:\/\/app.ipaidthat.io\/mag\/wp-json\/wp\/v2\/tags?post=1273"}],"curies":[{"name":"wp","href":"https:\/\/api.w.org\/{rel}","templated":true}]}}