{"id":11117,"date":"2022-07-18T10:22:14","date_gmt":"2022-07-18T08:22:14","guid":{"rendered":"https:\/\/ipaidthat.io\/mag\/?p=11117"},"modified":"2022-07-18T10:22:14","modified_gmt":"2022-07-18T08:22:14","slug":"dematerialisation-des-factures-pdp-chorus-pro-et-e-facturation","status":"publish","type":"post","link":"https:\/\/app.ipaidthat.io\/mag\/featured\/dematerialisation-des-factures-pdp-chorus-pro-et-e-facturation\/","title":{"rendered":"D\u00e9mat\u00e9rialisation des factures\u00a0: PDP, Chorus Pro et e-facturation"},"content":{"rendered":"\n<p><strong>L\u2019obligation de la d\u00e9mat\u00e9rialisation des factures<\/strong> n\u2019est plus une option&nbsp;! Dans le cadre de sa politique de transition num\u00e9rique, le gouvernement a d\u00e9cid\u00e9 d\u2019instaurer la <strong>facturation \u00e9lectronique obligatoire<\/strong> d\u00e8s 2024.<\/p>\n\n\n\n<p>Mise en \u0153uvre avec succ\u00e8s par plusieurs de pays europ\u00e9ens, dont l\u2019Italie ; cette r\u00e9forme fiscale constitue un point marquant de la politique d\u2019acc\u00e9l\u00e9ration de la transition num\u00e9rique poursuivie par le gouvernement fran\u00e7ais.&nbsp;<\/p>\n\n\n\n<p>Vous d\u00e9couvrirez dans cet article <strong>tout ce<\/strong> <strong>que vous devriez savoir sur la d\u00e9mat\u00e9rialisation de vos factures <\/strong>et comment introduire ce nouveau dispositif gr\u00e2ce \u00e0 un <strong>logiciel adapt\u00e9<\/strong>. Plus sp\u00e9cifiquement concernant la<strong> Factur-X<\/strong>.<\/p>\n\n\n\n<p>Les entreprises sont tenues, depuis le 1<sup>er<\/sup>&nbsp;janvier&nbsp;2020, d\u2019envoyer leurs factures \u00e0 destination du <strong>secteur public<\/strong> au <strong>format \u00e9lectronique<\/strong>. Ensuite, ce sont les \u00e9changes entre toutes les entreprises <strong>assujetties \u00e0 la TVA<\/strong> et <strong>\u00e9tablies en France <\/strong>qui ont d\u00fb se conformer \u00e0 cette obligation selon la loi de finances&nbsp;2020.&nbsp;<\/p>\n\n\n\n<p>Par la suite, nous assistons depuis <a href=\"https:\/\/www.legifrance.gouv.fr\/jorf\/id\/JORFTEXT000044044176\" target=\"_blank\" rel=\"noreferrer noopener\">l\u2019ordonnance du 15&nbsp;septembre&nbsp;2021<\/a> \u00e0 la g\u00e9n\u00e9ralisation de la facturation \u00e9lectronique avec, notamment, une implication sp\u00e9cifique des <strong>soci\u00e9t\u00e9s BtoB <\/strong>du<strong> secteur priv\u00e9.&nbsp;<\/strong><\/p>\n\n\n\n<h2 class=\"wp-block-heading\"><strong>E-facturation&nbsp;: pourquoi la d\u00e9mat\u00e9rialisation des factures&nbsp;?<\/strong><\/h2>\n\n\n\n<p>Les atouts principaux de la d\u00e9mat\u00e9rialisation des factures sont la <strong>s\u00e9curit\u00e9<\/strong>, la <strong>simplicit\u00e9 <\/strong>et <strong>l\u2019efficacit\u00e9 <\/strong>du traitement des documents.&nbsp;<\/p>\n\n\n\n<p>Gr\u00e2ce \u00e0 la mise en place de ce dispositif, l\u2019administration fiscale peut contr\u00f4ler et tracer l\u2019int\u00e9gralit\u00e9 des factures en toute s\u00e9curit\u00e9 via la d\u00e9tection des fraudes. C&rsquo;est le cas par exemple en mati\u00e8re de TVA.<\/p>\n\n\n\n<p>\u00c0 terme, la g\u00e9n\u00e9ralisation de la facture \u00e9lectronique a pour objectif de <strong>simplifier<\/strong> l\u2019obligation d\u00e9clarative en mati\u00e8re de TVA aux entreprises qui y sont assujetties. Le <strong>pr\u00e9-remplissage des d\u00e9clarations<\/strong> facilitera ce processus.&nbsp;<\/p>\n\n\n\n<p>La facturation \u00e9lectronique a \u00e9galement pour but de <strong>simplifier<\/strong> le quotidien des entreprises en fluidifiant leurs \u00e9changes et en renfor\u00e7ant leur comp\u00e9titivit\u00e9 via l\u2019assouplissement des charges administratives et la diminution des d\u00e9lais fournisseurs.<\/p>\n\n\n\n<p>Enfin, l&rsquo;<strong>e-facturation<\/strong> va, globalement, permettre aux entreprises de conna\u00eetre leur activit\u00e9 en temps r\u00e9el par le moyen d&rsquo;un suivi <strong>efficace et digitalis\u00e9.&nbsp;<\/strong><\/p>\n\n\n\n<h2 class=\"wp-block-heading\"><strong>\u00c0 quand l\u2019imposition de ce nouveau dispositif ?&nbsp;<\/strong><\/h2>\n\n\n\n<p>Ce nouveau dispositif issu de l\u2019ordonnance du 15&nbsp;septembre&nbsp;2021 va se d\u00e9ployer progressivement \u00e0 partir de 2024 en prenant compte la taille des entreprises.&nbsp;<\/p>\n\n\n\n<p>Les obligations de facturation \u00e9lectronique seront introduites \u00e0 compter&nbsp;:<\/p>\n\n\n\n<ul class=\"wp-block-list\">\n<li>du <strong>1<sup>er<\/sup>&nbsp;juillet&nbsp;2024<\/strong>, en r\u00e9ception, \u00e0 <strong>l\u2019ensemble des assujettis&nbsp;<\/strong>;<\/li>\n\n\n\n<li>du <strong>1<sup>er<\/sup>&nbsp;juillet&nbsp;2024<\/strong>, en transmission, <strong>aux grandes entreprises<\/strong>&nbsp;;<\/li>\n\n\n\n<li>du <strong>1<sup>er<\/sup>&nbsp;janvier&nbsp;2025<\/strong> aux <strong>entreprises de taille interm\u00e9diaire<\/strong>&nbsp;;<\/li>\n\n\n\n<li>du <strong>1<sup>er<\/sup>&nbsp;janvier&nbsp;2026<\/strong> aux <strong>petites et moyennes entreprises et micro-entreprises.<\/strong><\/li>\n<\/ul>\n\n\n\n<p class=\"has-background\" style=\"background-color:#fff5d8\">Note : La date butoir du 1er juillet 2024 pour que les entreprises \u00e9mettent et re\u00e7oivent des factures \u00e9lectroniques est repouss\u00e9e. Une nouvelle date sera d\u00e9termin\u00e9e dans la loi de finances 2024.<\/p>\n\n\n\n<h2 class=\"wp-block-heading\"><strong>Comment proc\u00e9der \u00e0 la d\u00e9claration d&rsquo;une facture \u00e9lectronique&nbsp;?<\/strong><\/h2>\n\n\n\n<p>Pour remplir leurs obligations en mati\u00e8re de d\u00e9claration de facturation d\u00e9mat\u00e9rialis\u00e9e, les dirigeants ont la possibilit\u00e9 d\u2019opter pour l\u2019une de ces deux solutions&nbsp;:&nbsp;PPF ou PDP.<\/p>\n\n\n\n<h3 class=\"wp-block-heading\"><strong>Portail Public de Facturation<\/strong> : Chorus Pro<\/h3>\n\n\n\n<p>Le recours direct au <strong>portail public de facturation<\/strong> (qui s\u2019appuie sur la plateforme <a href=\"https:\/\/portail.chorus-pro.gouv.fr\/aife_csm\/?id=aife_index\" target=\"_blank\" rel=\"noreferrer noopener\"><strong>Chorus Pro<\/strong><\/a>) est l&rsquo;une des possibilit\u00e9s qu&rsquo;ont les dirigeants d&rsquo;entreprise. Cette plateforme assure d\u00e9j\u00e0 l\u2019\u00e9change d\u00e9mat\u00e9rialis\u00e9 des factures du secteur public et est la solution mutualis\u00e9e de facturation mise en place pour tous les fournisseurs. Qu&rsquo;il s&rsquo;agisse de la sph\u00e8re priv\u00e9e ou publique (\u00c9tat, collectivit\u00e9s territoriales, \u2026), tout a \u00e9t\u00e9 organis\u00e9 dans le but de r\u00e9pondre aux obligations l\u00e9gales en mati\u00e8re d&rsquo;e-facturation.<\/p>\n\n\n\n<h3 class=\"wp-block-heading\"><strong>Plateforme<\/strong> <strong>de D\u00e9mat\u00e9rialisation<\/strong> <strong>Partenaire<\/strong> (PDP)<\/h3>\n\n\n\n<p>Les chefs d&rsquo;entreprises peuvent aussi, s&rsquo;ils le souhaitent, recourir \u00e0 une <strong>Plateforme<\/strong> <strong>de D\u00e9mat\u00e9rialisation<\/strong> <strong>Partenaire <\/strong>(de l\u2019Administration), aussi dite Op\u00e9rateur de D\u00e9mat\u00e9rialisation<strong> (OD)<\/strong>. <\/p>\n\n\n\n<p>Pour cela, ces op\u00e9rateurs doivent \u00eatre immatricul\u00e9s aupr\u00e8s de l\u2019administration fiscale pour une dur\u00e9e renouvelable de trois ans.&nbsp;<\/p>\n\n\n\n<h2 class=\"wp-block-heading\">iPaidThat : PDP ?<\/h2>\n\n\n\n<p><strong>iPaidThat<\/strong> est candidat pour devenir une plateforme de d\u00e9mat\u00e9rialisation partenaire. \u00c0 travers ses API, notre suite logicielle offre un service \u00e0 valeur ajout\u00e9e aux entreprises dans la gestion de la comptabilit\u00e9, et ce, au quotidien : pour les factures, les devis, les<a href=\"https:\/\/ipaidthat.io\/fr\/notes-de-frais\/?utm_source=mag&amp;utm_campaign=menu&amp;utm_content=menu\"> notes de frais<\/a>, les relances, les paiements, etc. <\/p>\n\n\n\n<p>Contrairement \u00e0 <strong>Chorus Pro<\/strong> qui est uniquement un outil de facturation, iPaidThat soutient la gestion pr\u00e9-comptable et financi\u00e8re des entrepreneurs et des experts-comptables. De fa\u00e7on compl\u00e8te et adapt\u00e9e, nos robots vous font gagner du temps sereinement et facilement.&nbsp;<\/p>\n\n\n\n<h2 class=\"wp-block-heading\"><strong>D\u00e9mat\u00e9rialisation des factures&nbsp;: les diff\u00e9rents types<\/strong><\/h2>\n\n\n\n<h3 class=\"wp-block-heading\"><strong>Les factures \u00e9lectroniques au format structur\u00e9<\/strong><\/h3>\n\n\n\n<p>Contrairement aux factures au format non structur\u00e9 (comme le PDF ou le JPEG), qui ne seront plus accept\u00e9es \u00e0 partir de la mise en application de l\u2019ordonnance, <strong>les factures au format structur\u00e9<\/strong> suivent les <strong>normes EDI<\/strong> \u2013&nbsp;ou \u00c9change de Donn\u00e9es Informatis\u00e9.&nbsp;<\/p>\n\n\n\n<p>Les donn\u00e9es de ces factures \u00e9lectroniques sont collect\u00e9es de mani\u00e8re harmonieuse afin de r\u00e9pondre aux exigences de l\u2019administration fiscale.<\/p>\n\n\n\n<h3 class=\"wp-block-heading\"><strong>Les factures \u00e9lectroniques au format mixte<\/strong><\/h3>\n\n\n\n<p>Les <strong>factures au format mixte<\/strong> sont au format PDF, mais elles sont dot\u00e9es d\u2019informations structur\u00e9es et elles sont automatis\u00e9es de mani\u00e8re \u00e0 pouvoir \u00eatre lues ou comprises par une machine.&nbsp;<\/p>\n\n\n\n<p>D\u00e9velopp\u00e9e par des entrepreneurs pour des entrepreneurs,<a href=\"https:\/\/ipaidthat.io\/fr\/?utm_medium=blog&amp;utm_source=articles&amp;utm_campaign=mag\"> notre suite logicielle <\/a>est en accord avec les normes officielles de ce nouveau dispositif. Elle respecte aussi parfaitement celles des fichiers PDF certifi\u00e9s \u00e0 <strong>valeur probante<\/strong>. Gr\u00e2ce \u00e0 l\u2019insertion d\u2019une signature \u00e9lectronique ind\u00e9tectable sur chaque document comptable, les fichiers sur notre espace num\u00e9rique Cloud restent inalt\u00e9rables.<\/p>\n\n\n\n<p>C\u2019est le cas de la Factur-X, qui fait r\u00e9f\u00e9rence \u00e0 un standard de facture \u00e9lectronique \u00e0 la fois visible par l\u2019Homme (format&nbsp;PDF\/A3) et lisible par la machine (format XML).<\/p>\n\n\n\n<h2 class=\"wp-block-heading\"><strong>En quoi consiste la Factur-X&nbsp;?<\/strong><\/h2>\n\n\n\n<p>Il est possible de continuer \u00e0 utiliser une solution de facturation habituelle, puis de convertir les factures en passant d\u2019un document PDF \u00e0 une Factur-X via une plateforme de d\u00e9mat\u00e9rialisation priv\u00e9e telle qu\u2019<strong>iPaidThat<\/strong>.&nbsp;<\/p>\n\n\n\n<p>Une <strong>Factur-X<\/strong> est constitu\u00e9e d\u2019un fichier&nbsp;PDF\/A3 et d\u2019un fichier XML. Le <strong>langage XML<\/strong>, soit <em>Xtensible Markup Language<\/em>, d\u00e9signe un langage informatique utilis\u00e9 pour faciliter les \u00e9changes d\u2019informations sur Internet. Ce langage de description a pour mission de formaliser des donn\u00e9es textuelles. On peut dire qu\u2019il s\u2019agit d\u2019une version am\u00e9lior\u00e9e du langage HTML avec la cr\u00e9ation illimit\u00e9e de nouvelles balises.<\/p>\n\n\n\n<p>Les documents au format <strong>Factur-X<\/strong> sont d\u00e9pos\u00e9s dans la plateforme et les donn\u00e9es sont automatiquement r\u00e9cup\u00e9r\u00e9es dans le document XML. Ces donn\u00e9es sont, par la m\u00eame occasion, facilement exploit\u00e9es gr\u00e2ce au format PDF.&nbsp;&nbsp;&nbsp;<\/p>\n\n\n\n<p class=\"has-text-align-center\"><strong>Vous souhaitez davantage d\u2019informations sur la d\u00e9mat\u00e9rialisation des factures ? Nous vous invitons \u00e0 consulter notre article sur <\/strong><a href=\"https:\/\/ipaidthat.io\/mag\/comptabilite\/comment-integrer-la-factur-x-dans-son-entreprise\/\" target=\"_blank\" rel=\"noreferrer noopener\"><strong>l\u2019int\u00e9gration de la Factur-X dans votre entreprise.<\/strong><\/a><\/p>\n\n\n\n<figure class=\"wp-block-image size-full\"><a href=\"https:\/\/ipaidthat.io\/fr\/?utm_medium=blog&amp;utm_source=articles&amp;utm_campaign=mag\"><img decoding=\"async\" src=\"https:\/\/ipaidthat.io\/mag\/wp-content\/uploads\/2022\/03\/banniere_mag_blog_compta_8.png\" alt=\"banni\u00e8re_mag_blog_compta_8\" class=\"wp-image-9415\"\/><\/a><\/figure>\n","protected":false},"excerpt":{"rendered":"<p>L\u2019obligation de la d\u00e9mat\u00e9rialisation des factures n\u2019est plus une option&nbsp;! Dans le cadre de sa politique de transition num\u00e9rique, le gouvernement a d\u00e9cid\u00e9 d\u2019instaurer la facturation \u00e9lectronique obligatoire d\u00e8s 2024. Mise en \u0153uvre avec succ\u00e8s par plusieurs de pays europ\u00e9ens, dont l\u2019Italie ; cette r\u00e9forme fiscale constitue un point marquant de la politique d\u2019acc\u00e9l\u00e9ration de [&hellip;]<\/p>\n","protected":false},"author":4,"featured_media":0,"comment_status":"open","ping_status":"open","sticky":false,"template":"","format":"standard","meta":{"footnotes":""},"categories":[5,4],"tags":[],"class_list":["post-11117","post","type-post","status-publish","format-standard","hentry","category-comptabilite","category-featured"],"yoast_head":"<!-- This site is optimized with the Yoast SEO plugin v26.6 - https:\/\/yoast.com\/wordpress\/plugins\/seo\/ -->\n<title>D\u00e9mat\u00e9rialisation des factures\u00a0: PDP, Chorus Pro et e-facturation<\/title>\n<meta name=\"description\" content=\"D\u00e9couvrez l\u2019essentiel des informations n\u00e9cessaires \u00e0 la mise en place de la d\u00e9mat\u00e9rialisation de vos factures.\" \/>\n<meta name=\"robots\" content=\"index, follow, max-snippet:-1, max-image-preview:large, max-video-preview:-1\" \/>\n<link rel=\"canonical\" href=\"https:\/\/app.ipaidthat.io\/mag\/featured\/dematerialisation-des-factures-pdp-chorus-pro-et-e-facturation\/\" \/>\n<meta property=\"og:locale\" content=\"fr_FR\" \/>\n<meta property=\"og:type\" content=\"article\" \/>\n<meta property=\"og:title\" content=\"D\u00e9mat\u00e9rialisation des factures\u00a0: PDP, Chorus Pro et e-facturation\" \/>\n<meta property=\"og:description\" content=\"D\u00e9couvrez l\u2019essentiel des informations n\u00e9cessaires \u00e0 la mise en place de la d\u00e9mat\u00e9rialisation de vos factures.\" \/>\n<meta property=\"og:url\" content=\"https:\/\/app.ipaidthat.io\/mag\/featured\/dematerialisation-des-factures-pdp-chorus-pro-et-e-facturation\/\" \/>\n<meta property=\"og:site_name\" content=\"iPaidThat Mag\" \/>\n<meta property=\"article:published_time\" content=\"2022-07-18T08:22:14+00:00\" \/>\n<meta property=\"og:image\" content=\"https:\/\/ipaidthat.io\/mag\/wp-content\/uploads\/2022\/03\/banniere_mag_blog_compta_8.png\" \/>\n<meta name=\"author\" content=\"S\u00e9bastien Claeys\" \/>\n<meta name=\"twitter:card\" content=\"summary_large_image\" \/>\n<meta name=\"twitter:label1\" content=\"\u00c9crit par\" \/>\n\t<meta name=\"twitter:data1\" content=\"S\u00e9bastien Claeys\" \/>\n\t<meta name=\"twitter:label2\" content=\"Dur\u00e9e de lecture estim\u00e9e\" \/>\n\t<meta name=\"twitter:data2\" content=\"6 minutes\" \/>\n<script type=\"application\/ld+json\" class=\"yoast-schema-graph\">{\"@context\":\"https:\/\/schema.org\",\"@graph\":[{\"@type\":\"Article\",\"@id\":\"https:\/\/app.ipaidthat.io\/mag\/featured\/dematerialisation-des-factures-pdp-chorus-pro-et-e-facturation\/#article\",\"isPartOf\":{\"@id\":\"https:\/\/app.ipaidthat.io\/mag\/featured\/dematerialisation-des-factures-pdp-chorus-pro-et-e-facturation\/\"},\"author\":{\"name\":\"S\u00e9bastien Claeys\",\"@id\":\"https:\/\/app.ipaidthat.io\/mag\/#\/schema\/person\/021144662586a12df79c88913050baaa\"},\"headline\":\"D\u00e9mat\u00e9rialisation des factures\u00a0: PDP, Chorus Pro et e-facturation\",\"datePublished\":\"2022-07-18T08:22:14+00:00\",\"mainEntityOfPage\":{\"@id\":\"https:\/\/app.ipaidthat.io\/mag\/featured\/dematerialisation-des-factures-pdp-chorus-pro-et-e-facturation\/\"},\"wordCount\":1230,\"commentCount\":0,\"publisher\":{\"@id\":\"https:\/\/app.ipaidthat.io\/mag\/#organization\"},\"image\":{\"@id\":\"https:\/\/app.ipaidthat.io\/mag\/featured\/dematerialisation-des-factures-pdp-chorus-pro-et-e-facturation\/#primaryimage\"},\"thumbnailUrl\":\"https:\/\/ipaidthat.io\/mag\/wp-content\/uploads\/2022\/03\/banniere_mag_blog_compta_8.png\",\"articleSection\":[\"Comptabilit\u00e9\",\"Featured\"],\"inLanguage\":\"fr-FR\",\"potentialAction\":[{\"@type\":\"CommentAction\",\"name\":\"Comment\",\"target\":[\"https:\/\/app.ipaidthat.io\/mag\/featured\/dematerialisation-des-factures-pdp-chorus-pro-et-e-facturation\/#respond\"]}]},{\"@type\":\"WebPage\",\"@id\":\"https:\/\/app.ipaidthat.io\/mag\/featured\/dematerialisation-des-factures-pdp-chorus-pro-et-e-facturation\/\",\"url\":\"https:\/\/app.ipaidthat.io\/mag\/featured\/dematerialisation-des-factures-pdp-chorus-pro-et-e-facturation\/\",\"name\":\"D\u00e9mat\u00e9rialisation des factures\u00a0: PDP, Chorus Pro et e-facturation\",\"isPartOf\":{\"@id\":\"https:\/\/app.ipaidthat.io\/mag\/#website\"},\"primaryImageOfPage\":{\"@id\":\"https:\/\/app.ipaidthat.io\/mag\/featured\/dematerialisation-des-factures-pdp-chorus-pro-et-e-facturation\/#primaryimage\"},\"image\":{\"@id\":\"https:\/\/app.ipaidthat.io\/mag\/featured\/dematerialisation-des-factures-pdp-chorus-pro-et-e-facturation\/#primaryimage\"},\"thumbnailUrl\":\"https:\/\/ipaidthat.io\/mag\/wp-content\/uploads\/2022\/03\/banniere_mag_blog_compta_8.png\",\"datePublished\":\"2022-07-18T08:22:14+00:00\",\"description\":\"D\u00e9couvrez l\u2019essentiel des informations n\u00e9cessaires \u00e0 la mise en place de la d\u00e9mat\u00e9rialisation de vos factures.\",\"breadcrumb\":{\"@id\":\"https:\/\/app.ipaidthat.io\/mag\/featured\/dematerialisation-des-factures-pdp-chorus-pro-et-e-facturation\/#breadcrumb\"},\"inLanguage\":\"fr-FR\",\"potentialAction\":[{\"@type\":\"ReadAction\",\"target\":[\"https:\/\/app.ipaidthat.io\/mag\/featured\/dematerialisation-des-factures-pdp-chorus-pro-et-e-facturation\/\"]}]},{\"@type\":\"ImageObject\",\"inLanguage\":\"fr-FR\",\"@id\":\"https:\/\/app.ipaidthat.io\/mag\/featured\/dematerialisation-des-factures-pdp-chorus-pro-et-e-facturation\/#primaryimage\",\"url\":\"https:\/\/ipaidthat.io\/mag\/wp-content\/uploads\/2022\/03\/banniere_mag_blog_compta_8.png\",\"contentUrl\":\"https:\/\/ipaidthat.io\/mag\/wp-content\/uploads\/2022\/03\/banniere_mag_blog_compta_8.png\"},{\"@type\":\"BreadcrumbList\",\"@id\":\"https:\/\/app.ipaidthat.io\/mag\/featured\/dematerialisation-des-factures-pdp-chorus-pro-et-e-facturation\/#breadcrumb\",\"itemListElement\":[{\"@type\":\"ListItem\",\"position\":1,\"name\":\"Le Mag\",\"item\":\"https:\/\/app.ipaidthat.io\/mag\/\"},{\"@type\":\"ListItem\",\"position\":2,\"name\":\"D\u00e9mat\u00e9rialisation des factures\u00a0: PDP, Chorus Pro et e-facturation\"}]},{\"@type\":\"WebSite\",\"@id\":\"https:\/\/app.ipaidthat.io\/mag\/#website\",\"url\":\"https:\/\/app.ipaidthat.io\/mag\/\",\"name\":\"IPaidThat Mag\",\"description\":\"Une gestion simple, automatis\u00e9e et collaborative\",\"publisher\":{\"@id\":\"https:\/\/app.ipaidthat.io\/mag\/#organization\"},\"potentialAction\":[{\"@type\":\"SearchAction\",\"target\":{\"@type\":\"EntryPoint\",\"urlTemplate\":\"https:\/\/app.ipaidthat.io\/mag\/?s={search_term_string}\"},\"query-input\":{\"@type\":\"PropertyValueSpecification\",\"valueRequired\":true,\"valueName\":\"search_term_string\"}}],\"inLanguage\":\"fr-FR\"},{\"@type\":\"Organization\",\"@id\":\"https:\/\/app.ipaidthat.io\/mag\/#organization\",\"name\":\"IPaidThat Mag\",\"url\":\"https:\/\/app.ipaidthat.io\/mag\/\",\"logo\":{\"@type\":\"ImageObject\",\"inLanguage\":\"fr-FR\",\"@id\":\"https:\/\/app.ipaidthat.io\/mag\/#\/schema\/logo\/image\/\",\"url\":\"https:\/\/app.ipaidthat.io\/mag\/wp-content\/uploads\/2025\/11\/logo-le-mag-blog-ipaidthat.png\",\"contentUrl\":\"https:\/\/app.ipaidthat.io\/mag\/wp-content\/uploads\/2025\/11\/logo-le-mag-blog-ipaidthat.png\",\"width\":1817,\"height\":524,\"caption\":\"IPaidThat Mag\"},\"image\":{\"@id\":\"https:\/\/app.ipaidthat.io\/mag\/#\/schema\/logo\/image\/\"}},{\"@type\":\"Person\",\"@id\":\"https:\/\/app.ipaidthat.io\/mag\/#\/schema\/person\/021144662586a12df79c88913050baaa\",\"name\":\"S\u00e9bastien Claeys\",\"image\":{\"@type\":\"ImageObject\",\"inLanguage\":\"fr-FR\",\"@id\":\"https:\/\/app.ipaidthat.io\/mag\/#\/schema\/person\/image\/\",\"url\":\"https:\/\/app.ipaidthat.io\/mag\/wp-content\/uploads\/2023\/02\/sebastien-clayes-ipaidthat-96x96.png\",\"contentUrl\":\"https:\/\/app.ipaidthat.io\/mag\/wp-content\/uploads\/2023\/02\/sebastien-clayes-ipaidthat-96x96.png\",\"caption\":\"S\u00e9bastien Claeys\"},\"url\":\"https:\/\/app.ipaidthat.io\/mag\/author\/sebastienipaidthat-io\/\"}]}<\/script>\n<!-- \/ Yoast SEO plugin. -->","yoast_head_json":{"title":"D\u00e9mat\u00e9rialisation des factures\u00a0: PDP, Chorus Pro et e-facturation","description":"D\u00e9couvrez l\u2019essentiel des informations n\u00e9cessaires \u00e0 la mise en place de la d\u00e9mat\u00e9rialisation de vos factures.","robots":{"index":"index","follow":"follow","max-snippet":"max-snippet:-1","max-image-preview":"max-image-preview:large","max-video-preview":"max-video-preview:-1"},"canonical":"https:\/\/app.ipaidthat.io\/mag\/featured\/dematerialisation-des-factures-pdp-chorus-pro-et-e-facturation\/","og_locale":"fr_FR","og_type":"article","og_title":"D\u00e9mat\u00e9rialisation des factures\u00a0: PDP, Chorus Pro et e-facturation","og_description":"D\u00e9couvrez l\u2019essentiel des informations n\u00e9cessaires \u00e0 la mise en place de la d\u00e9mat\u00e9rialisation de vos factures.","og_url":"https:\/\/app.ipaidthat.io\/mag\/featured\/dematerialisation-des-factures-pdp-chorus-pro-et-e-facturation\/","og_site_name":"iPaidThat Mag","article_published_time":"2022-07-18T08:22:14+00:00","og_image":[{"url":"https:\/\/ipaidthat.io\/mag\/wp-content\/uploads\/2022\/03\/banniere_mag_blog_compta_8.png","type":"","width":"","height":""}],"author":"S\u00e9bastien Claeys","twitter_card":"summary_large_image","twitter_misc":{"\u00c9crit par":"S\u00e9bastien Claeys","Dur\u00e9e de lecture estim\u00e9e":"6 minutes"},"schema":{"@context":"https:\/\/schema.org","@graph":[{"@type":"Article","@id":"https:\/\/app.ipaidthat.io\/mag\/featured\/dematerialisation-des-factures-pdp-chorus-pro-et-e-facturation\/#article","isPartOf":{"@id":"https:\/\/app.ipaidthat.io\/mag\/featured\/dematerialisation-des-factures-pdp-chorus-pro-et-e-facturation\/"},"author":{"name":"S\u00e9bastien Claeys","@id":"https:\/\/app.ipaidthat.io\/mag\/#\/schema\/person\/021144662586a12df79c88913050baaa"},"headline":"D\u00e9mat\u00e9rialisation des factures\u00a0: PDP, Chorus Pro et e-facturation","datePublished":"2022-07-18T08:22:14+00:00","mainEntityOfPage":{"@id":"https:\/\/app.ipaidthat.io\/mag\/featured\/dematerialisation-des-factures-pdp-chorus-pro-et-e-facturation\/"},"wordCount":1230,"commentCount":0,"publisher":{"@id":"https:\/\/app.ipaidthat.io\/mag\/#organization"},"image":{"@id":"https:\/\/app.ipaidthat.io\/mag\/featured\/dematerialisation-des-factures-pdp-chorus-pro-et-e-facturation\/#primaryimage"},"thumbnailUrl":"https:\/\/ipaidthat.io\/mag\/wp-content\/uploads\/2022\/03\/banniere_mag_blog_compta_8.png","articleSection":["Comptabilit\u00e9","Featured"],"inLanguage":"fr-FR","potentialAction":[{"@type":"CommentAction","name":"Comment","target":["https:\/\/app.ipaidthat.io\/mag\/featured\/dematerialisation-des-factures-pdp-chorus-pro-et-e-facturation\/#respond"]}]},{"@type":"WebPage","@id":"https:\/\/app.ipaidthat.io\/mag\/featured\/dematerialisation-des-factures-pdp-chorus-pro-et-e-facturation\/","url":"https:\/\/app.ipaidthat.io\/mag\/featured\/dematerialisation-des-factures-pdp-chorus-pro-et-e-facturation\/","name":"D\u00e9mat\u00e9rialisation des factures\u00a0: PDP, Chorus Pro et e-facturation","isPartOf":{"@id":"https:\/\/app.ipaidthat.io\/mag\/#website"},"primaryImageOfPage":{"@id":"https:\/\/app.ipaidthat.io\/mag\/featured\/dematerialisation-des-factures-pdp-chorus-pro-et-e-facturation\/#primaryimage"},"image":{"@id":"https:\/\/app.ipaidthat.io\/mag\/featured\/dematerialisation-des-factures-pdp-chorus-pro-et-e-facturation\/#primaryimage"},"thumbnailUrl":"https:\/\/ipaidthat.io\/mag\/wp-content\/uploads\/2022\/03\/banniere_mag_blog_compta_8.png","datePublished":"2022-07-18T08:22:14+00:00","description":"D\u00e9couvrez l\u2019essentiel des informations n\u00e9cessaires \u00e0 la mise en place de la d\u00e9mat\u00e9rialisation de vos factures.","breadcrumb":{"@id":"https:\/\/app.ipaidthat.io\/mag\/featured\/dematerialisation-des-factures-pdp-chorus-pro-et-e-facturation\/#breadcrumb"},"inLanguage":"fr-FR","potentialAction":[{"@type":"ReadAction","target":["https:\/\/app.ipaidthat.io\/mag\/featured\/dematerialisation-des-factures-pdp-chorus-pro-et-e-facturation\/"]}]},{"@type":"ImageObject","inLanguage":"fr-FR","@id":"https:\/\/app.ipaidthat.io\/mag\/featured\/dematerialisation-des-factures-pdp-chorus-pro-et-e-facturation\/#primaryimage","url":"https:\/\/ipaidthat.io\/mag\/wp-content\/uploads\/2022\/03\/banniere_mag_blog_compta_8.png","contentUrl":"https:\/\/ipaidthat.io\/mag\/wp-content\/uploads\/2022\/03\/banniere_mag_blog_compta_8.png"},{"@type":"BreadcrumbList","@id":"https:\/\/app.ipaidthat.io\/mag\/featured\/dematerialisation-des-factures-pdp-chorus-pro-et-e-facturation\/#breadcrumb","itemListElement":[{"@type":"ListItem","position":1,"name":"Le Mag","item":"https:\/\/app.ipaidthat.io\/mag\/"},{"@type":"ListItem","position":2,"name":"D\u00e9mat\u00e9rialisation des factures\u00a0: PDP, Chorus Pro et e-facturation"}]},{"@type":"WebSite","@id":"https:\/\/app.ipaidthat.io\/mag\/#website","url":"https:\/\/app.ipaidthat.io\/mag\/","name":"IPaidThat Mag","description":"Une gestion simple, automatis\u00e9e et collaborative","publisher":{"@id":"https:\/\/app.ipaidthat.io\/mag\/#organization"},"potentialAction":[{"@type":"SearchAction","target":{"@type":"EntryPoint","urlTemplate":"https:\/\/app.ipaidthat.io\/mag\/?s={search_term_string}"},"query-input":{"@type":"PropertyValueSpecification","valueRequired":true,"valueName":"search_term_string"}}],"inLanguage":"fr-FR"},{"@type":"Organization","@id":"https:\/\/app.ipaidthat.io\/mag\/#organization","name":"IPaidThat Mag","url":"https:\/\/app.ipaidthat.io\/mag\/","logo":{"@type":"ImageObject","inLanguage":"fr-FR","@id":"https:\/\/app.ipaidthat.io\/mag\/#\/schema\/logo\/image\/","url":"https:\/\/app.ipaidthat.io\/mag\/wp-content\/uploads\/2025\/11\/logo-le-mag-blog-ipaidthat.png","contentUrl":"https:\/\/app.ipaidthat.io\/mag\/wp-content\/uploads\/2025\/11\/logo-le-mag-blog-ipaidthat.png","width":1817,"height":524,"caption":"IPaidThat Mag"},"image":{"@id":"https:\/\/app.ipaidthat.io\/mag\/#\/schema\/logo\/image\/"}},{"@type":"Person","@id":"https:\/\/app.ipaidthat.io\/mag\/#\/schema\/person\/021144662586a12df79c88913050baaa","name":"S\u00e9bastien Claeys","image":{"@type":"ImageObject","inLanguage":"fr-FR","@id":"https:\/\/app.ipaidthat.io\/mag\/#\/schema\/person\/image\/","url":"https:\/\/app.ipaidthat.io\/mag\/wp-content\/uploads\/2023\/02\/sebastien-clayes-ipaidthat-96x96.png","contentUrl":"https:\/\/app.ipaidthat.io\/mag\/wp-content\/uploads\/2023\/02\/sebastien-clayes-ipaidthat-96x96.png","caption":"S\u00e9bastien Claeys"},"url":"https:\/\/app.ipaidthat.io\/mag\/author\/sebastienipaidthat-io\/"}]}},"_links":{"self":[{"href":"https:\/\/app.ipaidthat.io\/mag\/wp-json\/wp\/v2\/posts\/11117","targetHints":{"allow":["GET"]}}],"collection":[{"href":"https:\/\/app.ipaidthat.io\/mag\/wp-json\/wp\/v2\/posts"}],"about":[{"href":"https:\/\/app.ipaidthat.io\/mag\/wp-json\/wp\/v2\/types\/post"}],"author":[{"embeddable":true,"href":"https:\/\/app.ipaidthat.io\/mag\/wp-json\/wp\/v2\/users\/4"}],"replies":[{"embeddable":true,"href":"https:\/\/app.ipaidthat.io\/mag\/wp-json\/wp\/v2\/comments?post=11117"}],"version-history":[{"count":0,"href":"https:\/\/app.ipaidthat.io\/mag\/wp-json\/wp\/v2\/posts\/11117\/revisions"}],"wp:attachment":[{"href":"https:\/\/app.ipaidthat.io\/mag\/wp-json\/wp\/v2\/media?parent=11117"}],"wp:term":[{"taxonomy":"category","embeddable":true,"href":"https:\/\/app.ipaidthat.io\/mag\/wp-json\/wp\/v2\/categories?post=11117"},{"taxonomy":"post_tag","embeddable":true,"href":"https:\/\/app.ipaidthat.io\/mag\/wp-json\/wp\/v2\/tags?post=11117"}],"curies":[{"name":"wp","href":"https:\/\/api.w.org\/{rel}","templated":true}]}}