{"id":10689,"date":"2022-06-07T13:26:37","date_gmt":"2022-06-07T11:26:37","guid":{"rendered":"https:\/\/ipaidthat.io\/mag\/?p=10689"},"modified":"2022-06-07T13:26:37","modified_gmt":"2022-06-07T11:26:37","slug":"savez-vous-tout-de-la-facturation-electronique","status":"publish","type":"post","link":"https:\/\/app.ipaidthat.io\/mag\/featured\/savez-vous-tout-de-la-facturation-electronique\/","title":{"rendered":"Savez-vous tout de la facturation \u00e9lectronique ?"},"content":{"rendered":"\n<p>Comment l\u2019obligation de facturation \u00e9lectronique sera-t-elle r\u00e9gul\u00e9e pour les entreprises ? C\u2019est la question que tout le monde se pose ces derniers temps. On vous explique tout dans cet article.<\/p>\n\n\n\n<figure class=\"wp-block-image\"><img decoding=\"async\" src=\"https:\/\/lh6.googleusercontent.com\/uHgCi0fxsAZIjNc4GXhaZrZAalMz-t9cDKax7qG3fR8y59Ui6AOiKV5m8A2zw1_nxx1o3Uz2Y2Qpo6TnddUfl9stF3ej8fmjFjGRH6KNB4ZZVs962UHV8bLFU25sDBLYHcnbMgC8zvJFsCc6lw\" alt=\"\"\/><figcaption><em>Image modifi\u00e9e issue de : storyset.com<\/em><\/figcaption><\/figure>\n\n\n\n<h2 class=\"wp-block-heading\"><span class=\"underline--hover\"><strong>La facturation \u00e9lectronique : la grande nouveaut\u00e9<\/strong><\/span><\/h2>\n\n\n\n<p>Avec le <a href=\"https:\/\/www.assemblee-nationale.fr\/dyn\/15\/amendements\/3360C\/AN\/3211\" target=\"_blank\" rel=\"noreferrer noopener\">projet de loi finances de 2020<\/a>, le Gouvernement s\u2019est enfin positionn\u00e9. D\u2019ici 2026, la mise en place, par les dirigeants d\u2019entreprise, d\u2019une adaptation op\u00e9rationnelle, afin de pouvoir envoyer et r\u00e9ceptionner des factures \u00e9lectroniques au cours de leur exercice, devrait \u00eatre termin\u00e9e. Pour les retardataires, le temps presse\u202f!<\/p>\n\n\n\n<p>Cette d\u00e9cision in\u00e9vitable met le pied dans le plat, au vu des r\u00e9flexions indissociables de moyens et de budgets li\u00e9s \u00e0 l\u2019obligation.<\/p>\n\n\n\n<p>Concr\u00e8tement, \u00eatre \u00e0 jour et l\u2019\u00eatre \u00e0 temps, n\u00e9cessite de r\u00e9soudre 5 param\u00e8tres d\u2019une grande importance :<\/p>\n\n\n\n<ul class=\"wp-block-list\"><li>Les d\u00e9penses \u2192 Effectuer une \u00e9conomie durant cette transition<\/li><li>L\u2019adaptation des outils \u2192 Veiller \u00e0 l\u2019harmonisation des outils entre eux<\/li><li>La s\u00e9curisation \u2192 Avoir des \u00e9changes de <strong>facturation en ligne <\/strong>s\u00e9curis\u00e9s<\/li><li>La formation des \u00e9quipes \u2192 Former les \u00e9quipes au num\u00e9rique et \u00e0 la collaboration digitale<\/li><li>Le temps \u00e0 y consacrer \u2192 Gagner du temps durant ce passage<\/li><\/ul>\n\n\n\n<h2 class=\"wp-block-heading\"><span class=\"underline--hover\"><strong>Une digitalisation \u00e9tendue<\/strong><\/span><\/h2>\n\n\n\n<p>56% des entreprises, dont pr\u00e8s de 6 TPE sur 10, souhaitent un soutien technique (am\u00e9lioration d\u2019ex\u00e9cution des proc\u00e9d\u00e9s, assistance simplifi\u00e9e, \u2026) \u00e0 leur digitalisation. Cela refl\u00e8te une volont\u00e9 des dirigeants, d\u2019op\u00e9rer leur transformation de la meilleure des mani\u00e8res. Par ailleurs, ce sont aussi 41% des entreprises qui t\u00e9moignent de l\u2019<strong>influence du digital <\/strong>sur leur chiffre d\u2019affaires.<\/p>\n\n\n\n<p>Attention, cette digitalisation des processus n\u2019est pas \u00e0 sens unique. En r\u00e9alit\u00e9, il s\u2019agit d\u2019une adaptation, voire d\u2019une r\u00e9ponse des entreprises face \u00e0 l\u2019engouement digital qu\u2019exprime leur client\u00e8le.<\/p>\n\n\n\n<p>Observons par exemple ces chiffres :<\/p>\n\n\n\n<p>Les pr\u00e9mices d\u2019Internet sont bien derri\u00e8re nous ! Aujourd\u2019hui, 93% de Fran\u00e7ais sont des utilisateurs d\u2019Internet et cela ne s\u2019arr\u00eate pas l\u00e0 ! Avec en moyenne 5h34 de navigation web par jour, ces \u201cusers\u201d inv\u00e9t\u00e9r\u00e9s aux sessions diverses et vari\u00e9es, sont toujours plus captiv\u00e9s et attir\u00e9s par l\u2019information ; on parle m\u00eame d\u2019<a href=\"https:\/\/fr.wikipedia.org\/wiki\/Surcharge_informationnelle\" target=\"_blank\" rel=\"noreferrer noopener\">infob\u00e9sit\u00e9<\/a>. Pour cette raison, <a href=\"https:\/\/wearesocial.com\/fr\/blog\/2022\/01\/digital-2022-une-nouvelle-annee-de-croissance-exceptionnelle\/\" target=\"_blank\" rel=\"noreferrer noopener\">58,4% des internautes<\/a> de 16-64 ans admettent acheter assez facilement un bien ou un service en ligne.<\/p>\n\n\n\n<h3 class=\"wp-block-heading\"><strong>En quoi est-ce diff\u00e9rent d\u2019avant ?<\/strong><\/h3>\n\n\n\n<p>Il y a une v\u00e9ritable c\u00e9sure dans la mani\u00e8re de proc\u00e9der. Avant le boom du digital, l\u2019effervescence des commerces en ligne, la crise sanitaire et l\u2019isolement massif qui s&rsquo;en est ensuivi ; les <strong>entreprises<\/strong> ont d\u00fb penser au digital pour r\u00e9gler leurs probl\u00e9matiques imm\u00e9diates : Comment garder le contact avec la client\u00e8le, optimiser la rapidit\u00e9 du service \u00e0 la client\u00e8le et \u00eatre plus rentable en touchant davantage de gens ?<\/p>\n\n\n\n<p>La digitalisation s\u2019est donc naturellement r\u00e9v\u00e9l\u00e9e comme la solution ultime. Le <strong>d\u00e9veloppement des ressources num\u00e9riques<\/strong> est apparu comme un \u00e9l\u00e9ment de d\u00e9marcation concurrentielle n\u00e9cessaire.&nbsp;<\/p>\n\n\n\n<p>L\u2019usage de la facturation \u00e9lectronique aupr\u00e8s de la client\u00e8le et des fournisseurs est aujourd\u2019hui indispensable, mais aussi utile pour la reconfiguration des proc\u00e9d\u00e9s.<\/p>\n\n\n\n<p>Des dates immanquables sont d\u00e9j\u00e0 connues. Mais pourquoi aussi vite ?<\/p>\n\n\n\n<ol class=\"wp-block-list\"><li>Cet <a href=\"https:\/\/www.economie.gouv.fr\/generalisation-facturation-electronique-entreprises\" target=\"_blank\" rel=\"noreferrer noopener\">\u00e9ch\u00e9ancier<\/a> pousse les entreprises \u00e0 d\u00e9finir plus facilement les actions \u00e0 mener, afin d\u2019atteindre leur<strong> digitalisation d\u2019outils<\/strong>, en temps et en heure.&nbsp;<\/li><li>Il aide aussi le travail de l\u2019Administration (pour les d\u00e9clarations fiscales notamment avec la collecte simplifi\u00e9e, la r\u00e9duction des erreurs et une<strong> meilleure tra\u00e7abilit\u00e9<\/strong>\u2026)<\/li><li><a href=\"https:\/\/ipaidthat.io\/mag\/featured\/transition-numerique-quels-avantages-pour-la-factur-x\/\" target=\"_blank\" rel=\"noreferrer noopener\">Il simplifie les relations<\/a> B2B tout en appuyant la productivit\u00e9 des entreprises<\/li><\/ol>\n\n\n\n<p class=\"has-text-align-center\"><strong>iPaidThat est une Plateforme de D\u00e9mat\u00e9rialisation Partenaire qui facilite votre gestion quotidienne d\u2019entreprise.&nbsp;<\/strong><\/p>\n\n\n\n<p class=\"has-text-align-center\"><strong><a href=\"https:\/\/ipaidthat.io\/fr\/?utm_medium=blog&amp;utm_source=articles&amp;utm_campaign=mag\"><strong>Essayez<\/strong><\/a><\/strong><\/p>\n\n\n\n<figure class=\"wp-block-embed is-type-video is-provider-youtube wp-block-embed-youtube wp-embed-aspect-16-9 wp-has-aspect-ratio\"><div class=\"wp-block-embed__wrapper\">\n<iframe title=\"iPaidThat, l&#039;outil de pr\u00e9-comptabilit\u00e9 tout-en-1 pour les dirigeants\" width=\"800\" height=\"450\" src=\"https:\/\/www.youtube.com\/embed\/XLm535z70Zs?feature=oembed\" frameborder=\"0\" allow=\"accelerometer; autoplay; clipboard-write; encrypted-media; gyroscope; picture-in-picture; web-share\" referrerpolicy=\"strict-origin-when-cross-origin\" allowfullscreen><\/iframe>\n<\/div><\/figure>\n\n\n\n<h2 class=\"wp-block-heading\"><span class=\"underline--hover\"><strong>La TVA : le c\u0153ur de l\u2019initiative<\/strong><\/span><\/h2>\n\n\n\n<p>Pour mieux comprendre les origines de l\u2019<strong>obligation<\/strong> de facturation \u00e9lectronique appliqu\u00e9e aux entreprises, un rapide <strong>focus sur la TVA <\/strong>est n\u00e9cessaire.&nbsp;<\/p>\n\n\n\n<h3 class=\"wp-block-heading\"><strong>Lutter \u00e0 tout prix contre la fraude<\/strong><\/h3>\n\n\n\n<p>Chaque ann\u00e9e, une perte cons\u00e9quente de revenus a lieu au moment de la <strong>collecte de TVA<\/strong>. Synonyme d\u2019inqui\u00e9tude permanente pour les autorit\u00e9s. Dans l\u2019objectif de freiner ce ph\u00e9nom\u00e8ne qui repr\u00e9sentait :<\/p>\n\n\n\n<figure class=\"wp-block-table\"><table><tbody><tr><td class=\"has-text-align-center\" data-align=\"center\">En 2019, environ 134 milliards d&rsquo;euros de TVA de perte en Europe<\/td><\/tr><tr><td class=\"has-text-align-center\" data-align=\"center\">En 2021, 4\u202f152 dossiers de fraude fiscale en France<\/td><\/tr><\/tbody><\/table><\/figure>\n\n\n\n<p>L\u2019\u00c9tat intervient en cons\u00e9quence et a choisi de faire de la lutte \u00e0 la fraude fiscale, son combat prioritaire.<\/p>\n\n\n\n<h3 class=\"wp-block-heading\"><strong>L\u2019\u00e9vitement de l\u2019imp\u00f4t<\/strong><strong>&nbsp;<\/strong><\/h3>\n\n\n\n<p>L\u2019<strong>\u00e9vitement de l\u2019imposition<\/strong> n\u2019est l\u00e9galement pas une hypoth\u00e8se. En tant que dirigeant, cela nuit sans aucun doute \u00e0 votre entreprise.<\/p>\n\n\n\n<p><em>Les sanctions possibles :<\/em><\/p>\n\n\n\n<ul class=\"wp-block-list\"><li>Une p\u00e9nalit\u00e9 pour chaque mention oubli\u00e9e ou incorrecte<\/li><li>Une sanction en l\u2019absence de facture ou en pr\u00e9sence d\u2019une facturation suspecte (montants inexacts, dissimulation de factures, \u2026)<\/li><li>Ne pas verser \u00e0 l&rsquo;<strong>administration fiscale<\/strong> le montant r\u00e9ellement d\u00fb ou s\u2019en dispenser int\u00e9gralement : &nbsp;<strong>amende et risque <\/strong>d\u2019emprisonnement<\/li><li>Abuser des financements publics en obtenant l\u2019accord d\u2019une aide par falsification (ex : <a href=\"https:\/\/www.legifrance.gouv.fr\/codes\/id\/LEGISCTA000006149854\/\" target=\"_blank\" rel=\"noreferrer noopener\">\u201c <em>faux et usage de faux<\/em> \u201d<\/a>) ou autre : amende et risque d\u2019emprisonnement<\/li><\/ul>\n\n\n\n<h2 class=\"wp-block-heading\"><span class=\"underline--hover\"><strong>Comment la technologie peut aider les entreprises ?<\/strong><\/span><\/h2>\n\n\n\n<p>La technologie est un moyen de r\u00e9gulation des \u00e9changes et permet de r\u00e9soudre les probl\u00e8mes \u00e9voqu\u00e9s concernant la TVA.<\/p>\n\n\n\n<p>La donn\u00e9e \u00e9tant au centre des enjeux. Les<strong> d\u00e9clarations fiscales<\/strong> sont constamment examin\u00e9es.<\/p>\n\n\n\n<p>Pour l\u2019administration fiscale, il convient de prendre en compte les diff\u00e9rentes donn\u00e9es re\u00e7ues et d\u2019en ressortir le contexte qui permettrait de justifier la <strong>conclusion<\/strong> <strong>de l\u2019imposition<\/strong>. Pour cela, il ne faut rien rater :<\/p>\n\n\n\n<ul class=\"wp-block-list\"><li>Ampleur du patrimoine<\/li><li>Flux financiers&nbsp;&nbsp;&nbsp;&nbsp;&nbsp;&nbsp;&nbsp;&nbsp;&nbsp;&nbsp;&nbsp;&nbsp;&nbsp;&nbsp;&nbsp;&nbsp;&nbsp;&nbsp;&nbsp;&nbsp;&nbsp;&nbsp;&nbsp;&nbsp;&nbsp;&nbsp;&nbsp;&nbsp;&nbsp;&nbsp;&nbsp;&nbsp;&nbsp;&nbsp;&nbsp;&nbsp;&nbsp;&nbsp;&nbsp;&nbsp;&nbsp;&nbsp;&nbsp;&nbsp;&nbsp;&nbsp;&nbsp;&nbsp;&nbsp;&nbsp;&nbsp;&nbsp;&nbsp;&nbsp;&nbsp;&nbsp;&nbsp;&nbsp;&nbsp;&nbsp;&nbsp;&nbsp;&nbsp;&nbsp;&nbsp;&nbsp;&nbsp;&nbsp;&nbsp;&nbsp;&nbsp;&nbsp;&nbsp;&nbsp;&nbsp;&nbsp;&nbsp;&nbsp;&nbsp;&nbsp;&nbsp;&nbsp;&nbsp;&nbsp;&nbsp;&nbsp;&nbsp;&nbsp;&nbsp;&nbsp;&nbsp;&nbsp;&nbsp;&nbsp;&nbsp;&nbsp;&nbsp;&nbsp;&nbsp;<\/li><li>Passif fiscal<\/li><li>Autres indicateurs (partage de donn\u00e9es via application, d\u00e9clarations, \u2026)<\/li><\/ul>\n\n\n\n<p>En revanche, pour les entreprises, il s\u2019agit d\u2019abord \u00eatre<strong> coh\u00e9rent au regard de la loi<\/strong>, afin que la remont\u00e9e fiscale se fasse sans encombre.&nbsp;<\/p>\n\n\n\n<p>Un bon logiciel peut \u00eatre d\u2019une grande aide dans cette \u00e9tape d\u00e9terminante de la vie d\u2019une entreprise. L\u2019usage d\u2019un <a href=\"https:\/\/ipaidthat.io\/fr\/?utm_medium=blog&amp;utm_source=articles&amp;utm_campaign=mag\"><strong>outil de pr\u00e9-comptabilit\u00e9<\/strong><\/a> peut \u00e9laborer et<strong> simplifier la d\u00e9marche<\/strong> tout en garantissant sa <a href=\"https:\/\/ipaidthat.io\/fr\/securite\/\" target=\"_blank\" rel=\"noreferrer noopener\">conformit\u00e9 l\u00e9gale<\/a>.<\/p>\n\n\n\n<h2 class=\"wp-block-heading\"><span class=\"underline--hover\"><strong>L\u2019e-facturation sur iPaidThat : anticipez pour mieux g\u00e9rer <\/strong><\/span><\/h2>\n\n\n\n<p>La facturation \u00e9lectronique apporte des solutions, cependant le choix d\u2019outils adapt\u00e9s \u00e0 la transition est tout aussi crucial.&nbsp;<\/p>\n\n\n\n<p><strong>iPaidThat<\/strong> est une Plateforme de D\u00e9mat\u00e9rialisation Partenaire (<strong>PDP<\/strong>). Notre suite d\u2019outils offre un service unique de gestion comptable et financi\u00e8re pour votre entreprise<strong>.<\/strong><\/p>\n\n\n\n<p>Une solution performante et intuitive, qui cr\u00e9e de la valeur en :<\/p>\n\n\n\n<ul class=\"wp-block-list\"><li>Fluidifiant vos \u00e9changes<\/li><li>D\u00e9veloppant votre productivit\u00e9 et votre attractivit\u00e9 (gr\u00e2ce au suivi d\u00e9taill\u00e9 et au gain de temps)<\/li><li>\u00c9tant<strong> 100% compatible<\/strong> avec l\u2019e-facturation (ex : envoi et r\u00e9ception de Factur-X)<\/li><\/ul>\n\n\n\n<p>De plus, nous participons aux <strong>\u00e9tudes minist\u00e9rielles<\/strong> de facturation \u00e9lectronique afin de rendre votre transition sereine. Plus de <strong>10 000 TPE-PME et 1800<a href=\"https:\/\/ipaidthat.io\/annuaire-comptable\/?utm_medium=blog&amp;utm_source=articles&amp;utm_campaign=mag&amp;utm_term=annuaire\"> experts-comptables<\/a><\/strong> nous font d\u00e9j\u00e0 confiance.&nbsp;<\/p>\n\n\n\n<p>2026 marquera le d\u00e9but de l\u2019\u00e8re des factures d\u00e9mat\u00e9rialis\u00e9e. En ce sens, pensez \u00e0 all\u00e9ger vos charges facilement avec un outil tout-en-un qui pour vous assister.<\/p>\n\n\n\n<p>Quelques ann\u00e9es auparavant, les entreprises, et plus particuli\u00e8rement les TPE-PME, avaient besoin d\u2019une centaine de jours pour venir \u00e0 bout de leurs <strong>obligations administratives<\/strong>. Votre \u00e9volution doit s\u2019ex\u00e9cuter d\u00e8s maintenant.<\/p>\n\n\n\n<h3 class=\"has-text-align-center wp-block-heading\"><strong>L&rsquo;essayez, c&rsquo;est l&rsquo;adopter ! <\/strong><\/h3>\n\n\n\n<p class=\"has-text-align-center\"><a href=\"https:\/\/ipaidthat.io\/fr\/?utm_medium=blog&amp;utm_source=articles&amp;utm_campaign=mag\"><strong>iPaidThat assiste efficacement votre quotidien comptable<\/strong><\/a><\/p>\n\n\n\n<p class=\"has-text-align-center\"><strong>14j d\u2019essai gratuit vous sont offerts pour d\u00e9couvrir en profondeur l\u2019outil<\/strong><\/p>\n\n\n\n<figure class=\"wp-block-image size-full\"><a href=\"https:\/\/ipaidthat.io\/fr\/?utm_medium=blog&amp;utm_source=articles&amp;utm_campaign=mag\"><img decoding=\"async\" src=\"https:\/\/ipaidthat.io\/mag\/wp-content\/uploads\/2022\/03\/banniere_mag_blog_compta_8.png\" alt=\"banni\u00e8re_mag_blog_compta_8\" class=\"wp-image-9415\"\/><\/a><\/figure>\n","protected":false},"excerpt":{"rendered":"<p>Comment l\u2019obligation de facturation \u00e9lectronique sera-t-elle r\u00e9gul\u00e9e pour les entreprises ? C\u2019est la question que tout le monde se pose ces derniers temps. On vous explique tout dans cet article. La facturation \u00e9lectronique : la grande nouveaut\u00e9 Avec le projet de loi finances de 2020, le Gouvernement s\u2019est enfin positionn\u00e9. D\u2019ici 2026, la mise en [&hellip;]<\/p>\n","protected":false},"author":4,"featured_media":0,"comment_status":"open","ping_status":"open","sticky":false,"template":"","format":"standard","meta":{"footnotes":""},"categories":[5,4],"tags":[],"class_list":["post-10689","post","type-post","status-publish","format-standard","hentry","category-comptabilite","category-featured"],"yoast_head":"<!-- This site is optimized with the Yoast SEO plugin v26.6 - https:\/\/yoast.com\/wordpress\/plugins\/seo\/ -->\n<title>Savez-vous tout de la facturation \u00e9lectronique ?<\/title>\n<meta name=\"description\" content=\"La facturation \u00e9lectronique du secteur B2B est devenu in\u00e9vitable. L\u2019\u00c9tat a donc d\u00e9cider de la r\u00e9glementer\u2026 Mais comment ?\" \/>\n<meta name=\"robots\" content=\"index, follow, max-snippet:-1, max-image-preview:large, max-video-preview:-1\" \/>\n<link rel=\"canonical\" href=\"https:\/\/app.ipaidthat.io\/mag\/featured\/savez-vous-tout-de-la-facturation-electronique\/\" \/>\n<meta property=\"og:locale\" content=\"fr_FR\" \/>\n<meta property=\"og:type\" content=\"article\" \/>\n<meta property=\"og:title\" content=\"Savez-vous tout de la facturation \u00e9lectronique ?\" \/>\n<meta property=\"og:description\" content=\"La facturation \u00e9lectronique du secteur B2B est devenu in\u00e9vitable. L\u2019\u00c9tat a donc d\u00e9cider de la r\u00e9glementer\u2026 Mais comment ?\" \/>\n<meta property=\"og:url\" content=\"https:\/\/app.ipaidthat.io\/mag\/featured\/savez-vous-tout-de-la-facturation-electronique\/\" \/>\n<meta property=\"og:site_name\" content=\"iPaidThat Mag\" \/>\n<meta property=\"article:published_time\" content=\"2022-06-07T11:26:37+00:00\" \/>\n<meta property=\"og:image\" content=\"https:\/\/lh6.googleusercontent.com\/uHgCi0fxsAZIjNc4GXhaZrZAalMz-t9cDKax7qG3fR8y59Ui6AOiKV5m8A2zw1_nxx1o3Uz2Y2Qpo6TnddUfl9stF3ej8fmjFjGRH6KNB4ZZVs962UHV8bLFU25sDBLYHcnbMgC8zvJFsCc6lw\" \/>\n<meta name=\"author\" content=\"S\u00e9bastien Claeys\" \/>\n<meta name=\"twitter:card\" content=\"summary_large_image\" \/>\n<meta name=\"twitter:label1\" content=\"\u00c9crit par\" \/>\n\t<meta name=\"twitter:data1\" content=\"S\u00e9bastien Claeys\" \/>\n\t<meta name=\"twitter:label2\" content=\"Dur\u00e9e de lecture estim\u00e9e\" \/>\n\t<meta name=\"twitter:data2\" content=\"6 minutes\" \/>\n<script type=\"application\/ld+json\" class=\"yoast-schema-graph\">{\"@context\":\"https:\/\/schema.org\",\"@graph\":[{\"@type\":\"Article\",\"@id\":\"https:\/\/app.ipaidthat.io\/mag\/featured\/savez-vous-tout-de-la-facturation-electronique\/#article\",\"isPartOf\":{\"@id\":\"https:\/\/app.ipaidthat.io\/mag\/featured\/savez-vous-tout-de-la-facturation-electronique\/\"},\"author\":{\"name\":\"S\u00e9bastien Claeys\",\"@id\":\"https:\/\/app.ipaidthat.io\/mag\/#\/schema\/person\/021144662586a12df79c88913050baaa\"},\"headline\":\"Savez-vous tout de la facturation \u00e9lectronique ?\",\"datePublished\":\"2022-06-07T11:26:37+00:00\",\"mainEntityOfPage\":{\"@id\":\"https:\/\/app.ipaidthat.io\/mag\/featured\/savez-vous-tout-de-la-facturation-electronique\/\"},\"wordCount\":1373,\"commentCount\":0,\"publisher\":{\"@id\":\"https:\/\/app.ipaidthat.io\/mag\/#organization\"},\"image\":{\"@id\":\"https:\/\/app.ipaidthat.io\/mag\/featured\/savez-vous-tout-de-la-facturation-electronique\/#primaryimage\"},\"thumbnailUrl\":\"https:\/\/lh6.googleusercontent.com\/uHgCi0fxsAZIjNc4GXhaZrZAalMz-t9cDKax7qG3fR8y59Ui6AOiKV5m8A2zw1_nxx1o3Uz2Y2Qpo6TnddUfl9stF3ej8fmjFjGRH6KNB4ZZVs962UHV8bLFU25sDBLYHcnbMgC8zvJFsCc6lw\",\"articleSection\":[\"Comptabilit\u00e9\",\"Featured\"],\"inLanguage\":\"fr-FR\",\"potentialAction\":[{\"@type\":\"CommentAction\",\"name\":\"Comment\",\"target\":[\"https:\/\/app.ipaidthat.io\/mag\/featured\/savez-vous-tout-de-la-facturation-electronique\/#respond\"]}]},{\"@type\":\"WebPage\",\"@id\":\"https:\/\/app.ipaidthat.io\/mag\/featured\/savez-vous-tout-de-la-facturation-electronique\/\",\"url\":\"https:\/\/app.ipaidthat.io\/mag\/featured\/savez-vous-tout-de-la-facturation-electronique\/\",\"name\":\"Savez-vous tout de la facturation \u00e9lectronique ?\",\"isPartOf\":{\"@id\":\"https:\/\/app.ipaidthat.io\/mag\/#website\"},\"primaryImageOfPage\":{\"@id\":\"https:\/\/app.ipaidthat.io\/mag\/featured\/savez-vous-tout-de-la-facturation-electronique\/#primaryimage\"},\"image\":{\"@id\":\"https:\/\/app.ipaidthat.io\/mag\/featured\/savez-vous-tout-de-la-facturation-electronique\/#primaryimage\"},\"thumbnailUrl\":\"https:\/\/lh6.googleusercontent.com\/uHgCi0fxsAZIjNc4GXhaZrZAalMz-t9cDKax7qG3fR8y59Ui6AOiKV5m8A2zw1_nxx1o3Uz2Y2Qpo6TnddUfl9stF3ej8fmjFjGRH6KNB4ZZVs962UHV8bLFU25sDBLYHcnbMgC8zvJFsCc6lw\",\"datePublished\":\"2022-06-07T11:26:37+00:00\",\"description\":\"La facturation \u00e9lectronique du secteur B2B est devenu in\u00e9vitable. L\u2019\u00c9tat a donc d\u00e9cider de la r\u00e9glementer\u2026 Mais comment ?\",\"breadcrumb\":{\"@id\":\"https:\/\/app.ipaidthat.io\/mag\/featured\/savez-vous-tout-de-la-facturation-electronique\/#breadcrumb\"},\"inLanguage\":\"fr-FR\",\"potentialAction\":[{\"@type\":\"ReadAction\",\"target\":[\"https:\/\/app.ipaidthat.io\/mag\/featured\/savez-vous-tout-de-la-facturation-electronique\/\"]}]},{\"@type\":\"ImageObject\",\"inLanguage\":\"fr-FR\",\"@id\":\"https:\/\/app.ipaidthat.io\/mag\/featured\/savez-vous-tout-de-la-facturation-electronique\/#primaryimage\",\"url\":\"https:\/\/lh6.googleusercontent.com\/uHgCi0fxsAZIjNc4GXhaZrZAalMz-t9cDKax7qG3fR8y59Ui6AOiKV5m8A2zw1_nxx1o3Uz2Y2Qpo6TnddUfl9stF3ej8fmjFjGRH6KNB4ZZVs962UHV8bLFU25sDBLYHcnbMgC8zvJFsCc6lw\",\"contentUrl\":\"https:\/\/lh6.googleusercontent.com\/uHgCi0fxsAZIjNc4GXhaZrZAalMz-t9cDKax7qG3fR8y59Ui6AOiKV5m8A2zw1_nxx1o3Uz2Y2Qpo6TnddUfl9stF3ej8fmjFjGRH6KNB4ZZVs962UHV8bLFU25sDBLYHcnbMgC8zvJFsCc6lw\"},{\"@type\":\"BreadcrumbList\",\"@id\":\"https:\/\/app.ipaidthat.io\/mag\/featured\/savez-vous-tout-de-la-facturation-electronique\/#breadcrumb\",\"itemListElement\":[{\"@type\":\"ListItem\",\"position\":1,\"name\":\"Le Mag\",\"item\":\"https:\/\/app.ipaidthat.io\/mag\/\"},{\"@type\":\"ListItem\",\"position\":2,\"name\":\"Savez-vous tout de la facturation \u00e9lectronique ?\"}]},{\"@type\":\"WebSite\",\"@id\":\"https:\/\/app.ipaidthat.io\/mag\/#website\",\"url\":\"https:\/\/app.ipaidthat.io\/mag\/\",\"name\":\"IPaidThat Mag\",\"description\":\"Une gestion simple, automatis\u00e9e et collaborative\",\"publisher\":{\"@id\":\"https:\/\/app.ipaidthat.io\/mag\/#organization\"},\"potentialAction\":[{\"@type\":\"SearchAction\",\"target\":{\"@type\":\"EntryPoint\",\"urlTemplate\":\"https:\/\/app.ipaidthat.io\/mag\/?s={search_term_string}\"},\"query-input\":{\"@type\":\"PropertyValueSpecification\",\"valueRequired\":true,\"valueName\":\"search_term_string\"}}],\"inLanguage\":\"fr-FR\"},{\"@type\":\"Organization\",\"@id\":\"https:\/\/app.ipaidthat.io\/mag\/#organization\",\"name\":\"IPaidThat Mag\",\"url\":\"https:\/\/app.ipaidthat.io\/mag\/\",\"logo\":{\"@type\":\"ImageObject\",\"inLanguage\":\"fr-FR\",\"@id\":\"https:\/\/app.ipaidthat.io\/mag\/#\/schema\/logo\/image\/\",\"url\":\"https:\/\/app.ipaidthat.io\/mag\/wp-content\/uploads\/2025\/11\/logo-le-mag-blog-ipaidthat.png\",\"contentUrl\":\"https:\/\/app.ipaidthat.io\/mag\/wp-content\/uploads\/2025\/11\/logo-le-mag-blog-ipaidthat.png\",\"width\":1817,\"height\":524,\"caption\":\"IPaidThat Mag\"},\"image\":{\"@id\":\"https:\/\/app.ipaidthat.io\/mag\/#\/schema\/logo\/image\/\"}},{\"@type\":\"Person\",\"@id\":\"https:\/\/app.ipaidthat.io\/mag\/#\/schema\/person\/021144662586a12df79c88913050baaa\",\"name\":\"S\u00e9bastien Claeys\",\"image\":{\"@type\":\"ImageObject\",\"inLanguage\":\"fr-FR\",\"@id\":\"https:\/\/app.ipaidthat.io\/mag\/#\/schema\/person\/image\/\",\"url\":\"https:\/\/app.ipaidthat.io\/mag\/wp-content\/uploads\/2023\/02\/sebastien-clayes-ipaidthat-96x96.png\",\"contentUrl\":\"https:\/\/app.ipaidthat.io\/mag\/wp-content\/uploads\/2023\/02\/sebastien-clayes-ipaidthat-96x96.png\",\"caption\":\"S\u00e9bastien Claeys\"},\"url\":\"https:\/\/app.ipaidthat.io\/mag\/author\/sebastienipaidthat-io\/\"}]}<\/script>\n<!-- \/ Yoast SEO plugin. -->","yoast_head_json":{"title":"Savez-vous tout de la facturation \u00e9lectronique ?","description":"La facturation \u00e9lectronique du secteur B2B est devenu in\u00e9vitable. L\u2019\u00c9tat a donc d\u00e9cider de la r\u00e9glementer\u2026 Mais comment ?","robots":{"index":"index","follow":"follow","max-snippet":"max-snippet:-1","max-image-preview":"max-image-preview:large","max-video-preview":"max-video-preview:-1"},"canonical":"https:\/\/app.ipaidthat.io\/mag\/featured\/savez-vous-tout-de-la-facturation-electronique\/","og_locale":"fr_FR","og_type":"article","og_title":"Savez-vous tout de la facturation \u00e9lectronique ?","og_description":"La facturation \u00e9lectronique du secteur B2B est devenu in\u00e9vitable. L\u2019\u00c9tat a donc d\u00e9cider de la r\u00e9glementer\u2026 Mais comment ?","og_url":"https:\/\/app.ipaidthat.io\/mag\/featured\/savez-vous-tout-de-la-facturation-electronique\/","og_site_name":"iPaidThat Mag","article_published_time":"2022-06-07T11:26:37+00:00","og_image":[{"url":"https:\/\/lh6.googleusercontent.com\/uHgCi0fxsAZIjNc4GXhaZrZAalMz-t9cDKax7qG3fR8y59Ui6AOiKV5m8A2zw1_nxx1o3Uz2Y2Qpo6TnddUfl9stF3ej8fmjFjGRH6KNB4ZZVs962UHV8bLFU25sDBLYHcnbMgC8zvJFsCc6lw","type":"","width":"","height":""}],"author":"S\u00e9bastien Claeys","twitter_card":"summary_large_image","twitter_misc":{"\u00c9crit par":"S\u00e9bastien Claeys","Dur\u00e9e de lecture estim\u00e9e":"6 minutes"},"schema":{"@context":"https:\/\/schema.org","@graph":[{"@type":"Article","@id":"https:\/\/app.ipaidthat.io\/mag\/featured\/savez-vous-tout-de-la-facturation-electronique\/#article","isPartOf":{"@id":"https:\/\/app.ipaidthat.io\/mag\/featured\/savez-vous-tout-de-la-facturation-electronique\/"},"author":{"name":"S\u00e9bastien Claeys","@id":"https:\/\/app.ipaidthat.io\/mag\/#\/schema\/person\/021144662586a12df79c88913050baaa"},"headline":"Savez-vous tout de la facturation \u00e9lectronique ?","datePublished":"2022-06-07T11:26:37+00:00","mainEntityOfPage":{"@id":"https:\/\/app.ipaidthat.io\/mag\/featured\/savez-vous-tout-de-la-facturation-electronique\/"},"wordCount":1373,"commentCount":0,"publisher":{"@id":"https:\/\/app.ipaidthat.io\/mag\/#organization"},"image":{"@id":"https:\/\/app.ipaidthat.io\/mag\/featured\/savez-vous-tout-de-la-facturation-electronique\/#primaryimage"},"thumbnailUrl":"https:\/\/lh6.googleusercontent.com\/uHgCi0fxsAZIjNc4GXhaZrZAalMz-t9cDKax7qG3fR8y59Ui6AOiKV5m8A2zw1_nxx1o3Uz2Y2Qpo6TnddUfl9stF3ej8fmjFjGRH6KNB4ZZVs962UHV8bLFU25sDBLYHcnbMgC8zvJFsCc6lw","articleSection":["Comptabilit\u00e9","Featured"],"inLanguage":"fr-FR","potentialAction":[{"@type":"CommentAction","name":"Comment","target":["https:\/\/app.ipaidthat.io\/mag\/featured\/savez-vous-tout-de-la-facturation-electronique\/#respond"]}]},{"@type":"WebPage","@id":"https:\/\/app.ipaidthat.io\/mag\/featured\/savez-vous-tout-de-la-facturation-electronique\/","url":"https:\/\/app.ipaidthat.io\/mag\/featured\/savez-vous-tout-de-la-facturation-electronique\/","name":"Savez-vous tout de la facturation \u00e9lectronique ?","isPartOf":{"@id":"https:\/\/app.ipaidthat.io\/mag\/#website"},"primaryImageOfPage":{"@id":"https:\/\/app.ipaidthat.io\/mag\/featured\/savez-vous-tout-de-la-facturation-electronique\/#primaryimage"},"image":{"@id":"https:\/\/app.ipaidthat.io\/mag\/featured\/savez-vous-tout-de-la-facturation-electronique\/#primaryimage"},"thumbnailUrl":"https:\/\/lh6.googleusercontent.com\/uHgCi0fxsAZIjNc4GXhaZrZAalMz-t9cDKax7qG3fR8y59Ui6AOiKV5m8A2zw1_nxx1o3Uz2Y2Qpo6TnddUfl9stF3ej8fmjFjGRH6KNB4ZZVs962UHV8bLFU25sDBLYHcnbMgC8zvJFsCc6lw","datePublished":"2022-06-07T11:26:37+00:00","description":"La facturation \u00e9lectronique du secteur B2B est devenu in\u00e9vitable. L\u2019\u00c9tat a donc d\u00e9cider de la r\u00e9glementer\u2026 Mais comment ?","breadcrumb":{"@id":"https:\/\/app.ipaidthat.io\/mag\/featured\/savez-vous-tout-de-la-facturation-electronique\/#breadcrumb"},"inLanguage":"fr-FR","potentialAction":[{"@type":"ReadAction","target":["https:\/\/app.ipaidthat.io\/mag\/featured\/savez-vous-tout-de-la-facturation-electronique\/"]}]},{"@type":"ImageObject","inLanguage":"fr-FR","@id":"https:\/\/app.ipaidthat.io\/mag\/featured\/savez-vous-tout-de-la-facturation-electronique\/#primaryimage","url":"https:\/\/lh6.googleusercontent.com\/uHgCi0fxsAZIjNc4GXhaZrZAalMz-t9cDKax7qG3fR8y59Ui6AOiKV5m8A2zw1_nxx1o3Uz2Y2Qpo6TnddUfl9stF3ej8fmjFjGRH6KNB4ZZVs962UHV8bLFU25sDBLYHcnbMgC8zvJFsCc6lw","contentUrl":"https:\/\/lh6.googleusercontent.com\/uHgCi0fxsAZIjNc4GXhaZrZAalMz-t9cDKax7qG3fR8y59Ui6AOiKV5m8A2zw1_nxx1o3Uz2Y2Qpo6TnddUfl9stF3ej8fmjFjGRH6KNB4ZZVs962UHV8bLFU25sDBLYHcnbMgC8zvJFsCc6lw"},{"@type":"BreadcrumbList","@id":"https:\/\/app.ipaidthat.io\/mag\/featured\/savez-vous-tout-de-la-facturation-electronique\/#breadcrumb","itemListElement":[{"@type":"ListItem","position":1,"name":"Le Mag","item":"https:\/\/app.ipaidthat.io\/mag\/"},{"@type":"ListItem","position":2,"name":"Savez-vous tout de la facturation \u00e9lectronique ?"}]},{"@type":"WebSite","@id":"https:\/\/app.ipaidthat.io\/mag\/#website","url":"https:\/\/app.ipaidthat.io\/mag\/","name":"IPaidThat Mag","description":"Une gestion simple, automatis\u00e9e et collaborative","publisher":{"@id":"https:\/\/app.ipaidthat.io\/mag\/#organization"},"potentialAction":[{"@type":"SearchAction","target":{"@type":"EntryPoint","urlTemplate":"https:\/\/app.ipaidthat.io\/mag\/?s={search_term_string}"},"query-input":{"@type":"PropertyValueSpecification","valueRequired":true,"valueName":"search_term_string"}}],"inLanguage":"fr-FR"},{"@type":"Organization","@id":"https:\/\/app.ipaidthat.io\/mag\/#organization","name":"IPaidThat Mag","url":"https:\/\/app.ipaidthat.io\/mag\/","logo":{"@type":"ImageObject","inLanguage":"fr-FR","@id":"https:\/\/app.ipaidthat.io\/mag\/#\/schema\/logo\/image\/","url":"https:\/\/app.ipaidthat.io\/mag\/wp-content\/uploads\/2025\/11\/logo-le-mag-blog-ipaidthat.png","contentUrl":"https:\/\/app.ipaidthat.io\/mag\/wp-content\/uploads\/2025\/11\/logo-le-mag-blog-ipaidthat.png","width":1817,"height":524,"caption":"IPaidThat Mag"},"image":{"@id":"https:\/\/app.ipaidthat.io\/mag\/#\/schema\/logo\/image\/"}},{"@type":"Person","@id":"https:\/\/app.ipaidthat.io\/mag\/#\/schema\/person\/021144662586a12df79c88913050baaa","name":"S\u00e9bastien Claeys","image":{"@type":"ImageObject","inLanguage":"fr-FR","@id":"https:\/\/app.ipaidthat.io\/mag\/#\/schema\/person\/image\/","url":"https:\/\/app.ipaidthat.io\/mag\/wp-content\/uploads\/2023\/02\/sebastien-clayes-ipaidthat-96x96.png","contentUrl":"https:\/\/app.ipaidthat.io\/mag\/wp-content\/uploads\/2023\/02\/sebastien-clayes-ipaidthat-96x96.png","caption":"S\u00e9bastien Claeys"},"url":"https:\/\/app.ipaidthat.io\/mag\/author\/sebastienipaidthat-io\/"}]}},"_links":{"self":[{"href":"https:\/\/app.ipaidthat.io\/mag\/wp-json\/wp\/v2\/posts\/10689","targetHints":{"allow":["GET"]}}],"collection":[{"href":"https:\/\/app.ipaidthat.io\/mag\/wp-json\/wp\/v2\/posts"}],"about":[{"href":"https:\/\/app.ipaidthat.io\/mag\/wp-json\/wp\/v2\/types\/post"}],"author":[{"embeddable":true,"href":"https:\/\/app.ipaidthat.io\/mag\/wp-json\/wp\/v2\/users\/4"}],"replies":[{"embeddable":true,"href":"https:\/\/app.ipaidthat.io\/mag\/wp-json\/wp\/v2\/comments?post=10689"}],"version-history":[{"count":0,"href":"https:\/\/app.ipaidthat.io\/mag\/wp-json\/wp\/v2\/posts\/10689\/revisions"}],"wp:attachment":[{"href":"https:\/\/app.ipaidthat.io\/mag\/wp-json\/wp\/v2\/media?parent=10689"}],"wp:term":[{"taxonomy":"category","embeddable":true,"href":"https:\/\/app.ipaidthat.io\/mag\/wp-json\/wp\/v2\/categories?post=10689"},{"taxonomy":"post_tag","embeddable":true,"href":"https:\/\/app.ipaidthat.io\/mag\/wp-json\/wp\/v2\/tags?post=10689"}],"curies":[{"name":"wp","href":"https:\/\/api.w.org\/{rel}","templated":true}]}}